{"id":140632,"date":"2022-06-19T14:18:02","date_gmt":"2022-06-19T12:18:02","guid":{"rendered":"https:\/\/gazdasagportal.hu\/?p=140632"},"modified":"2022-06-19T11:19:05","modified_gmt":"2022-06-19T09:19:05","slug":"mkb-tobbet-koltenek-iden-nyaralasra-a-magyarok-mint-a-jarvany-elott","status":"publish","type":"post","link":"https:\/\/gazdasagportal.hu\/index.php\/mkb-tobbet-koltenek-iden-nyaralasra-a-magyarok-mint-a-jarvany-elott\/","title":{"rendered":"MKB: t\u00f6bbet k\u00f6ltenek id\u00e9n nyaral\u00e1sra a magyarok, mint a j\u00e1rv\u00e1ny el\u0151tt"},"content":{"rendered":"<p><strong>Id\u00e9n 130 ezer forinttal t\u00f6bbet sz\u00e1n nyaral\u00e1sra a magyar lakoss\u00e1g a j\u00e1rv\u00e1ny el\u0151tti id\u0151szakhoz k\u00e9pest &#8211; der\u00fclt ki az MKB Bank legfrissebb, MTI-nek k\u00fcld\u00f6tt felm\u00e9r\u00e9s\u00e9b\u0151l.<\/strong><!--more--><\/p>\n<div class=\"ads-in-post2\"><script async src=\"https:\/\/pagead2.googlesyndication.com\/pagead\/js\/adsbygoogle.js\"><\/script>\r\n<ins class=\"adsbygoogle\"\r\n     style=\"display:block\"\r\n     data-ad-format=\"fluid\"\r\n     data-ad-layout-key=\"-6t+ed+2i-1n-4w\"\r\n     data-ad-client=\"ca-pub-1959107119989764\"\r\n     data-ad-slot=\"4008251320\"><\/ins>\r\n<script>\r\n     (adsbygoogle = window.adsbygoogle || []).push({});\r\n<\/script><\/div>\n<p>    A legut\u00f3bbi, 2019-es kutat\u00e1s eredm\u00e9nyeivel \u00f6sszevetve jelent\u0151sen n\u0151tt azok ar\u00e1nya, akik vak\u00e1ci\u00f3zni mennek, \u00e9s szembet\u0171n\u0151 az is, hogy egyre t\u00f6bben k\u00f6ltenek 200 ezer forint feletti \u00f6sszeget \u00fcd\u00fcl\u00e9s\u00fck sor\u00e1n.<br \/>\n    A jelent\u0151sen megn\u0151tt utaz\u00e1si kedv mellett az elk\u00f6lt\u00f6tt \u00f6sszeg is kiugr\u00f3 emelked\u00e9st mutat: 169 ezer forintr\u00f3l 301 000 forintra n\u0151tt a nyaral\u00e1sra sz\u00e1nt \u00e1tlagos \u00f6sszeg, mindemellett  a 2019-eshez k\u00e9pest 11 sz\u00e1zal\u00e9kponttal (17 sz\u00e1zal\u00e9kr\u00f3l 6 sz\u00e1zal\u00e9kra) cs\u00f6kkent azok ar\u00e1nya, akik 50 \u00e9s 100 ezer forint k\u00f6z\u00f6tti \u00f6sszeggel sz\u00e1molnak az utaz\u00e1sra, \u00e9s 17 sz\u00e1zal\u00e9kponttal n\u0151tt (38 sz\u00e1zal\u00e9kr\u00f3l 55 sz\u00e1zal\u00e9kra) azok\u00e9, akik t\u00f6bbet terveznek k\u00f6lteni 200 ezer forintn\u00e1l.<br \/>\n    A megk\u00e9rdezettek legnagyobb r\u00e9sze f\u00e9lretett j\u00f6vedelm\u00e9b\u0151l fedezi a nyaral\u00e1s k\u00f6lts\u00e9geit, a k\u00fclf\u00f6ldre utaz\u00f3k 95 sz\u00e1zal\u00e9ka bankk\u00e1rty\u00e1val tervez fizetni, a megk\u00e9rdezettek k\u00f6r\u00e9ben a finansz\u00edroz\u00e1si megold\u00e1sok k\u00f6z\u00fcl a hitelk\u00e1rtya a legn\u00e9pszer\u0171bb.<br \/>\n    A megk\u00e9rdezettek 78 sz\u00e1zal\u00e9ka nyaral valamilyen form\u00e1ban az \u00e9v sor\u00e1n, ez jelent\u0151s n\u00f6veked\u00e9s a kor\u00e1bbi 2019-es 64 sz\u00e1zal\u00e9khoz k\u00e9pest.<br \/>\n    A legn\u00e9pszer\u0171bb h\u00f3nap a nyaral\u00e1sra tov\u00e1bbra is az augusztus, \u00e9s a kutat\u00e1sban r\u00e9szt vev\u0151k fele kiz\u00e1r\u00f3lag belf\u00f6ld\u00f6n keresi a kikapcsol\u00f3d\u00e1st, m\u00edg 15 sz\u00e1zal\u00e9kuk csak k\u00fclf\u00f6ldi opci\u00f3kat vesz figyelembe. 2019-hez k\u00e9pest 4 sz\u00e1zal\u00e9kponttal n\u00f6vekedett azok ar\u00e1nya, akik a tengerpartot v\u00e1lasztj\u00e1k pihen\u00e9sre.<br \/>\n    Legt\u00f6bben legfeljebb \u00f6tnapos nyaral\u00e1st terveznek, de az emberek t\u00f6bb mint harmada 6-10 napos, illetve k\u00f6zel negyede 10 napn\u00e1l tov\u00e1bb tart\u00f3 \u00fcd\u00fcl\u00e9ssel sz\u00e1mol.<br \/>\n    A megk\u00e9rdezettek nagy t\u00f6bbs\u00e9ge, 82 sz\u00e1zal\u00e9ka sp\u00f3rolt p\u00e9nzb\u0151l finansz\u00edrozza az utaz\u00e1sait a kutat\u00e1s szerint. N\u0151tt a SZ\u00c9P-k\u00e1rty\u00e1t haszn\u00e1l\u00f3k ar\u00e1nya: 2019-ben az emberek 22 sz\u00e1zal\u00e9ka, 2022-ben 26 sz\u00e1zal\u00e9ka haszn\u00e1lja SZ\u00c9P-k\u00e1rty\u00e1j\u00e1t a nyaral\u00e1s sor\u00e1n.<br \/>\n<div class=\"ads-in-post2\"><script async src=\"https:\/\/pagead2.googlesyndication.com\/pagead\/js\/adsbygoogle.js\"><\/script>\r\n<ins class=\"adsbygoogle\"\r\n     style=\"display:block\"\r\n     data-ad-format=\"fluid\"\r\n     data-ad-layout-key=\"-6t+ed+2i-1n-4w\"\r\n     data-ad-client=\"ca-pub-1959107119989764\"\r\n     data-ad-slot=\"4008251320\"><\/ins>\r\n<script>\r\n     (adsbygoogle = window.adsbygoogle || []).push({});\r\n<\/script><\/div>\n    A mobiltelefonos fizet\u00e9s n\u00e9pszer\u0171v\u00e9 v\u00e1l\u00e1sa &#8211; legf\u0151k\u00e9pp a fiatalok k\u00f6r\u00e9ben &#8211; szembet\u0171n\u0151: az emberek harmada rendszeresen haszn\u00e1lja a mindennapokban a mobiltelefonos fizet\u00e9s lehet\u0151s\u00e9g\u00e9t, k\u00f6z\u00fcl\u00fck pedig csak 18 sz\u00e1zal\u00e9k nyilatkozott \u00fagy, hogy nyaral\u00e1s sor\u00e1n nem \u00e9l ezzel a lehet\u0151s\u00e9ggel. Az okos\u00f3r\u00e1s fizet\u00e9s egyel\u0151re kev\u00e9sb\u00e9 elterjedt, a v\u00e1laszad\u00f3k 11 sz\u00e1zal\u00e9ka alkalmazza.<br \/>\n    A megk\u00e9rdezettek 71 sz\u00e1zal\u00e9ka k\u00f6lt\u00f6tt m\u00e1r az el\u0151re tervezettn\u00e9l nagyobb \u00f6sszeget a nyaral\u00e1s sor\u00e1n, amit a legt\u00f6bben saj\u00e1t tartal\u00e9kokb\u00f3l fedeznek. A megk\u00e9rdezettek 23 sz\u00e1zal\u00e9ka haszn\u00e1l ilyen esetekben bet\u00e9ti k\u00e1rty\u00e1t, 13 sz\u00e1zal\u00e9ka hitelk\u00e1rty\u00e1t, 2 sz\u00e1zal\u00e9ka pedig egy\u00e9b forr\u00e1sokb\u00f3l fedezi a t\u00falk\u00f6lt\u00e9seket.<br \/>\n    Az MKB Bank a Takar\u00e9kbankkal egy\u00fctt a Magyar Bankholding Csoport tagja.(MTI)<\/p>\n","protected":false},"excerpt":{"rendered":"<p>Id\u00e9n 130 ezer forinttal t\u00f6bbet sz\u00e1n nyaral\u00e1sra a magyar lakoss\u00e1g a j\u00e1rv\u00e1ny el\u0151tti id\u0151szakhoz k\u00e9pest &#8211; der\u00fclt ki az MKB Bank legfrissebb, MTI-nek k\u00fcld\u00f6tt felm\u00e9r\u00e9s\u00e9b\u0151l.<\/p>\n","protected":false},"author":1001007,"featured_media":0,"comment_status":"open","ping_status":"open","sticky":false,"template":"","format":"standard","meta":[],"categories":[19],"tags":[],"_links":{"self":[{"href":"https:\/\/gazdasagportal.hu\/index.php\/wp-json\/wp\/v2\/posts\/140632"}],"collection":[{"href":"https:\/\/gazdasagportal.hu\/index.php\/wp-json\/wp\/v2\/posts"}],"about":[{"href":"https:\/\/gazdasagportal.hu\/index.php\/wp-json\/wp\/v2\/types\/post"}],"author":[{"embeddable":true,"href":"https:\/\/gazdasagportal.hu\/index.php\/wp-json\/wp\/v2\/users\/1001007"}],"replies":[{"embeddable":true,"href":"https:\/\/gazdasagportal.hu\/index.php\/wp-json\/wp\/v2\/comments?post=140632"}],"version-history":[{"count":1,"href":"https:\/\/gazdasagportal.hu\/index.php\/wp-json\/wp\/v2\/posts\/140632\/revisions"}],"predecessor-version":[{"id":140633,"href":"https:\/\/gazdasagportal.hu\/index.php\/wp-json\/wp\/v2\/posts\/140632\/revisions\/140633"}],"wp:attachment":[{"href":"https:\/\/gazdasagportal.hu\/index.php\/wp-json\/wp\/v2\/media?parent=140632"}],"wp:term":[{"taxonomy":"category","embeddable":true,"href":"https:\/\/gazdasagportal.hu\/index.php\/wp-json\/wp\/v2\/categories?post=140632"},{"taxonomy":"post_tag","embeddable":true,"href":"https:\/\/gazdasagportal.hu\/index.php\/wp-json\/wp\/v2\/tags?post=140632"}],"curies":[{"name":"wp","href":"https:\/\/api.w.org\/{rel}","templated":true}]}}