{"id":140489,"date":"2022-06-03T11:26:16","date_gmt":"2022-06-03T09:26:16","guid":{"rendered":"https:\/\/gazdasagportal.hu\/?p=140489"},"modified":"2022-06-03T11:26:16","modified_gmt":"2022-06-03T09:26:16","slug":"soha-nem-ert-meg-ennyit-a-diakigazolvany","status":"publish","type":"post","link":"https:\/\/gazdasagportal.hu\/index.php\/soha-nem-ert-meg-ennyit-a-diakigazolvany\/","title":{"rendered":"Soha nem \u00e9rt m\u00e9g ennyit a di\u00e1kigazolv\u00e1ny"},"content":{"rendered":"<p><strong>A Z gener\u00e1ci\u00f3 tagjai nyitottak a tudatos fogyaszt\u00e1sra: a v\u00e1s\u00e1rl\u00e1saik sor\u00e1n rendszerint figyelik \u00e9s \u00e9rt\u00e9kelik a kedvezm\u00e9nyeket. Egy j\u00f3 aj\u00e1nlat azonban sz\u00e1mukra m\u00e1r nem el\u00e9g! Azok a m\u00e1rk\u00e1k \u00e9rnek el legink\u00e1bb hozz\u00e1juk, amelyek szem\u00e9lyre szabott, k\u00fcl\u00f6nleges, online <\/strong><strong>aj\u00e1nlatokkal rukkolnak el\u0151. Ezekre a megv\u00e1ltozott ig\u00e9nyekre reag\u00e1l a d\u00edjnyertes, a Start it @K&amp;H inkub\u00e1torprogramban fejl\u0151d\u00f6tt Diverzum innov\u00e1ci\u00f3ja, amely haz\u00e1nkban egyed\u00fcl\u00e1ll\u00f3 m\u00f3don k\u00f6ti \u00f6ssze a fiatalokat a m\u00e1rk\u00e1kkal. K\u00f6zben pedig nemcsak a m\u00e1rkah\u0171s\u00e9g\u00fcket er\u0151s\u00edti, hanem ahhoz is tippeket ad a TikTok-on, hogy m\u00e9g felel\u0151sebb v\u00e1s\u00e1rl\u00f3kk\u00e1 v\u00e1lhassanak. <\/strong><!--more--><\/p>\n<div class=\"ads-in-post2\"><script async src=\"https:\/\/pagead2.googlesyndication.com\/pagead\/js\/adsbygoogle.js\"><\/script>\r\n<ins class=\"adsbygoogle\"\r\n     style=\"display:block\"\r\n     data-ad-format=\"fluid\"\r\n     data-ad-layout-key=\"-6t+ed+2i-1n-4w\"\r\n     data-ad-client=\"ca-pub-1959107119989764\"\r\n     data-ad-slot=\"4008251320\"><\/ins>\r\n<script>\r\n     (adsbygoogle = window.adsbygoogle || []).push({});\r\n<\/script><\/div>\n<p><strong>\u00a0<\/strong><\/p>\n<p>Az eMarketer 2021 m\u00e1jus\u00e1ban k\u00f6zz\u00e9tett kutat\u00e1sa alapj\u00e1n a Z gener\u00e1ci\u00f3 sokkal nyitottabb a fogyaszt\u00f3i \u00e9s p\u00e9nz\u00fcgyi tudatoss\u00e1gra, mint a t\u00f6bbi gener\u00e1ci\u00f3 k\u00e9pvisel\u0151i. Ezek a fiatalok, az els\u0151 v\u00e1s\u00e1rl\u00e1st k\u00f6vet\u0151en azokhoz a m\u00e1rk\u00e1khoz v\u00e1lnak legink\u00e1bb h\u0171s\u00e9gess\u00e9, amelyek valamilyen extra szolg\u00e1ltat\u00e1ssal rukkolnak el\u0151, p\u00e9ld\u00e1ul szem\u00e9lyre sz\u00f3l\u00f3 aj\u00e1nlatokkal \u00e9s kedvezm\u00e9nyekkel. Ezekre a megv\u00e1ltozott fogyaszt\u00f3i ig\u00e9nyekre reag\u00e1l a <strong>Start it @K&amp;H inkub\u00e1torprogramban<\/strong> fejl\u0151d\u00f6tt <a href=\"https:\/\/diverzum.hu\/\" target=\"_blank\" rel=\"noopener\"><strong>Diverzum<\/strong><\/a>. Az egyik rangos hazai startup versenyen, az \u00f6tlet f\u00e1zis\u00fa indul\u00f3k k\u00f6z\u00f6tt nemr\u00e9g els\u0151 helyez\u00e9st el\u00e9r\u0151 csapat egy olyan Magyarorsz\u00e1gon hi\u00e1nyp\u00f3tl\u00f3 innov\u00e1ci\u00f3t ind\u00edtott el, ami \u00f6sszek\u00f6ti a Z gener\u00e1ci\u00f3 di\u00e1kjait az \u00e1ltaluk kedvelt m\u00e1rk\u00e1kkal, m\u00e9ghozz\u00e1 di\u00e1kkedvezm\u00e9nnyel. A felhaszn\u00e1l\u00f3k szem\u00e9lyre szabott, p\u00e9nzt\u00e1rcak\u00edm\u00e9l\u0151, sehol m\u00e1shol nem el\u00e9rhet\u0151 aj\u00e1nlatokat \u00e9s kedvezm\u00e9nyeket kapnak, amelyek a m\u00e1rkah\u0171s\u00e9g\u00fcket is er\u0151s\u00edthetik egy-egy brand ir\u00e1ny\u00e1ba. A csapat emellett a fenntarthat\u00f3s\u00e1g ir\u00e1nt is elk\u00f6telezett: a legnagyobb c\u00e9gek mellett a fenntarthat\u00f3, hazai m\u00e1rk\u00e1kat is igyekeznek megmutatni \u00e9s el\u00e9rhet\u0151v\u00e9 tenni a fiatalok sz\u00e1m\u00e1ra.<\/p>\n<p>&nbsp;<\/p><div id=\"gazda-1556091111\" class=\"gazda-tartalomban gazda-entity-placement\"><script async src=\"https:\/\/pagead2.googlesyndication.com\/pagead\/js\/adsbygoogle.js\"><\/script>\r\n<ins class=\"adsbygoogle\"\r\n     style=\"display:block\"\r\n     data-ad-format=\"fluid\"\r\n     data-ad-layout-key=\"-6t+ed+2i-1n-4w\"\r\n     data-ad-client=\"ca-pub-1959107119989764\"\r\n     data-ad-slot=\"4008251320\"><\/ins>\r\n<script>\r\n     (adsbygoogle = window.adsbygoogle || []).push({});\r\n<\/script><\/div>\n<p><strong>TikTok-on h\u00edvj\u00e1k fel a figyelmet a tudatoss\u00e1gra<\/strong><\/p>\n<p>A GrowwDigital 2021-es adatai alapj\u00e1n a magyarorsz\u00e1gi TikTok-felhaszn\u00e1l\u00f3k 47 sz\u00e1zal\u00e9ka a 18-24 \u00e9ves koroszt\u00e1lyba tartozik, de a fel\u00fclet n\u00e9pszer\u0171 a 25-34 \u00e9vesek k\u00f6r\u00e9ben is (26 sz\u00e1zal\u00e9k). A Diverzum csapata k\u00fcldet\u00e9s\u00e9nek tekinti, hogy ezeket a fiatalokat seg\u00edtse a m\u00e9g tudatosabb v\u00e1s\u00e1rl\u00f3i d\u00f6nt\u00e9sek meghozatal\u00e1ban, ez\u00e9rt saj\u00e1t gy\u00e1rt\u00e1s\u00fa vide\u00f3kat osztanak meg, amelyekkel k\u00f6r\u00fcltekint\u0151bb fogyaszt\u00f3i magatart\u00e1sra \u00f6szt\u00f6nzik \u0151ket. T\u00f6bbek k\u00f6z\u00f6tt az al\u00e1bbi tippekkel:<\/p>\n<div class=\"ads-in-post2\"><script async src=\"https:\/\/pagead2.googlesyndication.com\/pagead\/js\/adsbygoogle.js\"><\/script>\r\n<ins class=\"adsbygoogle\"\r\n     style=\"display:block\"\r\n     data-ad-format=\"fluid\"\r\n     data-ad-layout-key=\"-6t+ed+2i-1n-4w\"\r\n     data-ad-client=\"ca-pub-1959107119989764\"\r\n     data-ad-slot=\"4008251320\"><\/ins>\r\n<script>\r\n     (adsbygoogle = window.adsbygoogle || []).push({});\r\n<\/script><\/div>\n&nbsp;<\/p>\n<ul>\n<li><strong>ne d\u0151lj be a cs\u00e1b\u00edt\u00e1snak! <\/strong><\/li>\n<\/ul>\n<p>Akci\u00f3k, limit\u00e1lt kiad\u00e1s\u00fa \u00e9s \u00e9pp elfogy\u00f3ban l\u00e9v\u0151 term\u00e9kek l\u00e1tt\u00e1n hajlamosak vagyunk olyan dolgokat is megv\u00e1s\u00e1rolni, amelyekre nincs sz\u00fcks\u00e9g\u00fcnk. Miel\u0151tt b\u00e1rmit megvenn\u00e9nk, alaposan gondoljuk \u00e1t, hogy t\u00e9nyleg haszn\u00e1lni fogjuk-e az adott term\u00e9ket, vagy csak az\u00e9rt vonz\u00f3 sz\u00e1munkra, mert \u00e9ppen f\u00e9l\u00e1ron kaphat\u00f3, limit\u00e1lt kiad\u00e1s\u00fa, esetleg azt pr\u00f3b\u00e1lj\u00e1k elhitetni vel\u00fcnk, hogy mi\u00e9nk lehet bel\u0151le a legutols\u00f3 darab.<\/p>\n<p>&nbsp;<\/p>\n<ul>\n<li><strong>gondold \u00e1t, biztosan a min\u0151s\u00e9g miatt vagy-e m\u00e1rkah\u0171<\/strong><\/li>\n<\/ul>\n<p>Az \u00fagynevezett meger\u0151s\u00edt\u0151 torz\u00edt\u00e1s v\u00e1s\u00e1rl\u00e1skor is m\u0171k\u00f6dik: azaz csak azokat a t\u00e9nyez\u0151ket vessz\u00fck figyelembe, amelyeket meggy\u0151znek abban, hogy a kedvenc m\u00e1rk\u00e1nk term\u00e9kei a legjobbak. \u00cdgy hajlamosak vagyunk figyelmen k\u00edv\u00fcl hagyni, hogy az onnan v\u00e1s\u00e1rolt \u00e1rucikkek n\u00e9h\u00e1ny visel\u00e9s ut\u00e1n esetleg kikopnak vagy kiszakadnak. V\u00e1s\u00e1rl\u00e1s el\u0151tt ez\u00e9rt \u00e9rdemes feltenni a k\u00e9rd\u00e9st: t\u00e9nyleg bev\u00e1lt az adott m\u00e1rka, vagy csak megszok\u00e1sb\u00f3l v\u00e1s\u00e1rolsz \u00fajra \u00e9s \u00fajra ugyanonnan?<\/p>\n<p>A Diverzumnak a j\u00f6v\u0151re vonatkoz\u00f3an is ambici\u00f3zus tervei vannak. \u201eA c\u00e9ljaink list\u00e1j\u00e1n szerepel, hogy tov\u00e1bbi fenntarthat\u00f3 \u00e9s kedvelt m\u00e1rk\u00e1kat tegy\u00fcnk el\u00e9rhet\u0151v\u00e9. A t\u0151kebevon\u00e1st k\u00f6vet\u0151en pedig egy k\u00fclf\u00f6ldi pilot projektet szeretn\u00e9nk elind\u00edtani \u00e9s a csapatb\u0151v\u00edt\u00e9ssel, valamint egy okostelefonos applik\u00e1ci\u00f3 l\u00e9trehoz\u00e1s\u00e1val is tervez\u00fcnk\u201d \u2013 fogalmazott <strong>L\u00e1szl\u00f3 Mikl\u00f3s, a Diverzum t\u00e1rsalap\u00edt\u00f3ja.<\/strong><\/p>\n<p>&nbsp;<\/p>\n<p><strong>A K&amp;H Csoport<\/strong><\/p>\n<p>Az orsz\u00e1g egyik vezet\u0151 \u00e9s orsz\u00e1gosan k\u00f6zel 3.700 munkat\u00e1rsat foglalkoztat\u00f3 p\u00e9nzint\u00e9zetek\u00e9nt a K&amp;H c\u00e9lja, hogy \u00fcgyfelei ig\u00e9nyeit mindenkor magas szinten el\u00e9g\u00edtse ki, \u00e9s a lehet\u0151 legteljesebb term\u00e9kpalett\u00e1t ny\u00fajtsa sz\u00e1mukra. A K&amp;H orsz\u00e1gszerte 198 lakoss\u00e1gi \u00fcgyf\u00e9lpontot m\u0171k\u00f6dtet, \u00e9s csoportszinten mintegy 1,5 milli\u00f3 \u00fcgyf\u00e9lnek k\u00edn\u00e1l p\u00e9nz\u00fcgyi szolg\u00e1ltat\u00e1sokat. A magyar gazdas\u00e1g m\u0171k\u00f6d\u00e9s\u00e9t t\u00f6bb, mint 2.700 milli\u00e1rd forintnyi kihelyezett hitel- \u00e9s hiteljelleg\u0171 \u00e1llom\u00e1nnyal seg\u00edti h\u00e1ztart\u00e1sok, kisv\u00e1llalkoz\u00e1sok, v\u00e1llalatok \u00e9s \u00f6nkorm\u00e1nyzatok finansz\u00edroz\u00e1s\u00e1n kereszt\u00fcl.<\/p>\n","protected":false},"excerpt":{"rendered":"<p>A Z gener\u00e1ci\u00f3 tagjai nyitottak a tudatos fogyaszt\u00e1sra: a v\u00e1s\u00e1rl\u00e1saik sor\u00e1n rendszerint figyelik \u00e9s \u00e9rt\u00e9kelik a kedvezm\u00e9nyeket. Egy j\u00f3 aj\u00e1nlat azonban sz\u00e1mukra m\u00e1r nem el\u00e9g! Azok a m\u00e1rk\u00e1k \u00e9rnek el legink\u00e1bb hozz\u00e1juk, amelyek szem\u00e9lyre szabott, k\u00fcl\u00f6nleges, online aj\u00e1nlatokkal rukkolnak el\u0151. Ezekre a megv\u00e1ltozott ig\u00e9nyekre reag\u00e1l a d\u00edjnyertes, a Start it @K&amp;H inkub\u00e1torprogramban fejl\u0151d\u00f6tt Diverzum innov\u00e1ci\u00f3ja, &#8230;<\/p>\n","protected":false},"author":1001006,"featured_media":0,"comment_status":"open","ping_status":"open","sticky":false,"template":"","format":"standard","meta":[],"categories":[19],"tags":[],"_links":{"self":[{"href":"https:\/\/gazdasagportal.hu\/index.php\/wp-json\/wp\/v2\/posts\/140489"}],"collection":[{"href":"https:\/\/gazdasagportal.hu\/index.php\/wp-json\/wp\/v2\/posts"}],"about":[{"href":"https:\/\/gazdasagportal.hu\/index.php\/wp-json\/wp\/v2\/types\/post"}],"author":[{"embeddable":true,"href":"https:\/\/gazdasagportal.hu\/index.php\/wp-json\/wp\/v2\/users\/1001006"}],"replies":[{"embeddable":true,"href":"https:\/\/gazdasagportal.hu\/index.php\/wp-json\/wp\/v2\/comments?post=140489"}],"version-history":[{"count":1,"href":"https:\/\/gazdasagportal.hu\/index.php\/wp-json\/wp\/v2\/posts\/140489\/revisions"}],"predecessor-version":[{"id":140490,"href":"https:\/\/gazdasagportal.hu\/index.php\/wp-json\/wp\/v2\/posts\/140489\/revisions\/140490"}],"wp:attachment":[{"href":"https:\/\/gazdasagportal.hu\/index.php\/wp-json\/wp\/v2\/media?parent=140489"}],"wp:term":[{"taxonomy":"category","embeddable":true,"href":"https:\/\/gazdasagportal.hu\/index.php\/wp-json\/wp\/v2\/categories?post=140489"},{"taxonomy":"post_tag","embeddable":true,"href":"https:\/\/gazdasagportal.hu\/index.php\/wp-json\/wp\/v2\/tags?post=140489"}],"curies":[{"name":"wp","href":"https:\/\/api.w.org\/{rel}","templated":true}]}}