{"id":140421,"date":"2022-05-29T09:39:06","date_gmt":"2022-05-29T07:39:06","guid":{"rendered":"https:\/\/gazdasagportal.hu\/?p=140421"},"modified":"2022-05-29T09:39:06","modified_gmt":"2022-05-29T07:39:06","slug":"varhatoan-kevesebb-dinnye-terem-iden","status":"publish","type":"post","link":"https:\/\/gazdasagportal.hu\/index.php\/varhatoan-kevesebb-dinnye-terem-iden\/","title":{"rendered":"V\u00e1rhat\u00f3an kevesebb dinnye terem id\u00e9n"},"content":{"rendered":"<p><strong>V\u00e1rhat\u00f3an kevesebb dinnye terem id\u00e9n, de a belf\u00f6ldi fogyaszt\u00e1st ki tudj\u00e1k el\u00e9g\u00edteni a termel\u0151k &#8211; k\u00f6z\u00f6lte az MTI-vel a Magyar Dinnyetermel\u0151k Egyes\u00fclete.<\/strong><!--more--><\/p>\n<div class=\"ads-in-post2\"><script async src=\"https:\/\/pagead2.googlesyndication.com\/pagead\/js\/adsbygoogle.js\"><\/script>\r\n<ins class=\"adsbygoogle\"\r\n     style=\"display:block\"\r\n     data-ad-format=\"fluid\"\r\n     data-ad-layout-key=\"-6t+ed+2i-1n-4w\"\r\n     data-ad-client=\"ca-pub-1959107119989764\"\r\n     data-ad-slot=\"4008251320\"><\/ins>\r\n<script>\r\n     (adsbygoogle = window.adsbygoogle || []).push({});\r\n<\/script><\/div>\n<p>    Az \u00fcltet\u00e9s m\u00e9g nem \u00e9rt v\u00e9get, de becsl\u00e9sek szerint 20-30 sz\u00e1zal\u00e9kkal zsugorodhatott a term\u0151ter\u00fclet. A keresked\u0151knek ez\u00e9rt azt javasolj\u00e1k, hogy kezdj\u00e9k el idej\u00e9ben az egyeztet\u00e9seket a z\u00f6kken\u0151mentes \u00e1ruell\u00e1t\u00e1s \u00e9rdek\u00e9ben. Az \u00e1rakr\u00f3l nem k\u00f6z\u00f6ltek pontosabb becsl\u00e9st, de azt m\u00e1r most tudni, hogy a termel\u00e9si k\u00f6lts\u00e9gek jelent\u0151s emelked\u00e9se 30 sz\u00e1zal\u00e9kn\u00e1l nagyobb \u00e1remel\u00e9st is indokolhat. Az egyes\u00fclet abban b\u00edzik, hogy a dinnye ennek ellen\u00e9re el\u00e9rhet\u0151 term\u00e9k marad, de a gazd\u00e1knak &#8211; mint \u00edrt\u00e1k &#8211; olyan \u00e1rat kell kapniuk, hogy meg\u00e9rje folytatniuk a munk\u00e1t. Ha nem \u00edgy lesz, akkor szerint\u00fck a k\u00f6vetkez\u0151 \u00e9vekben \u00fajabb visszaes\u00e9sre kell k\u00e9sz\u00fclni. A dinnyeszezonig nincs sok h\u00e1tra, a s\u00e1rgadinny\u00e9t m\u00e1r a j\u00f6v\u0151 h\u00e9ten elkezdhetik szedni, ha j\u00f3 lesz az id\u0151. A boltokba v\u00e1rhat\u00f3an j\u00fanius m\u00e1sodik het\u00e9ben jutnak el az els\u0151 sz\u00e1ll\u00edtm\u00e1nyok &#8211; tett\u00e9k hozz\u00e1.(MTI)<\/p>\n","protected":false},"excerpt":{"rendered":"<p>V\u00e1rhat\u00f3an kevesebb dinnye terem id\u00e9n, de a belf\u00f6ldi fogyaszt\u00e1st ki tudj\u00e1k el\u00e9g\u00edteni a termel\u0151k &#8211; k\u00f6z\u00f6lte az MTI-vel a Magyar Dinnyetermel\u0151k Egyes\u00fclete.<\/p>\n","protected":false},"author":1001006,"featured_media":0,"comment_status":"open","ping_status":"open","sticky":false,"template":"","format":"standard","meta":[],"categories":[19],"tags":[],"_links":{"self":[{"href":"https:\/\/gazdasagportal.hu\/index.php\/wp-json\/wp\/v2\/posts\/140421"}],"collection":[{"href":"https:\/\/gazdasagportal.hu\/index.php\/wp-json\/wp\/v2\/posts"}],"about":[{"href":"https:\/\/gazdasagportal.hu\/index.php\/wp-json\/wp\/v2\/types\/post"}],"author":[{"embeddable":true,"href":"https:\/\/gazdasagportal.hu\/index.php\/wp-json\/wp\/v2\/users\/1001006"}],"replies":[{"embeddable":true,"href":"https:\/\/gazdasagportal.hu\/index.php\/wp-json\/wp\/v2\/comments?post=140421"}],"version-history":[{"count":1,"href":"https:\/\/gazdasagportal.hu\/index.php\/wp-json\/wp\/v2\/posts\/140421\/revisions"}],"predecessor-version":[{"id":140422,"href":"https:\/\/gazdasagportal.hu\/index.php\/wp-json\/wp\/v2\/posts\/140421\/revisions\/140422"}],"wp:attachment":[{"href":"https:\/\/gazdasagportal.hu\/index.php\/wp-json\/wp\/v2\/media?parent=140421"}],"wp:term":[{"taxonomy":"category","embeddable":true,"href":"https:\/\/gazdasagportal.hu\/index.php\/wp-json\/wp\/v2\/categories?post=140421"},{"taxonomy":"post_tag","embeddable":true,"href":"https:\/\/gazdasagportal.hu\/index.php\/wp-json\/wp\/v2\/tags?post=140421"}],"curies":[{"name":"wp","href":"https:\/\/api.w.org\/{rel}","templated":true}]}}