{"id":140388,"date":"2022-05-25T21:02:35","date_gmt":"2022-05-25T19:02:35","guid":{"rendered":"https:\/\/gazdasagportal.hu\/?p=140388"},"modified":"2022-05-25T21:02:35","modified_gmt":"2022-05-25T19:02:35","slug":"majomhimlo-spanyolorszagban-59-re-emelkedett-a-fertozottek-szama","status":"publish","type":"post","link":"https:\/\/gazdasagportal.hu\/index.php\/majomhimlo-spanyolorszagban-59-re-emelkedett-a-fertozottek-szama\/","title":{"rendered":"Majomhiml\u0151 &#8211; Spanyolorsz\u00e1gban 59-re emelkedett a fert\u0151z\u00f6ttek sz\u00e1ma"},"content":{"rendered":"<p><strong>Spanyolorsz\u00e1gban 59-re emelkedett a majomhiml\u0151-fert\u0151z\u00e9ssel diagnosztiz\u00e1lt betegek sz\u00e1ma &#8211; k\u00f6z\u00f6lte Carolina Darias eg\u00e9szs\u00e9g\u00fcgyi miniszter sajt\u00f3t\u00e1j\u00e9koztat\u00f3n szerda este.<\/strong><!--more--><\/p>\n<div class=\"ads-in-post2\"><script async src=\"https:\/\/pagead2.googlesyndication.com\/pagead\/js\/adsbygoogle.js\"><\/script>\r\n<ins class=\"adsbygoogle\"\r\n     style=\"display:block\"\r\n     data-ad-format=\"fluid\"\r\n     data-ad-layout-key=\"-6t+ed+2i-1n-4w\"\r\n     data-ad-client=\"ca-pub-1959107119989764\"\r\n     data-ad-slot=\"4008251320\"><\/ins>\r\n<script>\r\n     (adsbygoogle = window.adsbygoogle || []).push({});\r\n<\/script><\/div>\n<p>    48 esetet Madridban sz\u0171rtek ki, emellett a Kan\u00e1ri-szigeteken, Andal\u00fazi\u00e1ban \u00e9s Baszkf\u00f6ld\u00f6n is igazoltak eseteket.<br \/>\n    A madridi tartom\u00e1nyi korm\u00e1ny t\u00e1j\u00e9koztat\u00e1sa szerint a fert\u0151z\u00e9sek t\u00f6bbs\u00e9ge egy f\u0151v\u00e1rosi szaun\u00e1hoz kapcsolhat\u00f3, amelyet m\u00e1r bez\u00e1rtak a hat\u00f3s\u00e1gok. A betegek mind f\u00e9rfiak, egyik\u00fck \u00e1llapota sem s\u00falyos, j\u00f3l gy\u00f3gyulnak. A fert\u0151z\u00e9si l\u00e1nc felder\u00edt\u00e9s\u00e9n, a kontaktszem\u00e9lyek azonos\u00edt\u00e1s\u00e1n folyamatosan dolgoznak.<br \/>\n    A f\u0151v\u00e1rosi III. K\u00e1roly eg\u00e9szs\u00e9g\u00fcgyi kutat\u00f3int\u00e9zet \u00e1ltal eddig bevizsg\u00e1lt sz\u00e1z laborat\u00f3riumi mint\u00e1b\u00f3l 41 lett negat\u00edv.<br \/>\n    Az elm\u00falt hetekben Eur\u00f3p\u00e1ban a legt\u00f6bb majomhiml\u0151s esetet Nagy-Britannia ut\u00e1n Spanyolorsz\u00e1gban sz\u0171rt\u00e9k ki.<br \/>\n    Carolina Darias eg\u00e9szs\u00e9g\u00fcgyi miniszter elmondta: Spanyolorsz\u00e1g csatlakozik az Eur\u00f3pai Uni\u00f3 k\u00f6z\u00f6s olt\u00f3anyagbeszerz\u00e9si kezdem\u00e9nyez\u00e9s\u00e9hez, amelynek keret\u00e9ben a Eg\u00e9szs\u00e9g\u00fcgyi Sz\u00fcks\u00e9ghelyzet-reag\u00e1l\u00e1si Hat\u00f3s\u00e1gon (HERA) kereszt\u00fcl a Bavarian Nordic d\u00e1n v\u00e1llalat Imvanex nev\u0171, himl\u0151elleni olt\u00e1s\u00e1t v\u00e1s\u00e1rolj\u00e1k meg a holland SIGA nev\u0171 c\u00e9g Tecovirimat nevet visel\u0151 antivir\u00e1lis tablett\u00e1j\u00e1val egy\u00fctt. A beszerz\u00e9s r\u00e9szleteit k\u00e9s\u0151bb hozz\u00e1k nyilv\u00e1noss\u00e1gra.<br \/>\n    Az Eg\u00e9szs\u00e9g\u00fcgyi Vil\u00e1gszervezet (WHO) t\u00e1j\u00e9koztat\u00e1sa szerint eddig a vil\u00e1g 16 orsz\u00e1g\u00e1ban mintegy 250 esetet regisztr\u00e1ltak, \u00e1m a WHO vezet\u00e9se \u00fagy v\u00e9li: a betegs\u00e9g sz\u00e9les k\u00f6r\u0171 terjed\u00e9s\u00e9nek kock\u00e1zata tov\u00e1bbra is alacsony.<br \/>\n<div class=\"ads-in-post2\"><script async src=\"https:\/\/pagead2.googlesyndication.com\/pagead\/js\/adsbygoogle.js\"><\/script>\r\n<ins class=\"adsbygoogle\"\r\n     style=\"display:block\"\r\n     data-ad-format=\"fluid\"\r\n     data-ad-layout-key=\"-6t+ed+2i-1n-4w\"\r\n     data-ad-client=\"ca-pub-1959107119989764\"\r\n     data-ad-slot=\"4008251320\"><\/ins>\r\n<script>\r\n     (adsbygoogle = window.adsbygoogle || []).push({});\r\n<\/script><\/div>\n        A K\u00f6z\u00e9p- \u00e9s Nyugat-Afrika tr\u00f3pusi es\u0151erdeiben is ritka v\u00edrust Eur\u00f3p\u00e1ban el\u0151sz\u00f6r 2018-ban, az Egyes\u00fclt Kir\u00e1lys\u00e1gban azonos\u00edtott\u00e1k. A t\u00fcnetek k\u00f6z\u00e9 a jellegzetes ki\u00fct\u00e9sek mellett a l\u00e1z, fejf\u00e1j\u00e1s, izomf\u00e1jdalom, h\u00e1tf\u00e1j\u00e1s, duzzadt nyirokcsom\u00f3k, hidegr\u00e1z\u00e1s \u00e9s f\u00e1radts\u00e1g tartozik. Az ember \u00e9s ember k\u00f6z\u00f6tt nehezen terjed\u0151 betegs\u00e9gnek nincs ellenszere, az eredetileg feketehiml\u0151 ellen k\u00e9sz\u00fclt vakcin\u00e1k mindazon\u00e1ltal magas fok\u00fa v\u00e9delmet ny\u00fajtanak ellene.(MTI)<\/p>\n","protected":false},"excerpt":{"rendered":"<p>Spanyolorsz\u00e1gban 59-re emelkedett a majomhiml\u0151-fert\u0151z\u00e9ssel diagnosztiz\u00e1lt betegek sz\u00e1ma &#8211; k\u00f6z\u00f6lte Carolina Darias eg\u00e9szs\u00e9g\u00fcgyi miniszter sajt\u00f3t\u00e1j\u00e9koztat\u00f3n szerda este.<\/p>\n","protected":false},"author":1001006,"featured_media":0,"comment_status":"open","ping_status":"open","sticky":false,"template":"","format":"standard","meta":[],"categories":[5],"tags":[],"_links":{"self":[{"href":"https:\/\/gazdasagportal.hu\/index.php\/wp-json\/wp\/v2\/posts\/140388"}],"collection":[{"href":"https:\/\/gazdasagportal.hu\/index.php\/wp-json\/wp\/v2\/posts"}],"about":[{"href":"https:\/\/gazdasagportal.hu\/index.php\/wp-json\/wp\/v2\/types\/post"}],"author":[{"embeddable":true,"href":"https:\/\/gazdasagportal.hu\/index.php\/wp-json\/wp\/v2\/users\/1001006"}],"replies":[{"embeddable":true,"href":"https:\/\/gazdasagportal.hu\/index.php\/wp-json\/wp\/v2\/comments?post=140388"}],"version-history":[{"count":1,"href":"https:\/\/gazdasagportal.hu\/index.php\/wp-json\/wp\/v2\/posts\/140388\/revisions"}],"predecessor-version":[{"id":140389,"href":"https:\/\/gazdasagportal.hu\/index.php\/wp-json\/wp\/v2\/posts\/140388\/revisions\/140389"}],"wp:attachment":[{"href":"https:\/\/gazdasagportal.hu\/index.php\/wp-json\/wp\/v2\/media?parent=140388"}],"wp:term":[{"taxonomy":"category","embeddable":true,"href":"https:\/\/gazdasagportal.hu\/index.php\/wp-json\/wp\/v2\/categories?post=140388"},{"taxonomy":"post_tag","embeddable":true,"href":"https:\/\/gazdasagportal.hu\/index.php\/wp-json\/wp\/v2\/tags?post=140388"}],"curies":[{"name":"wp","href":"https:\/\/api.w.org\/{rel}","templated":true}]}}