{"id":140286,"date":"2022-05-12T13:18:36","date_gmt":"2022-05-12T11:18:36","guid":{"rendered":"https:\/\/gazdasagportal.hu\/?p=140286"},"modified":"2022-05-12T13:18:36","modified_gmt":"2022-05-12T11:18:36","slug":"ezert-folytatodik-az-elelmiszerek-dragulasa","status":"publish","type":"post","link":"https:\/\/gazdasagportal.hu\/index.php\/ezert-folytatodik-az-elelmiszerek-dragulasa\/","title":{"rendered":"Ez\u00e9rt folytat\u00f3dik az \u00e9lelmiszerek dr\u00e1gul\u00e1sa"},"content":{"rendered":"<p><strong>A Vil\u00e1gbank \u00e1prilisi jelent\u00e9se sz\u00e1mottev\u0151 \u00e9lelmiszer-\u00e1remelked\u00e9st jelez el\u0151re erre az \u00e9vre. A K&amp;H szak\u00e9rt\u0151je szerint ennek a f\u0151 oka els\u0151sorban az energia\u00e1rak emelked\u00e9se \u00e9s a fenntarthat\u00f3s\u00e1gi c\u00e9lkit\u0171z\u00e9sekkel j\u00e1r\u00f3 t\u00f6bbletk\u00f6lts\u00e9gek, nem az ukrajnai konfliktus. Ez ut\u00f3bbi f\u0151k\u00e9nt a gabonak\u00e9szletek kies\u00e9se miatt jelent majd gondot, de a hat\u00e1sa j\u00f6v\u0151re lesz \u00e9rz\u00e9kelhet\u0151. A magyar gazd\u00e1k sz\u00e1m\u00e1ra ez \u00faj piacokra val\u00f3 bel\u00e9p\u00e9st jelenthet igen j\u00f3 \u00e1rszinten, ez\u00e9rt m\u00e1r az idei termel\u00e9s fokoz\u00e1s\u00e1val felk\u00e9sz\u00fclhetnek a glob\u00e1lisan v\u00e1rhat\u00f3an kies\u0151 term\u00e9smennyis\u00e9g p\u00f3tl\u00e1s\u00e1ra. \u00a0<\/strong><!--more--><\/p>\n<div class=\"ads-in-post2\"><script async src=\"https:\/\/pagead2.googlesyndication.com\/pagead\/js\/adsbygoogle.js\"><\/script>\r\n<ins class=\"adsbygoogle\"\r\n     style=\"display:block\"\r\n     data-ad-format=\"fluid\"\r\n     data-ad-layout-key=\"-6t+ed+2i-1n-4w\"\r\n     data-ad-client=\"ca-pub-1959107119989764\"\r\n     data-ad-slot=\"4008251320\"><\/ins>\r\n<script>\r\n     (adsbygoogle = window.adsbygoogle || []).push({});\r\n<\/script><\/div>\n<p><strong>\u00a0<\/strong><\/p>\n<p>A Vil\u00e1gbank \u00e1prilisi jelent\u00e9se id\u00e9n 22,9 sz\u00e1zal\u00e9kos \u00e9lelmiszer\u00e1r-emelked\u00e9st jelez el\u0151re glob\u00e1lisan. Ilyen m\u00e9rt\u00e9k\u0171 dr\u00e1gul\u00e1st t\u00f6bb mint egy \u00e9vtizede nem l\u00e1ttunk. A Vil\u00e1gbank arra alapozza a becsl\u00e9st, hogy m\u00e1rciusban 83,9 sz\u00e1zal\u00e9kkal n\u0151ttek az \u00e9lelmiszer\u00e1rak 2020 azonos h\u00f3napj\u00e1hoz k\u00e9pest. Utolj\u00e1ra 2006 j\u00fanius\u00e1ban volt ezt meghalad\u00f3, 96 sz\u00e1zal\u00e9kos emelked\u00e9s. \u201eAz \u00e9lelmiszerek ilyen nagym\u00e9rt\u00e9k\u0171 dr\u00e1gul\u00e1sa f\u0151k\u00e9nt annak tudhat\u00f3 be, hogy folyamatosan emelkednek az energia\u00e1rak \u00e9s a fenntarthat\u00f3s\u00e1gi t\u00f6rekv\u00e9sek teljes\u00edt\u00e9se is jelent\u0151s t\u00f6bbletk\u00f6lts\u00e9get r\u00f3 a v\u00e1llalatokra\u201d \u2013 magyar\u00e1zta az okokat <strong>Tres\u00f3 Istv\u00e1n, a K&amp;H Agr\u00e1rfejleszt\u00e9si f\u0151oszt\u00e1ly vezet\u0151je<\/strong>. \u201e\u00c9lelmiszerhi\u00e1nyt\u00f3l nem kell tartani, id\u00e9n ugyanis glob\u00e1lisan jelent\u0151s tartal\u00e9kok \u00e1llnak rendelkez\u00e9sre, azonban nem felt\u00e9tlen\u00fcl ott, ahol val\u00f3ban sz\u00fcks\u00e9g lesz r\u00e1juk, ez\u00e9rt a sz\u00e1ll\u00edt\u00e1si k\u00f6lts\u00e9gek tov\u00e1bb fokozhatj\u00e1k a dr\u00e1gul\u00e1st\u201d \u2013 tette hozz\u00e1 a szak\u00e9rt\u0151.<\/p>\n<p>&nbsp;<\/p><div id=\"gazda-253233504\" class=\"gazda-tartalomban gazda-entity-placement\"><script async src=\"https:\/\/pagead2.googlesyndication.com\/pagead\/js\/adsbygoogle.js\"><\/script>\r\n<ins class=\"adsbygoogle\"\r\n     style=\"display:block\"\r\n     data-ad-format=\"fluid\"\r\n     data-ad-layout-key=\"-6t+ed+2i-1n-4w\"\r\n     data-ad-client=\"ca-pub-1959107119989764\"\r\n     data-ad-slot=\"4008251320\"><\/ins>\r\n<script>\r\n     (adsbygoogle = window.adsbygoogle || []).push({});\r\n<\/script><\/div>\n<p>A j\u00f6v\u0151 \u00e9v viszont m\u00e1r m\u00e1s k\u00e9rd\u00e9s. Ha a h\u00e1bor\u00fas \u00f6vezetekben id\u00e9n ellehetetlen\u00fclnek a mez\u0151gazdas\u00e1gi munk\u00e1k, az a k\u00e9t nagy gabonatermel\u0151 orsz\u00e1g kies\u00e9se miatt vil\u00e1gszinten komoly probl\u00e9m\u00e1t jelenthet. A mostani termel\u00e9si szezonb\u00f3l ez\u00e9rt a lehet\u0151 legt\u00f6bbet kell kihozni a v\u00e1rhat\u00f3an kies\u0151 term\u00e9smennyis\u00e9gek p\u00f3tl\u00e1s\u00e1ra. Ez a hazai termel\u0151k sz\u00e1m\u00e1ra is lehet\u0151s\u00e9get jelenthet, amennyiben n\u00f6velni tudj\u00e1k hekt\u00e1ronk\u00e9nti hozamukat legal\u00e1bb az eur\u00f3pai \u00e1tlag szintj\u00e9re \u00e9s ezzel a t\u00f6bblettel ki tudnak l\u00e9pni a vil\u00e1gpiacra.<\/p>\n<div class=\"ads-in-post2\"><script async src=\"https:\/\/pagead2.googlesyndication.com\/pagead\/js\/adsbygoogle.js\"><\/script>\r\n<ins class=\"adsbygoogle\"\r\n     style=\"display:block\"\r\n     data-ad-format=\"fluid\"\r\n     data-ad-layout-key=\"-6t+ed+2i-1n-4w\"\r\n     data-ad-client=\"ca-pub-1959107119989764\"\r\n     data-ad-slot=\"4008251320\"><\/ins>\r\n<script>\r\n     (adsbygoogle = window.adsbygoogle || []).push({});\r\n<\/script><\/div>\n<p><strong>A K&amp;H Csoport<\/strong><\/p>\n<p>Az orsz\u00e1g egyik vezet\u0151 \u00e9s orsz\u00e1gosan k\u00f6zel 3700 munkat\u00e1rsat foglalkoztat\u00f3 p\u00e9nzint\u00e9zetek\u00e9nt a K&amp;H c\u00e9lja, hogy \u00fcgyfelei ig\u00e9nyeit mindenkor magas szinten el\u00e9g\u00edtse ki, \u00e9s a lehet\u0151 legteljesebb term\u00e9kpalett\u00e1t ny\u00fajtsa sz\u00e1mukra. A K&amp;H orsz\u00e1gszerte 198 lakoss\u00e1gi \u00fcgyf\u00e9lpontot m\u0171k\u00f6dtet, \u00e9s csoportszinten mintegy 1,5 milli\u00f3 \u00fcgyf\u00e9lnek k\u00edn\u00e1l p\u00e9nz\u00fcgyi szolg\u00e1ltat\u00e1sokat. A magyar gazdas\u00e1g m\u0171k\u00f6d\u00e9s\u00e9t t\u00f6bb mint 2700 milli\u00e1rd forintnyi kihelyezett hitel- \u00e9s hiteljelleg\u0171 \u00e1llom\u00e1nnyal seg\u00edti h\u00e1ztart\u00e1sok, kisv\u00e1llalkoz\u00e1sok, v\u00e1llalatok \u00e9s \u00f6nkorm\u00e1nyzatok finansz\u00edroz\u00e1s\u00e1n kereszt\u00fcl.<\/p>\n<p>&nbsp;<\/p>\n","protected":false},"excerpt":{"rendered":"<p>A Vil\u00e1gbank \u00e1prilisi jelent\u00e9se sz\u00e1mottev\u0151 \u00e9lelmiszer-\u00e1remelked\u00e9st jelez el\u0151re erre az \u00e9vre. A K&amp;H szak\u00e9rt\u0151je szerint ennek a f\u0151 oka els\u0151sorban az energia\u00e1rak emelked\u00e9se \u00e9s a fenntarthat\u00f3s\u00e1gi c\u00e9lkit\u0171z\u00e9sekkel j\u00e1r\u00f3 t\u00f6bbletk\u00f6lts\u00e9gek, nem az ukrajnai konfliktus. Ez ut\u00f3bbi f\u0151k\u00e9nt a gabonak\u00e9szletek kies\u00e9se miatt jelent majd gondot, de a hat\u00e1sa j\u00f6v\u0151re lesz \u00e9rz\u00e9kelhet\u0151. A magyar gazd\u00e1k sz\u00e1m\u00e1ra ez \u00faj &#8230;<\/p>\n","protected":false},"author":1001005,"featured_media":0,"comment_status":"open","ping_status":"open","sticky":false,"template":"","format":"standard","meta":[],"categories":[19],"tags":[],"_links":{"self":[{"href":"https:\/\/gazdasagportal.hu\/index.php\/wp-json\/wp\/v2\/posts\/140286"}],"collection":[{"href":"https:\/\/gazdasagportal.hu\/index.php\/wp-json\/wp\/v2\/posts"}],"about":[{"href":"https:\/\/gazdasagportal.hu\/index.php\/wp-json\/wp\/v2\/types\/post"}],"author":[{"embeddable":true,"href":"https:\/\/gazdasagportal.hu\/index.php\/wp-json\/wp\/v2\/users\/1001005"}],"replies":[{"embeddable":true,"href":"https:\/\/gazdasagportal.hu\/index.php\/wp-json\/wp\/v2\/comments?post=140286"}],"version-history":[{"count":1,"href":"https:\/\/gazdasagportal.hu\/index.php\/wp-json\/wp\/v2\/posts\/140286\/revisions"}],"predecessor-version":[{"id":140287,"href":"https:\/\/gazdasagportal.hu\/index.php\/wp-json\/wp\/v2\/posts\/140286\/revisions\/140287"}],"wp:attachment":[{"href":"https:\/\/gazdasagportal.hu\/index.php\/wp-json\/wp\/v2\/media?parent=140286"}],"wp:term":[{"taxonomy":"category","embeddable":true,"href":"https:\/\/gazdasagportal.hu\/index.php\/wp-json\/wp\/v2\/categories?post=140286"},{"taxonomy":"post_tag","embeddable":true,"href":"https:\/\/gazdasagportal.hu\/index.php\/wp-json\/wp\/v2\/tags?post=140286"}],"curies":[{"name":"wp","href":"https:\/\/api.w.org\/{rel}","templated":true}]}}