{"id":140262,"date":"2022-05-09T13:04:58","date_gmt":"2022-05-09T11:04:58","guid":{"rendered":"https:\/\/gazdasagportal.hu\/?p=140262"},"modified":"2022-05-09T13:04:58","modified_gmt":"2022-05-09T11:04:58","slug":"pm-26356-milliard-forint-az-allamhaztartas-kozponti-alrendszerenek-negyhavi-hianya","status":"publish","type":"post","link":"https:\/\/gazdasagportal.hu\/index.php\/pm-26356-milliard-forint-az-allamhaztartas-kozponti-alrendszerenek-negyhavi-hianya\/","title":{"rendered":"PM: 2635,6 milli\u00e1rd forint az \u00e1llamh\u00e1ztart\u00e1s k\u00f6zponti alrendszer\u00e9nek n\u00e9gyhavi hi\u00e1nya"},"content":{"rendered":"<p><strong>Az \u00e1llamh\u00e1ztart\u00e1s \u00f6nkorm\u00e1nyzatok n\u00e9lk\u00fcl sz\u00e1molt \u00fagynevezett k\u00f6zponti alrendszere \u00e1prilis v\u00e9g\u00e9n 2635,6 milli\u00e1rd forintos hi\u00e1nyt mutatott &#8211; k\u00f6z\u00f6lte h\u00e9tf\u0151n kiadott gyorst\u00e1j\u00e9koztat\u00f3j\u00e1ban a P\u00e9nz\u00fcgyminiszt\u00e9rium (PM).<\/strong><!--more--><\/p>\n<div class=\"ads-in-post2\"><script async src=\"https:\/\/pagead2.googlesyndication.com\/pagead\/js\/adsbygoogle.js\"><\/script>\r\n<ins class=\"adsbygoogle\"\r\n     style=\"display:block\"\r\n     data-ad-format=\"fluid\"\r\n     data-ad-layout-key=\"-6t+ed+2i-1n-4w\"\r\n     data-ad-client=\"ca-pub-1959107119989764\"\r\n     data-ad-slot=\"4008251320\"><\/ins>\r\n<script>\r\n     (adsbygoogle = window.adsbygoogle || []).push({});\r\n<\/script><\/div>\n<p>    A k\u00f6zponti k\u00f6lts\u00e9gvet\u00e9s 2669,7 milli\u00e1rd forintos, a t\u00e1rsadalombiztos\u00edt\u00e1s p\u00e9nz\u00fcgyi alapjai 18,7 milli\u00e1rd forintos hi\u00e1nyt, az elk\u00fcl\u00f6n\u00edtett \u00e1llami p\u00e9nzalapok 52,8 milli\u00e1rd forintos t\u00f6bbletet \u00e9rtek el az \u00e9v els\u0151 n\u00e9gy h\u00f3napj\u00e1ban.<br \/>\n    A m\u00e1rcius v\u00e9g\u00e9ig felhalmozott 2309,3 milli\u00e1rd forintos deficitet figyelembe v\u00e9ve az \u00e1prilisi hi\u00e1ny 325,9 milli\u00e1rd forint volt a m\u00e1rciusi 875,7 \u00e9s a febru\u00e1ri 1584,95 milli\u00e1rd forint kiad\u00e1si t\u00f6bbletet k\u00f6vet\u0151en. Az els\u0151 n\u00e9gy h\u00f3napban kialakult hi\u00e1ny a 3152,7 milli\u00e1rd forintban el\u0151ir\u00e1nyzott \u00e9ves \u00f6sszeg 83,6 sz\u00e1zal\u00e9ka.<br \/>\n    A k\u00f6zponti alrendszer n\u00e9gyhavi hi\u00e1nya t\u00f6bb mint k\u00e9t \u00e9s f\u00e9lszerese az egy \u00e9vvel kor\u00e1bbi 1043,6 milli\u00e1rd forintos deficitnek.<br \/>\n    A kiad\u00e1sok k\u00f6z\u00fcl kiemelt\u00e9k, hogy a nyugell\u00e1t\u00e1sokra 1679,6 milli\u00e1rd forintot, a gy\u00f3gy\u00edt\u00f3-megel\u0151z\u0151 ell\u00e1t\u00e1sra pedig 709,1 milli\u00e1rd forintot fizetett ki a korm\u00e1ny \u00e1prilis v\u00e9g\u00e9ig. A nyugd\u00edjkifizet\u00e9sek 339,2 milli\u00e1rd forinttal, 25,3 sz\u00e1zal\u00e9kkal, a gy\u00f3gy\u00edt\u00f3-megel\u0151z\u0151 ell\u00e1t\u00e1sra ford\u00edtott \u00f6sszeg 133,8 milli\u00e1rd forinttal, 23,3 sz\u00e1zal\u00e9kkal haladta meg az egy \u00e9vvel kor\u00e1bbi \u00f6sszeget.<br \/>\n<div class=\"ads-in-post2\"><script async src=\"https:\/\/pagead2.googlesyndication.com\/pagead\/js\/adsbygoogle.js\"><\/script>\r\n<ins class=\"adsbygoogle\"\r\n     style=\"display:block\"\r\n     data-ad-format=\"fluid\"\r\n     data-ad-layout-key=\"-6t+ed+2i-1n-4w\"\r\n     data-ad-client=\"ca-pub-1959107119989764\"\r\n     data-ad-slot=\"4008251320\"><\/ins>\r\n<script>\r\n     (adsbygoogle = window.adsbygoogle || []).push({});\r\n<\/script><\/div>\n    A P\u00e9nz\u00fcgyminiszt\u00e9rium k\u00f6zlem\u00e9nye hangs\u00falyozza, hogy a  korm\u00e1ny meg\u0151rzi a k\u00f6lts\u00e9gvet\u00e9s egyens\u00faly\u00e1t. A h\u00e1bor\u00fa okozta kisz\u00e1m\u00edthatatlan vil\u00e1ggazdas\u00e1gi k\u00f6rnyezetben meg kell \u0151rizni Magyarorsz\u00e1g stabilit\u00e1s\u00e1t, ez\u00e9rt a korm\u00e1ny elk\u00f6telezett az egyens\u00falyi mutat\u00f3k jav\u00edt\u00e1sa mellett. A PM sz\u00e1m\u00edt\u00e1sai szerint 4,3 sz\u00e1zal\u00e9kos gazdas\u00e1gi n\u00f6veked\u00e9s, a GDP 76,1 sz\u00e1zal\u00e9k\u00e1ra javul\u00f3 \u00e1llamad\u00f3ss\u00e1g \u00e9s 4,9 sz\u00e1zal\u00e9kos k\u00f6lts\u00e9gvet\u00e9si hi\u00e1ny v\u00e1rhat\u00f3 az idei \u00e9vre. A k\u00f6vetkez\u0151 n\u00e9gy \u00e9vben is magas \u00fctem\u0171 gazdas\u00e1gi n\u00f6veked\u00e9ssel, az \u00e1llamad\u00f3ss\u00e1g \u00e9s a k\u00f6lts\u00e9gvet\u00e9si hi\u00e1ny folyamatos cs\u00f6kkent\u00e9s\u00e9vel sz\u00e1mol a korm\u00e1ny &#8211; er\u0151s\u00edtette meg a miniszt\u00e9rium h\u00e9tf\u0151i k\u00f6zlem\u00e9nye.(MTI)<\/p>\n","protected":false},"excerpt":{"rendered":"<p>Az \u00e1llamh\u00e1ztart\u00e1s \u00f6nkorm\u00e1nyzatok n\u00e9lk\u00fcl sz\u00e1molt \u00fagynevezett k\u00f6zponti alrendszere \u00e1prilis v\u00e9g\u00e9n 2635,6 milli\u00e1rd forintos hi\u00e1nyt mutatott &#8211; k\u00f6z\u00f6lte h\u00e9tf\u0151n kiadott gyorst\u00e1j\u00e9koztat\u00f3j\u00e1ban a P\u00e9nz\u00fcgyminiszt\u00e9rium (PM).<\/p>\n","protected":false},"author":1001006,"featured_media":0,"comment_status":"open","ping_status":"open","sticky":false,"template":"","format":"standard","meta":[],"categories":[19],"tags":[],"_links":{"self":[{"href":"https:\/\/gazdasagportal.hu\/index.php\/wp-json\/wp\/v2\/posts\/140262"}],"collection":[{"href":"https:\/\/gazdasagportal.hu\/index.php\/wp-json\/wp\/v2\/posts"}],"about":[{"href":"https:\/\/gazdasagportal.hu\/index.php\/wp-json\/wp\/v2\/types\/post"}],"author":[{"embeddable":true,"href":"https:\/\/gazdasagportal.hu\/index.php\/wp-json\/wp\/v2\/users\/1001006"}],"replies":[{"embeddable":true,"href":"https:\/\/gazdasagportal.hu\/index.php\/wp-json\/wp\/v2\/comments?post=140262"}],"version-history":[{"count":1,"href":"https:\/\/gazdasagportal.hu\/index.php\/wp-json\/wp\/v2\/posts\/140262\/revisions"}],"predecessor-version":[{"id":140263,"href":"https:\/\/gazdasagportal.hu\/index.php\/wp-json\/wp\/v2\/posts\/140262\/revisions\/140263"}],"wp:attachment":[{"href":"https:\/\/gazdasagportal.hu\/index.php\/wp-json\/wp\/v2\/media?parent=140262"}],"wp:term":[{"taxonomy":"category","embeddable":true,"href":"https:\/\/gazdasagportal.hu\/index.php\/wp-json\/wp\/v2\/categories?post=140262"},{"taxonomy":"post_tag","embeddable":true,"href":"https:\/\/gazdasagportal.hu\/index.php\/wp-json\/wp\/v2\/tags?post=140262"}],"curies":[{"name":"wp","href":"https:\/\/api.w.org\/{rel}","templated":true}]}}