{"id":140138,"date":"2022-04-26T20:23:04","date_gmt":"2022-04-26T18:23:04","guid":{"rendered":"https:\/\/gazdasagportal.hu\/?p=140138"},"modified":"2022-04-26T20:23:04","modified_gmt":"2022-04-26T18:23:04","slug":"ukrajnai-haboru-a-gazprom-leallitja-a-lengyelorszagi-gazszallitast","status":"publish","type":"post","link":"https:\/\/gazdasagportal.hu\/index.php\/ukrajnai-haboru-a-gazprom-leallitja-a-lengyelorszagi-gazszallitast\/","title":{"rendered":"Ukrajnai h\u00e1bor\u00fa &#8211; A Gazprom le\u00e1ll\u00edtja a lengyelorsz\u00e1gi g\u00e1zsz\u00e1ll\u00edt\u00e1st"},"content":{"rendered":"<p><strong>Az orosz Gazprom k\u00f6z\u00e9p-eur\u00f3pai id\u0151 szerint szerda 8.00 \u00f3r\u00e1t\u00f3l le\u00e1ll\u00edtja a g\u00e1zsz\u00e1ll\u00edt\u00e1st Lengyelorsz\u00e1gba a Jamal-Eur\u00f3pa g\u00e1zvezet\u00e9ken &#8211; k\u00f6z\u00f6lte kedden a PGNiG lengyel \u00e1llami f\u00f6ldg\u00e1zipari v\u00e1llalat.<\/strong><!--more--><\/p>\n<div class=\"ads-in-post2\"><script async src=\"https:\/\/pagead2.googlesyndication.com\/pagead\/js\/adsbygoogle.js\"><\/script>\r\n<ins class=\"adsbygoogle\"\r\n     style=\"display:block\"\r\n     data-ad-format=\"fluid\"\r\n     data-ad-layout-key=\"-6t+ed+2i-1n-4w\"\r\n     data-ad-client=\"ca-pub-1959107119989764\"\r\n     data-ad-slot=\"4008251320\"><\/ins>\r\n<script>\r\n     (adsbygoogle = window.adsbygoogle || []).push({});\r\n<\/script><\/div>\n<p>    A lengyel c\u00e9g bejelentette, hogy l\u00e9p\u00e9seket fog tenni, hogy helyre\u00e1lljon a Jamal-szerz\u0151d\u00e9s alapj\u00e1n biztos\u00edtott orosz g\u00e1zsz\u00e1ll\u00edt\u00e1s. Hangs\u00falyozta, hogy szerz\u0151d\u00e9sszeg\u00e9snek tekinti a g\u00e1zsz\u00e1ll\u00edt\u00e1s felf\u00fcggeszt\u00e9s\u00e9t, s ennek alapj\u00e1n jog\u00e1ban \u00e1ll k\u00e1rt\u00e9r\u00edt\u00e9st k\u00f6vetelni.<br \/>\n    Mateusz Morawiecki lengyel minisztereln\u00f6k kedden Berlinben Olaf Scholz n\u00e9met kancell\u00e1rral folytatott megbesz\u00e9l\u00e9s\u00e9t k\u00f6vet\u0151en azt \u00e1ll\u00edtotta, hogy a Gazprom megfenyegette Lengyelorsz\u00e1got, hogy le\u00e1ll\u00edtja a g\u00e1zsz\u00e1ll\u00edt\u00e1sokat. Morawiecki felvetette, hogy Moszkva esetleg \u00edgy akarja zsarolni Vars\u00f3t.<br \/>\n    A lengyel korm\u00e1nyf\u0151 ugyanakkor kiemelte, hogy orsz\u00e1ga m\u00e1r el\u0151re felk\u00e9sz\u00fclt g\u00e1zell\u00e1t\u00e1sa diverzifik\u00e1l\u00e1s\u00e1ra, \u00edgy Lengyelorsz\u00e1g gazdas\u00e1ga nincs vesz\u00e9lyben.<br \/>\n    Anna Moskwa lengyel k\u00f6rnyezetv\u00e9delmi miniszter keddi sajt\u00f3t\u00e1j\u00e9koztat\u00f3j\u00e1n k\u00f6z\u00f6lte, hogy Lengyelorsz\u00e1g energiaell\u00e1t\u00e1sa biztos\u00edtott. Mint mondta, a lengyelorsz\u00e1gi g\u00e1zt\u00e1roz\u00f3k felt\u00f6lt\u00f6tts\u00e9ge 76 sz\u00e1zal\u00e9kos, de egyel\u0151re nincs sz\u00fcks\u00e9g arra, hogy a tartal\u00e9kot megnyiss\u00e1k, s a lengyel fogyaszt\u00f3k g\u00e1zell\u00e1t\u00e1s\u00e1t sem fogj\u00e1k korl\u00e1tozni.<br \/>\n    Piotr Naimski \u00e1llamtitk\u00e1r, a lengyel korm\u00e1ny energia\u00fcgyi megb\u00edzottja pedig arr\u00f3l besz\u00e9lt, hogy a Gazprom kies\u0151 sz\u00e1ll\u00edtm\u00e1nyait m\u00e1s forr\u00e1sokb\u00f3l fogj\u00e1k fedezni. Egyben felh\u00edvta a figyelmet arra, hogy a Jamal-szerz\u0151d\u00e9s 2022 december\u00e9ben egy\u00e9bk\u00e9nt is lej\u00e1rt volna.<br \/>\n    A PGNiG lengyel \u00e1llami f\u00f6ldg\u00e1zipari v\u00e1llalat a 2022 v\u00e9g\u00e9n lej\u00e1r\u00f3 hossz\u00fa t\u00e1v\u00fa szerz\u0151d\u00e9s alapj\u00e1n k\u00f6zvetlen\u00fcl a Gazprom orosz \u00e1llami \u00f3ri\u00e1sv\u00e1llalatt\u00f3l v\u00e1s\u00e1rolja a f\u00f6ldg\u00e1zt.<br \/>\n<div class=\"ads-in-post2\"><script async src=\"https:\/\/pagead2.googlesyndication.com\/pagead\/js\/adsbygoogle.js\"><\/script>\r\n<ins class=\"adsbygoogle\"\r\n     style=\"display:block\"\r\n     data-ad-format=\"fluid\"\r\n     data-ad-layout-key=\"-6t+ed+2i-1n-4w\"\r\n     data-ad-client=\"ca-pub-1959107119989764\"\r\n     data-ad-slot=\"4008251320\"><\/ins>\r\n<script>\r\n     (adsbygoogle = window.adsbygoogle || []).push({});\r\n<\/script><\/div>\n    A Feh\u00e9roroszorsz\u00e1gon kereszt\u00fcl Lengyelorsz\u00e1gba tart\u00f3 Jamal-Eur\u00f3pa f\u00f6ldg\u00e1zvezet\u00e9ken a g\u00e1z\u00e1raml\u00e1s szintje kedden magyar id\u0151 szerint 16.00 \u00f3rakor m\u00e1r nulla kilowatt\u00f3ra (kWh) szinten \u00e1llt, m\u00edg ugyanez az adat kedden kora reggel m\u00e9g 52 634 785 kWh\/nap volt az Eur\u00f3pai Uni\u00f3 (EU) f\u00f6ldg\u00e1zsz\u00e1ll\u00edt\u00f3 v\u00e1llalatait t\u00f6m\u00f6r\u00edt\u0151 h\u00e1l\u00f3zat adatai szerint.<br \/>\n    Lengyelorsz\u00e1g m\u00e1r t\u00f6bbsz\u00f6r bejelentette, hogy nem fogadja el a Kreml k\u00f6vetel\u00e9s\u00e9t, hogy rubelben fizessen a f\u00f6ldg\u00e1z\u00e9rt a Moszkva \u00e1ltal m\u00e1rciusban bejelentett \u00faj szab\u00e1lyok alapj\u00e1n.<br \/>\n    Oroszorsz\u00e1g arra figyelmeztette Eur\u00f3p\u00e1t, hogy amennyiben nem hajland\u00f3 rubelben fizetni az orosz f\u00f6ldg\u00e1z\u00e9rt, a sz\u00e1ll\u00edt\u00e1sok felf\u00fcggeszt\u00e9s\u00e9t vagy teljes le\u00e1ll\u00edt\u00e1s\u00e1t kock\u00e1ztatja.<br \/>\n    A Kreml m\u00e1rciusban kiadott egy hat\u00e1rozatot, amelyben azt javasolta, hogy az energiahordoz\u00f3kat v\u00e1s\u00e1rl\u00f3 v\u00e1llalatok k\u00f6zvetlen\u00fcl a Gazprombankn\u00e1l nyissanak banksz\u00e1ml\u00e1t, fizessenek eur\u00f3ban vagy doll\u00e1rban, amelyet Moszkv\u00e1ban rubelre v\u00e1ltanak \u00e1t.<br \/>\n    Az Eur\u00f3pai Bizotts\u00e1g viszont azt tan\u00e1csolta, hogy az eur\u00f3pai f\u00f6ldg\u00e1zv\u00e1llalatok tov\u00e1bbra is abban a p\u00e9nznemben fizessenek, amelyben a Gazprommal k\u00f6t\u00f6tt szerz\u0151d\u00e9sben meg\u00e1llapodtak. Ezen szerz\u0151d\u00e9sek 97 sz\u00e1zal\u00e9ka eur\u00f3ban vagy doll\u00e1rban hat\u00e1rozta meg a fizet\u00e9si p\u00e9nznemet.<br \/>\n<div class=\"ads-in-post2\"><script async src=\"https:\/\/pagead2.googlesyndication.com\/pagead\/js\/adsbygoogle.js\"><\/script>\r\n<ins class=\"adsbygoogle\"\r\n     style=\"display:block\"\r\n     data-ad-format=\"fluid\"\r\n     data-ad-layout-key=\"-6t+ed+2i-1n-4w\"\r\n     data-ad-client=\"ca-pub-1959107119989764\"\r\n     data-ad-slot=\"4008251320\"><\/ins>\r\n<script>\r\n     (adsbygoogle = window.adsbygoogle || []).push({});\r\n<\/script><\/div>\n    Lengyelorsz\u00e1g kedden bejelentette, hogy 50 orosz oligarcha \u00e9s v\u00e1llalat, \u00edgy a Gazprom is szerepel azon a szankci\u00f3s list\u00e1n, akik \u00e9s amelyek \u00fajabb b\u00fcntet\u0151int\u00e9zked\u00e9ssel, a t\u00f6bbi k\u00f6z\u00f6tt lengyelorsz\u00e1gi vagyonuk befagyaszt\u00e1s\u00e1val s\u00fajthat\u00f3k egy \u00e1prilis elej\u00e9n elfogadott lengyel jogszab\u00e1ly alapj\u00e1n.<br \/>\n    A lengyel szankci\u00f3s t\u00f6rv\u00e9ny f\u00fcggetlen az EU \u00e1ltal k\u00f6z\u00f6sen elfogadott b\u00fcntet\u0151int\u00e9zked\u00e9sekt\u0151l.(MTI)<\/p>\n","protected":false},"excerpt":{"rendered":"<p>Az orosz Gazprom k\u00f6z\u00e9p-eur\u00f3pai id\u0151 szerint szerda 8.00 \u00f3r\u00e1t\u00f3l le\u00e1ll\u00edtja a g\u00e1zsz\u00e1ll\u00edt\u00e1st Lengyelorsz\u00e1gba a Jamal-Eur\u00f3pa g\u00e1zvezet\u00e9ken &#8211; k\u00f6z\u00f6lte kedden a PGNiG lengyel \u00e1llami f\u00f6ldg\u00e1zipari v\u00e1llalat.<\/p>\n","protected":false},"author":1001006,"featured_media":0,"comment_status":"open","ping_status":"open","sticky":false,"template":"","format":"standard","meta":[],"categories":[5],"tags":[],"_links":{"self":[{"href":"https:\/\/gazdasagportal.hu\/index.php\/wp-json\/wp\/v2\/posts\/140138"}],"collection":[{"href":"https:\/\/gazdasagportal.hu\/index.php\/wp-json\/wp\/v2\/posts"}],"about":[{"href":"https:\/\/gazdasagportal.hu\/index.php\/wp-json\/wp\/v2\/types\/post"}],"author":[{"embeddable":true,"href":"https:\/\/gazdasagportal.hu\/index.php\/wp-json\/wp\/v2\/users\/1001006"}],"replies":[{"embeddable":true,"href":"https:\/\/gazdasagportal.hu\/index.php\/wp-json\/wp\/v2\/comments?post=140138"}],"version-history":[{"count":1,"href":"https:\/\/gazdasagportal.hu\/index.php\/wp-json\/wp\/v2\/posts\/140138\/revisions"}],"predecessor-version":[{"id":140139,"href":"https:\/\/gazdasagportal.hu\/index.php\/wp-json\/wp\/v2\/posts\/140138\/revisions\/140139"}],"wp:attachment":[{"href":"https:\/\/gazdasagportal.hu\/index.php\/wp-json\/wp\/v2\/media?parent=140138"}],"wp:term":[{"taxonomy":"category","embeddable":true,"href":"https:\/\/gazdasagportal.hu\/index.php\/wp-json\/wp\/v2\/categories?post=140138"},{"taxonomy":"post_tag","embeddable":true,"href":"https:\/\/gazdasagportal.hu\/index.php\/wp-json\/wp\/v2\/tags?post=140138"}],"curies":[{"name":"wp","href":"https:\/\/api.w.org\/{rel}","templated":true}]}}