{"id":140069,"date":"2022-04-18T20:44:55","date_gmt":"2022-04-18T18:44:55","guid":{"rendered":"https:\/\/gazdasagportal.hu\/?p=140069"},"modified":"2022-04-18T20:44:55","modified_gmt":"2022-04-18T18:44:55","slug":"ismet-ertekesithetnek-valutat-a-lakossagnak-az-orosz-bankok","status":"publish","type":"post","link":"https:\/\/gazdasagportal.hu\/index.php\/ismet-ertekesithetnek-valutat-a-lakossagnak-az-orosz-bankok\/","title":{"rendered":"Ism\u00e9t \u00e9rt\u00e9kes\u00edthetnek valut\u00e1t a lakoss\u00e1gnak az orosz bankok"},"content":{"rendered":"<p><strong>Az orosz jegybank h\u00e9tf\u0151t\u0151l \u00fajb\u00f3l enged\u00e9lyezte a bankoknak a valutaelad\u00e1st mag\u00e1nszem\u00e9lyek r\u00e9sz\u00e9re.<\/strong><!--more--><\/p>\n<div class=\"ads-in-post2\"><script async src=\"https:\/\/pagead2.googlesyndication.com\/pagead\/js\/adsbygoogle.js\"><\/script>\r\n<ins class=\"adsbygoogle\"\r\n     style=\"display:block\"\r\n     data-ad-format=\"fluid\"\r\n     data-ad-layout-key=\"-6t+ed+2i-1n-4w\"\r\n     data-ad-client=\"ca-pub-1959107119989764\"\r\n     data-ad-slot=\"4008251320\"><\/ins>\r\n<script>\r\n     (adsbygoogle = window.adsbygoogle || []).push({});\r\n<\/script><\/div>\n<p>    Az enged\u00e9ly csak arra a k\u00fclf\u00f6ldi valut\u00e1ra vonatkozik, amely \u00e1prilis 9. \u00f3ta ker\u00fclt a bankok p\u00e9nzt\u00e1r\u00e1ba.<br \/>\n    A szab\u00e1lyoz\u00f3 hat\u00f3s\u00e1g m\u00e1rcius elej\u00e9n szigor\u00edtotta meg a valutaforgalom ellen\u0151rz\u00e9s\u00e9t az orsz\u00e1gban az Ukrajna ellen ind\u00edtott h\u00e1bor\u00fa miatti nyugati szankci\u00f3k nyom\u00e1n, a p\u00e9nzpiaci volatilit\u00e1s k\u00f6zepette. A Bank Rosszii megtiltotta akkor mag\u00e1nszem\u00e9lyek r\u00e9sz\u00e9re a valutaelad\u00e1st, \u00e9s az akt\u00edv bet\u00e9tekb\u0151l a p\u00e9nzkivon\u00e1st 10 ezer doll\u00e1rra korl\u00e1tozta m\u00e1rcius 9-t\u0151l hat h\u00f3napig.<br \/>\n    Az orosz k\u00f6zponti bank \u00e1prilis 8-\u00e1n d\u00f6nt\u00f6tt a k\u00e9szp\u00e9nzes valutaforgalomra vonatkoz\u00f3 ideiglenes elj\u00e1r\u00e1s enyh\u00edt\u00e9s\u00e9r\u0151l. A szab\u00e1lyoz\u00f3 elt\u00f6r\u00f6lte a valutav\u00e1s\u00e1rl\u00e1sra vonatkoz\u00f3 12 sz\u00e1zal\u00e9kos jutal\u00e9kot, \u00e9s \u00e1prilis 11-t\u0151l lehet\u0151v\u00e9 tette, hogy a polg\u00e1rok eur\u00f3t vegyenek fel r\u00e9gi sz\u00e1ml\u00e1ikr\u00f3l.<br \/>\n<div class=\"ads-in-post2\"><script async src=\"https:\/\/pagead2.googlesyndication.com\/pagead\/js\/adsbygoogle.js\"><\/script>\r\n<ins class=\"adsbygoogle\"\r\n     style=\"display:block\"\r\n     data-ad-format=\"fluid\"\r\n     data-ad-layout-key=\"-6t+ed+2i-1n-4w\"\r\n     data-ad-client=\"ca-pub-1959107119989764\"\r\n     data-ad-slot=\"4008251320\"><\/ins>\r\n<script>\r\n     (adsbygoogle = window.adsbygoogle || []).push({});\r\n<\/script><\/div>\n    Elvira Nabiullina, a szab\u00e1lyoz\u00f3 hat\u00f3s\u00e1g vezet\u0151je az orosz parlament als\u00f3h\u00e1z\u00e1ban elmondta, hogy a jegybank m\u00e9g nem tudja feladni a valutaforgalom ellen\u0151rz\u00e9s\u00e9nek minden elem\u00e9t, de tov\u00e1bb fog laz\u00edtani rajta. Nabiullina azt is elmondta, hogy jegybank a nyugati szankci\u00f3k miatt a tartal\u00e9kok mintegy fel\u00e9t k\u00e9pes kezelni. Mint mondta, ezeket aranyban, j\u00fcanban \u00e9s m\u00e1s, a szankci\u00f3s kock\u00e1zatoknak nem kitett eszk\u00f6z\u00f6kben tartj\u00e1k.(MTI)<\/p>\n","protected":false},"excerpt":{"rendered":"<p>Az orosz jegybank h\u00e9tf\u0151t\u0151l \u00fajb\u00f3l enged\u00e9lyezte a bankoknak a valutaelad\u00e1st mag\u00e1nszem\u00e9lyek r\u00e9sz\u00e9re.<\/p>\n","protected":false},"author":1001006,"featured_media":0,"comment_status":"open","ping_status":"open","sticky":false,"template":"","format":"standard","meta":[],"categories":[19,246],"tags":[],"_links":{"self":[{"href":"https:\/\/gazdasagportal.hu\/index.php\/wp-json\/wp\/v2\/posts\/140069"}],"collection":[{"href":"https:\/\/gazdasagportal.hu\/index.php\/wp-json\/wp\/v2\/posts"}],"about":[{"href":"https:\/\/gazdasagportal.hu\/index.php\/wp-json\/wp\/v2\/types\/post"}],"author":[{"embeddable":true,"href":"https:\/\/gazdasagportal.hu\/index.php\/wp-json\/wp\/v2\/users\/1001006"}],"replies":[{"embeddable":true,"href":"https:\/\/gazdasagportal.hu\/index.php\/wp-json\/wp\/v2\/comments?post=140069"}],"version-history":[{"count":1,"href":"https:\/\/gazdasagportal.hu\/index.php\/wp-json\/wp\/v2\/posts\/140069\/revisions"}],"predecessor-version":[{"id":140070,"href":"https:\/\/gazdasagportal.hu\/index.php\/wp-json\/wp\/v2\/posts\/140069\/revisions\/140070"}],"wp:attachment":[{"href":"https:\/\/gazdasagportal.hu\/index.php\/wp-json\/wp\/v2\/media?parent=140069"}],"wp:term":[{"taxonomy":"category","embeddable":true,"href":"https:\/\/gazdasagportal.hu\/index.php\/wp-json\/wp\/v2\/categories?post=140069"},{"taxonomy":"post_tag","embeddable":true,"href":"https:\/\/gazdasagportal.hu\/index.php\/wp-json\/wp\/v2\/tags?post=140069"}],"curies":[{"name":"wp","href":"https:\/\/api.w.org\/{rel}","templated":true}]}}