{"id":140061,"date":"2022-04-17T11:43:08","date_gmt":"2022-04-17T09:43:08","guid":{"rendered":"https:\/\/gazdasagportal.hu\/?p=140061"},"modified":"2022-04-17T11:43:08","modified_gmt":"2022-04-17T09:43:08","slug":"kh-kulfoldre-kacsintgat-a-dolgozo-fiatalok-harmada","status":"publish","type":"post","link":"https:\/\/gazdasagportal.hu\/index.php\/kh-kulfoldre-kacsintgat-a-dolgozo-fiatalok-harmada\/","title":{"rendered":"K&#038;H: k\u00fclf\u00f6ldre kacsintgat a dolgoz\u00f3 fiatalok harmada"},"content":{"rendered":"<p><strong>Ha \u00fagy ad\u00f3dna, akkor a fiatalok 36 sz\u00e1zal\u00e9ka k\u00f6nnyen tal\u00e1lna mag\u00e1nak \u00faj munk\u00e1t &#8211; legal\u00e1bbis ezt mondt\u00e1k a 19-29 \u00e9ves koroszt\u00e1ly dolgoz\u00f3 tagjai a K&amp;H ifj\u00fas\u00e1gi index\u00e9hez v\u00e9gzett felm\u00e9r\u00e9sben. 11 sz\u00e1zal\u00e9kuk viszont \u00fagy v\u00e9li, nagyon nehezen lehetne \u00faj \u00e1ll\u00e1sa. Az is kider\u00fclt a kutat\u00e1sb\u00f3l, hogy a megk\u00e9rdezettek 34 sz\u00e1zal\u00e9ka k\u00fclf\u00f6ld\u00f6n pr\u00f3b\u00e1ln\u00e1 ki mag\u00e1t: ez az egyik legmagasabb \u00e9rt\u00e9k a felm\u00e9r\u00e9s k\u00f6zel 10 \u00e9ves t\u00f6rt\u00e9net\u00e9ben. <\/strong><!--more--><\/p>\n<div class=\"ads-in-post2\"><script async src=\"https:\/\/pagead2.googlesyndication.com\/pagead\/js\/adsbygoogle.js\"><\/script>\r\n<ins class=\"adsbygoogle\"\r\n     style=\"display:block\"\r\n     data-ad-format=\"fluid\"\r\n     data-ad-layout-key=\"-6t+ed+2i-1n-4w\"\r\n     data-ad-client=\"ca-pub-1959107119989764\"\r\n     data-ad-slot=\"4008251320\"><\/ins>\r\n<script>\r\n     (adsbygoogle = window.adsbygoogle || []).push({});\r\n<\/script><\/div>\n<p>&nbsp;<\/p>\n<p>Javult a munkaer\u0151piaci helyzet, legal\u00e1bbis a j\u00e1rv\u00e1ny legs\u00falyosabb, 2020 k\u00f6zep\u00e9t jellemz\u0151 id\u0151szak\u00e1hoz k\u00e9pest, amikor a munkan\u00e9lk\u00fclis\u00e9gi r\u00e1ta 4,5-5 sz\u00e1zal\u00e9kos volt: ehhez k\u00e9pest 2021 v\u00e9g\u00e9re 4 sz\u00e1zal\u00e9k al\u00e1 ker\u00fclt a r\u00e1ta. A fiatalok t\u00e1bor\u00e1ban is kedvez\u0151bb lett a helyzet, a m\u00falt \u00e9v utols\u00f3 negyed\u00e9ben a 20-24 \u00e9vesek munkan\u00e9lk\u00fclis\u00e9gi r\u00e1t\u00e1ja 11,1, a 25-29 \u00e9vesek\u00e9 4,1 sz\u00e1zal\u00e9kos volt, szemben a 2020 harmadik negyed\u00e9v\u00e9ben m\u00e9rt 12,7, illetve 5,6 sz\u00e1zal\u00e9kos mutat\u00f3val. B\u00e1r a hivatalos statisztik\u00e1k a munkaer\u0151piaci helyzet er\u0151s\u00f6d\u00e9s\u00e9t mutatj\u00e1k, a javul\u00e1s miatt \u00fajra el\u0151ker\u00fcl a j\u00e1rv\u00e1ny el\u0151tt m\u00e1r l\u00e1that\u00f3v\u00e1 v\u00e1lt probl\u00e9ma, azaz egyes szektorokban &#8211; p\u00e9ld\u00e1ul a kiskereskedelemben &#8211; munkaer\u0151hi\u00e1nyos helyzet alakult ki, sok posztra nincs el\u00e9g alkalmazott. Ennek ellen\u00e9re az\u00e9rt m\u00e9g nem lefutott meccs a munkakeres\u00e9s, mert a meghirdetett poz\u00edci\u00f3kra nem mindig alkalmasak a jelentkez\u0151k.<\/p><div id=\"gazda-2309971630\" class=\"gazda-tartalomban gazda-entity-placement\"><script async src=\"https:\/\/pagead2.googlesyndication.com\/pagead\/js\/adsbygoogle.js\"><\/script>\r\n<ins class=\"adsbygoogle\"\r\n     style=\"display:block\"\r\n     data-ad-format=\"fluid\"\r\n     data-ad-layout-key=\"-6t+ed+2i-1n-4w\"\r\n     data-ad-client=\"ca-pub-1959107119989764\"\r\n     data-ad-slot=\"4008251320\"><\/ins>\r\n<script>\r\n     (adsbygoogle = window.adsbygoogle || []).push({});\r\n<\/script><\/div>\n<p>&nbsp;<\/p>\n<p><strong>k\u00f6nny\u0171 vagy neh\u00e9z?<\/strong><\/p>\n<p>A K&amp;H ifj\u00fas\u00e1gi index\u00e9hez az idei els\u0151 negyed\u00e9vben k\u00e9sz\u00fclt reprezentat\u00edv felm\u00e9r\u00e9s eredm\u00e9nyei szerint a 20-29 \u00e9ves dolgoz\u00f3 fiatalok 36 sz\u00e1zal\u00e9ka gondolja \u00fagy, hogy gyorsan, azaz k\u00f6nnyen tal\u00e1lna mag\u00e1nak \u00faj \u00e1ll\u00e1st. Ez 2020 eleje \u00f3ta a legjobb eredm\u00e9ny. Igaz, a j\u00e1rv\u00e1ny el\u0151tt, p\u00e9ld\u00e1ul 2019 v\u00e9g\u00e9n ugyancsak 36 sz\u00e1zal\u00e9kos volt az ar\u00e1nyuk, de volt enn\u00e9l magasabb szint is: 2018 harmadik negyed\u00e9v\u00e9ben az \u00e9rintett fiatalok 43 sz\u00e1zal\u00e9ka l\u00e1tta k\u00f6nny\u0171nek az \u00e1ll\u00e1skeres\u00e9st. A mostani kutat\u00e1s azonban r\u00e1vil\u00e1g\u00edt arra is, hogy a fiatalok 11 sz\u00e1zal\u00e9ka pesszimista, azaz \u00fagy v\u00e9li, nagyon nehezen tal\u00e1lna m\u00e1sik \u00e1ll\u00e1st.<\/p>\n<p>&nbsp;<\/p>\n<p><strong>k\u00fclf\u00f6ld\u00f6n vagy itthon?<\/strong><\/p>\n<p>Ezzel p\u00e1rhuzamosan cs\u00facsk\u00f6zelbe \u00e9rt a k\u00fclf\u00f6ldi munka fel\u00e9 kacsintgat\u00f3k ar\u00e1nya. A felm\u00e9r\u00e9s szerint a dolgoz\u00f3k fiatalok 34 sz\u00e1zal\u00e9ka, vagyis harmada azt tervezi, hogy legal\u00e1bb egy id\u0151re m\u00e1sik orsz\u00e1gban teszi pr\u00f3b\u00e1ra mag\u00e1t. Hasonl\u00f3an magas ar\u00e1nyra a felm\u00e9r\u00e9s k\u00f6zel 10 \u00e9ves t\u00f6rt\u00e9net\u00e9ben csak n\u00e9h\u00e1ny alkalommal &#8211; t\u00f6bbek k\u00f6z\u00f6tt 2013-ban, 2017 elej\u00e9n &#8211; volt p\u00e9lda. Ugyanakkor a megk\u00e9rdezettek 27 sz\u00e1zal\u00e9ka l\u00e9nyeg\u00e9ben teljesen kiz\u00e1rtnak tartja, hogy k\u00fclf\u00f6ld\u00f6n pr\u00f3b\u00e1ljon szerencs\u00e9t.<\/p>\n<div class=\"ads-in-post2\"><script async src=\"https:\/\/pagead2.googlesyndication.com\/pagead\/js\/adsbygoogle.js\"><\/script>\r\n<ins class=\"adsbygoogle\"\r\n     style=\"display:block\"\r\n     data-ad-format=\"fluid\"\r\n     data-ad-layout-key=\"-6t+ed+2i-1n-4w\"\r\n     data-ad-client=\"ca-pub-1959107119989764\"\r\n     data-ad-slot=\"4008251320\"><\/ins>\r\n<script>\r\n     (adsbygoogle = window.adsbygoogle || []).push({});\r\n<\/script><\/div>\n<p><strong>A K&amp;H Csoport<\/strong><\/p>\n<p>Az orsz\u00e1g egyik vezet\u0151 \u00e9s orsz\u00e1gosan k\u00f6zel 3.700 munkat\u00e1rsat foglalkoztat\u00f3 p\u00e9nzint\u00e9zetek\u00e9nt a K&amp;H c\u00e9lja, hogy \u00fcgyfelei ig\u00e9nyeit mindenkor magas szinten el\u00e9g\u00edtse ki, \u00e9s a lehet\u0151 legteljesebb term\u00e9kpalett\u00e1t ny\u00fajtsa sz\u00e1mukra. A K&amp;H orsz\u00e1gszerte 198 lakoss\u00e1gi \u00fcgyf\u00e9lpontot m\u0171k\u00f6dtet, \u00e9s csoportszinten mintegy 1,5 milli\u00f3 \u00fcgyf\u00e9lnek k\u00edn\u00e1l p\u00e9nz\u00fcgyi szolg\u00e1ltat\u00e1sokat. A magyar gazdas\u00e1g m\u0171k\u00f6d\u00e9s\u00e9t t\u00f6bb, mint 2.700 milli\u00e1rd forintnyi kihelyezett hitel- \u00e9s hiteljelleg\u0171 \u00e1llom\u00e1nnyal seg\u00edti h\u00e1ztart\u00e1sok, kisv\u00e1llalkoz\u00e1sok, v\u00e1llalatok \u00e9s \u00f6nkorm\u00e1nyzatok finansz\u00edroz\u00e1s\u00e1n kereszt\u00fcl.<\/p>\n","protected":false},"excerpt":{"rendered":"<p>Ha \u00fagy ad\u00f3dna, akkor a fiatalok 36 sz\u00e1zal\u00e9ka k\u00f6nnyen tal\u00e1lna mag\u00e1nak \u00faj munk\u00e1t &#8211; legal\u00e1bbis ezt mondt\u00e1k a 19-29 \u00e9ves koroszt\u00e1ly dolgoz\u00f3 tagjai a K&amp;H ifj\u00fas\u00e1gi index\u00e9hez v\u00e9gzett felm\u00e9r\u00e9sben. 11 sz\u00e1zal\u00e9kuk viszont \u00fagy v\u00e9li, nagyon nehezen lehetne \u00faj \u00e1ll\u00e1sa. Az is kider\u00fclt a kutat\u00e1sb\u00f3l, hogy a megk\u00e9rdezettek 34 sz\u00e1zal\u00e9ka k\u00fclf\u00f6ld\u00f6n pr\u00f3b\u00e1ln\u00e1 ki mag\u00e1t: ez az &#8230;<\/p>\n","protected":false},"author":1001007,"featured_media":0,"comment_status":"open","ping_status":"open","sticky":false,"template":"","format":"standard","meta":[],"categories":[19],"tags":[],"_links":{"self":[{"href":"https:\/\/gazdasagportal.hu\/index.php\/wp-json\/wp\/v2\/posts\/140061"}],"collection":[{"href":"https:\/\/gazdasagportal.hu\/index.php\/wp-json\/wp\/v2\/posts"}],"about":[{"href":"https:\/\/gazdasagportal.hu\/index.php\/wp-json\/wp\/v2\/types\/post"}],"author":[{"embeddable":true,"href":"https:\/\/gazdasagportal.hu\/index.php\/wp-json\/wp\/v2\/users\/1001007"}],"replies":[{"embeddable":true,"href":"https:\/\/gazdasagportal.hu\/index.php\/wp-json\/wp\/v2\/comments?post=140061"}],"version-history":[{"count":1,"href":"https:\/\/gazdasagportal.hu\/index.php\/wp-json\/wp\/v2\/posts\/140061\/revisions"}],"predecessor-version":[{"id":140062,"href":"https:\/\/gazdasagportal.hu\/index.php\/wp-json\/wp\/v2\/posts\/140061\/revisions\/140062"}],"wp:attachment":[{"href":"https:\/\/gazdasagportal.hu\/index.php\/wp-json\/wp\/v2\/media?parent=140061"}],"wp:term":[{"taxonomy":"category","embeddable":true,"href":"https:\/\/gazdasagportal.hu\/index.php\/wp-json\/wp\/v2\/categories?post=140061"},{"taxonomy":"post_tag","embeddable":true,"href":"https:\/\/gazdasagportal.hu\/index.php\/wp-json\/wp\/v2\/tags?post=140061"}],"curies":[{"name":"wp","href":"https:\/\/api.w.org\/{rel}","templated":true}]}}