{"id":140059,"date":"2022-04-16T12:38:49","date_gmt":"2022-04-16T10:38:49","guid":{"rendered":"https:\/\/gazdasagportal.hu\/?p=140059"},"modified":"2022-04-16T11:40:42","modified_gmt":"2022-04-16T09:40:42","slug":"kh-latvanyos-novekedes-nyugdijfronton","status":"publish","type":"post","link":"https:\/\/gazdasagportal.hu\/index.php\/kh-latvanyos-novekedes-nyugdijfronton\/","title":{"rendered":"K&#038;H: l\u00e1tv\u00e1nyos n\u00f6veked\u00e9s nyugd\u00edjfronton"},"content":{"rendered":"<p><strong>Lefutott az szja-visszat\u00e9r\u00edt\u00e9si szezon, a jogosult h\u00e1ztart\u00e1sok egy r\u00e9sze t\u00f6bb 100 ezer vagy ak\u00e1r milli\u00f3s \u00f6sszeget kaphatott. Emellett v\u00e1rhat\u00f3an az id\u00e9n tov\u00e1bb emelkednek a b\u00e9rek: a magasba sz\u00f6k\u0151 infl\u00e1ci\u00f3 visszafoghatja ugyan a megtakar\u00edt\u00e1sok n\u00f6veked\u00e9s\u00e9t, \u00e1m akinek lehet\u0151s\u00e9ge van r\u00e1, \u00e9rdemes megkezdeni a nyugd\u00edjra val\u00f3 felk\u00e9sz\u00fcl\u00e9st, akinek pedig m\u00e1r van, \u00e9rdemes n\u00f6velni a nyugd\u00edjc\u00e9l\u00fa megtakar\u00edt\u00e1sait &#8211; k\u00f6z\u00f6lte a K&amp;H. A nyugd\u00edjbiztos\u00edt\u00e1ssal rendelkez\u0151k a K&amp;H-n\u00e1l m\u00e1r eddig is \u00edgy tettek, a rendszeres nyugd\u00edjbiztos\u00edt\u00e1sok eset\u00e9ben az \u00e1tlagos havi befizet\u00e9sek \u00f6sszege 2016 \u00e9s 2020 k\u00f6z\u00f6tt 25 sz\u00e1zal\u00e9kkal emelkedett, 2021-ben pedig az el\u0151z\u0151 \u00e9vhez k\u00e9pest tov\u00e1bbi 3 sz\u00e1zal\u00e9kos volt az emelked\u00e9s. R\u00e1ad\u00e1sul a m\u00falt \u00e9vben kiugr\u00f3 m\u00e9rt\u00e9kben, 60 sz\u00e1zal\u00e9kkal n\u0151tt az \u00faj nyugd\u00edjbiztos\u00edt\u00e1si szerz\u0151d\u00e9sek sz\u00e1ma, ami a tudatoss\u00e1g tov\u00e1bbi t\u00e9rnyer\u00e9s\u00e9re utal. <\/strong><!--more--><\/p>\n<div class=\"ads-in-post2\"><script async src=\"https:\/\/pagead2.googlesyndication.com\/pagead\/js\/adsbygoogle.js\"><\/script>\r\n<ins class=\"adsbygoogle\"\r\n     style=\"display:block\"\r\n     data-ad-format=\"fluid\"\r\n     data-ad-layout-key=\"-6t+ed+2i-1n-4w\"\r\n     data-ad-client=\"ca-pub-1959107119989764\"\r\n     data-ad-slot=\"4008251320\"><\/ins>\r\n<script>\r\n     (adsbygoogle = window.adsbygoogle || []).push({});\r\n<\/script><\/div>\n<p>T\u00f6bb szempontb\u00f3l is rendk\u00edv\u00fcli \u00e9v volt a 2021-es esztend\u0151. A koronav\u00edrus-j\u00e1rv\u00e1nyhoz k\u00f6thet\u0151 bizonytalans\u00e1g 2020-hoz hasonl\u00f3an m\u00e9g mindig meghat\u00e1roz\u00f3 volt, ami a h\u00e1ztart\u00e1sok megtakar\u00edt\u00e1sait is befoly\u00e1solta. A bizonytalan k\u00f6rnyezetben sokan pr\u00f3b\u00e1ltak tartal\u00e9kolni a v\u00e1ratlan kiad\u00e1sokra, elhalasztott\u00e1k a komolyabb \u00f6sszeg\u0171 beszerz\u00e9seket r\u00e9szben a kedvez\u0151tlen helyzet \u00e9s a korl\u00e1toz\u00e1sok miatt. Emellett a takar\u00e9koskod\u00e1st tekintve is rendhagy\u00f3 volt a 2021-es \u00e9v. A K&amp;H-n\u00e1l ugyanis jelent\u0151sen n\u0151tt az id\u0151skorra val\u00f3 felk\u00e9sz\u00fcl\u00e9sben kulcsszerepet j\u00e1tsz\u00f3 nyugd\u00edjbiztos\u00edt\u00e1si szerz\u0151d\u00e9sek sz\u00e1ma &#8211; k\u00f6z\u00f6lte a t\u00e1rsas\u00e1g.<\/p>\n<p>&nbsp;<\/p><div id=\"gazda-3195270283\" class=\"gazda-tartalomban gazda-entity-placement\"><script async src=\"https:\/\/pagead2.googlesyndication.com\/pagead\/js\/adsbygoogle.js\"><\/script>\r\n<ins class=\"adsbygoogle\"\r\n     style=\"display:block\"\r\n     data-ad-format=\"fluid\"\r\n     data-ad-layout-key=\"-6t+ed+2i-1n-4w\"\r\n     data-ad-client=\"ca-pub-1959107119989764\"\r\n     data-ad-slot=\"4008251320\"><\/ins>\r\n<script>\r\n     (adsbygoogle = window.adsbygoogle || []).push({});\r\n<\/script><\/div>\n<p><strong>Kiugr\u00f3 eredm\u00e9ny ut\u00e1n extra lend\u00fcletet adhat az eseti ad\u00f3j\u00f3v\u00e1\u00edr\u00e1s<\/strong><\/p>\n<p>\u201cAz elm\u00falt \u00e9vekben fokozatosan n\u00f6vekedett az \u00e1llami t\u00e1mogat\u00e1ssal, azaz ad\u00f3j\u00f3v\u00e1\u00edr\u00e1ssal ig\u00e9nybe vehet\u0151 nyugd\u00edjbiztos\u00edt\u00e1sok sz\u00e1ma. A 2016-t\u00f3l \u00e9s 2019-ig tart\u00f3 id\u0151szak \u00e1tlag\u00e1hoz k\u00e9pest 2020-ban 6 sz\u00e1zal\u00e9kkal t\u00f6bb szerz\u0151d\u00e9st k\u00f6t\u00f6ttek a j\u00f6v\u0151 nyugd\u00edjasai. Ehhez k\u00e9pest 2021-ben \u00e9vben kiugr\u00f3, 60 sz\u00e1zal\u00e9kos volt a n\u00f6veked\u00e9s &#8211; monda <strong>Sz\u00e9kely P\u00e1lma, a K&amp;H Biztos\u00edt\u00f3 \u00e9letbiztos\u00edt\u00e1s \u00e9s saj\u00e1t \u00e9rt\u00e9kes\u00edt\u00e9si csatorn\u00e1k vezet\u0151je<\/strong>. Hozz\u00e1tette: \u201cA nyugd\u00edjc\u00e9l\u00fa megtakar\u00edt\u00e1st nem lehet el\u00e9g kor\u00e1n elkezdeni, min\u00e9l hamarabb belev\u00e1g valaki, ann\u00e1l nagyobb \u00f6sszeget halmozhat fel a nyugd\u00edjkorhat\u00e1r el\u00e9r\u00e9s\u00e9ig.\u201d A szakember szerint a nyugd\u00edjbiztos\u00edt\u00e1ssal t\u00f6rt\u00e9n\u0151 takar\u00e9koskod\u00e1s elkezd\u00e9s\u00e9re, valamint a m\u00e1r megl\u00e9v\u0151 megtakar\u00edt\u00e1sok n\u00f6vel\u00e9s\u00e9re alkalmat adhat az arra jogosultaknak a 2022 febru\u00e1rj\u00e1ban az szja-visszat\u00e9r\u00edt\u00e9sb\u0151l sz\u00e1rmaz\u00f3, csal\u00e1donk\u00e9nt ak\u00e1r t\u00f6bb 100 ezer forintos ad\u00f3visszat\u00e9r\u00edt\u00e9s is.<\/p>\n<div class=\"ads-in-post2\"><script async src=\"https:\/\/pagead2.googlesyndication.com\/pagead\/js\/adsbygoogle.js\"><\/script>\r\n<ins class=\"adsbygoogle\"\r\n     style=\"display:block\"\r\n     data-ad-format=\"fluid\"\r\n     data-ad-layout-key=\"-6t+ed+2i-1n-4w\"\r\n     data-ad-client=\"ca-pub-1959107119989764\"\r\n     data-ad-slot=\"4008251320\"><\/ins>\r\n<script>\r\n     (adsbygoogle = window.adsbygoogle || []).push({});\r\n<\/script><\/div>\n<p><strong>Sokatmond\u00f3 sz\u00e1mok<\/strong><\/p>\n<p>A nyugd\u00edjbiztos\u00edt\u00e1si szerz\u0151d\u00e9ssel m\u00e1r rendelkez\u0151k fokozatosan egyre t\u00f6bbet tesznek f\u00e9lre a K&amp;H adatai szerint. Sz\u00e9kely P\u00e1lma a legfrissebb adatokat ismertetve k\u00f6z\u00f6lte: 2020-ban a t\u00f6bb \u00e9ve fut\u00f3 rendszeres nyugd\u00edjbiztos\u00edt\u00e1si szerz\u0151d\u00e9sekn\u00e9l a befizet\u00e9sek \u00e1tlagos \u00f6sszege 4,4 sz\u00e1zal\u00e9kkal volt magasabb, mint a 2016 \u00e9s 2019 k\u00f6z\u00f6ti id\u0151szakban. A 2021-es \u00e9v pedig tov\u00e1bbi 3 sz\u00e1zal\u00e9kos emelked\u00e9st hozott. Az \u00faj szerz\u0151d\u00e9sekn\u00e9l m\u00e9g jelent\u0151sebb b\u0151v\u00fcl\u00e9s l\u00e1that\u00f3, az \u00e1tlagos havi d\u00edjak 2016 \u00e9s 2020 k\u00f6z\u00f6tt 25 sz\u00e1zal\u00e9kkal emelkedtek, erre j\u00f6tt 2021-ben ugyancsak 3 sz\u00e1zal\u00e9kos emelked\u00e9s.<\/p>\n<p>A K&amp;H szakember kiemelte: \u201cAz \u00e1tlagos befizet\u00e9sek \u00f6sszeg\u00e9nek n\u00f6veked\u00e9se a tudatoss\u00e1g fokoz\u00f3d\u00e1s\u00e1ra utal, ezt jelzi az is, hogy egyre t\u00f6bben ismerik fel, hogy \u00e9rdemes min\u00e9l el\u0151bb megkezdeni a sp\u00f3rol\u00e1st. A K&amp;H-n\u00e1l 2016-ban a nyugd\u00edjbiztos\u00edt\u00e1sos \u00fcgyfelek csup\u00e1n 7 sz\u00e1zal\u00e9ka volt 30 \u00e9v alatti, 2021-re m\u00e1r m\u00e1sf\u00e9lszeres\u00e9re n\u0151tt a fiatalabb koroszt\u00e1ly ar\u00e1nya, 11 sz\u00e1zal\u00e9kra. Az \u00f6sszes nyugd\u00edjbiztos\u00edt\u00e1sos \u00fcgyfelet n\u00e9zve az \u00e1tlag\u00e9letkor 43 \u00e9v, ami a v\u00e1rakoz\u00e1saink szerint a j\u00f6v\u0151ben tov\u00e1bb fog fiatalodni.\u201d<\/p>\n","protected":false},"excerpt":{"rendered":"<p>Lefutott az szja-visszat\u00e9r\u00edt\u00e9si szezon, a jogosult h\u00e1ztart\u00e1sok egy r\u00e9sze t\u00f6bb 100 ezer vagy ak\u00e1r milli\u00f3s \u00f6sszeget kaphatott. Emellett v\u00e1rhat\u00f3an az id\u00e9n tov\u00e1bb emelkednek a b\u00e9rek: a magasba sz\u00f6k\u0151 infl\u00e1ci\u00f3 visszafoghatja ugyan a megtakar\u00edt\u00e1sok n\u00f6veked\u00e9s\u00e9t, \u00e1m akinek lehet\u0151s\u00e9ge van r\u00e1, \u00e9rdemes megkezdeni a nyugd\u00edjra val\u00f3 felk\u00e9sz\u00fcl\u00e9st, akinek pedig m\u00e1r van, \u00e9rdemes n\u00f6velni a nyugd\u00edjc\u00e9l\u00fa megtakar\u00edt\u00e1sait &#8211; &#8230;<\/p>\n","protected":false},"author":1001007,"featured_media":0,"comment_status":"open","ping_status":"open","sticky":false,"template":"","format":"standard","meta":[],"categories":[19],"tags":[],"_links":{"self":[{"href":"https:\/\/gazdasagportal.hu\/index.php\/wp-json\/wp\/v2\/posts\/140059"}],"collection":[{"href":"https:\/\/gazdasagportal.hu\/index.php\/wp-json\/wp\/v2\/posts"}],"about":[{"href":"https:\/\/gazdasagportal.hu\/index.php\/wp-json\/wp\/v2\/types\/post"}],"author":[{"embeddable":true,"href":"https:\/\/gazdasagportal.hu\/index.php\/wp-json\/wp\/v2\/users\/1001007"}],"replies":[{"embeddable":true,"href":"https:\/\/gazdasagportal.hu\/index.php\/wp-json\/wp\/v2\/comments?post=140059"}],"version-history":[{"count":1,"href":"https:\/\/gazdasagportal.hu\/index.php\/wp-json\/wp\/v2\/posts\/140059\/revisions"}],"predecessor-version":[{"id":140060,"href":"https:\/\/gazdasagportal.hu\/index.php\/wp-json\/wp\/v2\/posts\/140059\/revisions\/140060"}],"wp:attachment":[{"href":"https:\/\/gazdasagportal.hu\/index.php\/wp-json\/wp\/v2\/media?parent=140059"}],"wp:term":[{"taxonomy":"category","embeddable":true,"href":"https:\/\/gazdasagportal.hu\/index.php\/wp-json\/wp\/v2\/categories?post=140059"},{"taxonomy":"post_tag","embeddable":true,"href":"https:\/\/gazdasagportal.hu\/index.php\/wp-json\/wp\/v2\/tags?post=140059"}],"curies":[{"name":"wp","href":"https:\/\/api.w.org\/{rel}","templated":true}]}}