{"id":140031,"date":"2022-04-13T19:39:56","date_gmt":"2022-04-13T17:39:56","guid":{"rendered":"https:\/\/gazdasagportal.hu\/?p=140031"},"modified":"2022-04-13T19:39:56","modified_gmt":"2022-04-13T17:39:56","slug":"indul-a-visszaszamlalas-egy-het-es-eltunik-a-muanyagzacsko-az-auchanbol","status":"publish","type":"post","link":"https:\/\/gazdasagportal.hu\/index.php\/indul-a-visszaszamlalas-egy-het-es-eltunik-a-muanyagzacsko-az-auchanbol\/","title":{"rendered":"Indul a visszasz\u00e1ml\u00e1l\u00e1s: egy h\u00e9t, \u00e9s elt\u0171nik a m\u0171anyagzacsk\u00f3 az Auchanb\u00f3l"},"content":{"rendered":"<p>Az Auchan \u00e1ruh\u00e1zakb\u00f3l egy h\u00e9t m\u00falva elt\u0171nnek a gurig\u00e1r\u00f3l let\u00e9phet\u0151 nejlonzacsk\u00f3k. Az \u00e1ruh\u00e1zl\u00e1nc els\u0151k\u00e9nt vonja ki a z\u00f6lds\u00e9g-gy\u00fcm\u00f6lcs oszt\u00e1lyokr\u00f3l \u00e9s a p\u00e9k\u00e1ru r\u00e9szlegekr\u0151l ezeket a s\u00falyosan k\u00f6rnyezetszennyez\u0151, egyszer haszn\u00e1latos m\u0171anyagokat, amivel \u00e9vi 172 tonna m\u0171anyaghullad\u00e9k sp\u00f3rolhat\u00f3 majd meg. Helyett\u00fck csak a t\u00f6bbsz\u00f6r haszn\u00e1latos, vagy komposzt\u00e1lhat\u00f3 \u00e9s leboml\u00f3 tasakok maradnak, amelyek m\u00e1r egy ideje szerepelnek az Auchan k\u00edn\u00e1lat\u00e1ban. \u00cdgy a z\u00f6lds\u00e9g-gy\u00fcm\u00f6lcs lem\u00e9r\u00e9s\u00e9re sz\u00e1nt k\u00f6rnyezetbar\u00e1t zacsk\u00f3, vagy a ReTasak, ami moshat\u00f3 \u00e9s praktikusan \u00f6sszefoghat\u00f3, illetve a nagyobb m\u00e9ret\u0171, t\u00f6bbsz\u00f6r haszn\u00e1lhat\u00f3 t\u00e1ska, amibe ak\u00e1r hat term\u00e9ket is beletehet\u00fcnk. A p\u00e9ks\u00fctem\u00e9nyeket ezent\u00fal egy diz\u00e1jnos, biopamutb\u00f3l k\u00e9sz\u00fclt zs\u00e1kban vihetj\u00fck haza, amit szint\u00e9n lehet mosni. Kevesebb p\u00e9k\u00e1ruhoz a m\u0171anyagablak n\u00e9lk\u00fcli, 100 %-ban pap\u00edrb\u00f3l k\u00e9sz\u00fclt zacsk\u00f3t k\u00edn\u00e1lj\u00e1k, ami \u00fajrahasznos\u00edthat\u00f3, vagy komposzt\u00e1lhat\u00f3.<\/p>\n<div class=\"ads-in-post2\"><script async src=\"https:\/\/pagead2.googlesyndication.com\/pagead\/js\/adsbygoogle.js\"><\/script>\r\n<ins class=\"adsbygoogle\"\r\n     style=\"display:block\"\r\n     data-ad-format=\"fluid\"\r\n     data-ad-layout-key=\"-6t+ed+2i-1n-4w\"\r\n     data-ad-client=\"ca-pub-1959107119989764\"\r\n     data-ad-slot=\"4008251320\"><\/ins>\r\n<script>\r\n     (adsbygoogle = window.adsbygoogle || []).push({});\r\n<\/script><\/div>\n<p>Ezekkel a k\u00f6rnyezetbar\u00e1t csomagol\u00f3eszk\u00f6z\u00f6kkel jelent\u0151s l\u00e9p\u00e9st tehet\u00fcnk k\u00f6rnyezet\u00fcnk v\u00e9delm\u00e9\u00e9rt. Miut\u00e1n a megv\u00e1s\u00e1rolhat\u00f3 tasakokat j\u00f3r\u00e9sz\u00e9t t\u00f6bbsz\u00f6r is haszn\u00e1lhatjuk, ezeket \u00e9rdemes mindig magunkn\u00e1l tartani, de term\u00e9szetesen arra is van lehet\u0151s\u00e9g, hogy az Auchanban vett term\u00e9keket a saj\u00e1t csomagol\u00f3eszk\u00f6z\u00fcnkben vigy\u00fck haza.<\/p>\n<p>&nbsp;<\/p><div id=\"gazda-3424062300\" class=\"gazda-tartalomban gazda-entity-placement\"><script async src=\"https:\/\/pagead2.googlesyndication.com\/pagead\/js\/adsbygoogle.js\"><\/script>\r\n<ins class=\"adsbygoogle\"\r\n     style=\"display:block\"\r\n     data-ad-format=\"fluid\"\r\n     data-ad-layout-key=\"-6t+ed+2i-1n-4w\"\r\n     data-ad-client=\"ca-pub-1959107119989764\"\r\n     data-ad-slot=\"4008251320\"><\/ins>\r\n<script>\r\n     (adsbygoogle = window.adsbygoogle || []).push({});\r\n<\/script><\/div>\n<p>Az infografika seg\u00edt eligazodni az Auchan z\u00f6ld tasakjai k\u00f6z\u00f6tt. Szerezz\u00fck be a megfelel\u0151t, \u00e9s a t\u00f6bbsz\u00f6r haszn\u00e1latosak ezent\u00fal \u00e9pp\u00fagy legyenek n\u00e1lunk, mint a telefonunk vagy a lak\u00e1skulcsunk!<br \/>\n<a href=\"https:\/\/gazdasagportal.hu\/wp-content\/uploads\/2022\/04\/infografika.jpg\"><img decoding=\"async\" loading=\"lazy\" src=\"https:\/\/gazdasagportal.hu\/wp-content\/uploads\/2022\/04\/infografika.jpg\" alt=\"\" width=\"561\" height=\"782\" class=\"aligncenter size-full wp-image-140032\" srcset=\"https:\/\/gazdasagportal.hu\/wp-content\/uploads\/2022\/04\/infografika.jpg 561w, https:\/\/gazdasagportal.hu\/wp-content\/uploads\/2022\/04\/infografika-215x300.jpg 215w\" sizes=\"(max-width: 561px) 100vw, 561px\" \/><\/a><\/p>\n","protected":false},"excerpt":{"rendered":"<p>Az Auchan \u00e1ruh\u00e1zakb\u00f3l egy h\u00e9t m\u00falva elt\u0171nnek a gurig\u00e1r\u00f3l let\u00e9phet\u0151 nejlonzacsk\u00f3k. Az \u00e1ruh\u00e1zl\u00e1nc els\u0151k\u00e9nt vonja ki a z\u00f6lds\u00e9g-gy\u00fcm\u00f6lcs oszt\u00e1lyokr\u00f3l \u00e9s a p\u00e9k\u00e1ru r\u00e9szlegekr\u0151l ezeket a s\u00falyosan k\u00f6rnyezetszennyez\u0151, egyszer haszn\u00e1latos m\u0171anyagokat, amivel \u00e9vi 172 tonna m\u0171anyaghullad\u00e9k sp\u00f3rolhat\u00f3 majd meg. Helyett\u00fck csak a t\u00f6bbsz\u00f6r haszn\u00e1latos, vagy komposzt\u00e1lhat\u00f3 \u00e9s leboml\u00f3 tasakok maradnak, amelyek m\u00e1r egy ideje szerepelnek az &#8230;<\/p>\n","protected":false},"author":1001007,"featured_media":0,"comment_status":"open","ping_status":"open","sticky":false,"template":"","format":"standard","meta":[],"categories":[19],"tags":[],"_links":{"self":[{"href":"https:\/\/gazdasagportal.hu\/index.php\/wp-json\/wp\/v2\/posts\/140031"}],"collection":[{"href":"https:\/\/gazdasagportal.hu\/index.php\/wp-json\/wp\/v2\/posts"}],"about":[{"href":"https:\/\/gazdasagportal.hu\/index.php\/wp-json\/wp\/v2\/types\/post"}],"author":[{"embeddable":true,"href":"https:\/\/gazdasagportal.hu\/index.php\/wp-json\/wp\/v2\/users\/1001007"}],"replies":[{"embeddable":true,"href":"https:\/\/gazdasagportal.hu\/index.php\/wp-json\/wp\/v2\/comments?post=140031"}],"version-history":[{"count":1,"href":"https:\/\/gazdasagportal.hu\/index.php\/wp-json\/wp\/v2\/posts\/140031\/revisions"}],"predecessor-version":[{"id":140033,"href":"https:\/\/gazdasagportal.hu\/index.php\/wp-json\/wp\/v2\/posts\/140031\/revisions\/140033"}],"wp:attachment":[{"href":"https:\/\/gazdasagportal.hu\/index.php\/wp-json\/wp\/v2\/media?parent=140031"}],"wp:term":[{"taxonomy":"category","embeddable":true,"href":"https:\/\/gazdasagportal.hu\/index.php\/wp-json\/wp\/v2\/categories?post=140031"},{"taxonomy":"post_tag","embeddable":true,"href":"https:\/\/gazdasagportal.hu\/index.php\/wp-json\/wp\/v2\/tags?post=140031"}],"curies":[{"name":"wp","href":"https:\/\/api.w.org\/{rel}","templated":true}]}}