{"id":140029,"date":"2022-04-13T17:52:31","date_gmt":"2022-04-13T15:52:31","guid":{"rendered":"https:\/\/gazdasagportal.hu\/?p=140029"},"modified":"2022-04-13T17:52:31","modified_gmt":"2022-04-13T15:52:31","slug":"tozsdezaras-elemzo-felulteljesitett-a-bux-a-nyugat-europai-piacokhoz-kepest","status":"publish","type":"post","link":"https:\/\/gazdasagportal.hu\/index.php\/tozsdezaras-elemzo-felulteljesitett-a-bux-a-nyugat-europai-piacokhoz-kepest\/","title":{"rendered":"T\u0151zsdez\u00e1r\u00e1s &#8211; Elemz\u0151: fel\u00fclteljes\u00edtett a BUX a nyugat-eur\u00f3pai piacokhoz k\u00e9pest"},"content":{"rendered":"<p><strong>A Budapesti \u00c9rt\u00e9kt\u0151zsde r\u00e9szv\u00e9nyindexe, a BUX 884,67 pontos, 2,12 sz\u00e1zal\u00e9kos emelked\u00e9ssel, 42 651,63 ponton z\u00e1rt szerd\u00e1n.<\/strong><!--more--><\/p>\n<div class=\"ads-in-post2\"><script async src=\"https:\/\/pagead2.googlesyndication.com\/pagead\/js\/adsbygoogle.js\"><\/script>\r\n<ins class=\"adsbygoogle\"\r\n     style=\"display:block\"\r\n     data-ad-format=\"fluid\"\r\n     data-ad-layout-key=\"-6t+ed+2i-1n-4w\"\r\n     data-ad-client=\"ca-pub-1959107119989764\"\r\n     data-ad-slot=\"4008251320\"><\/ins>\r\n<script>\r\n     (adsbygoogle = window.adsbygoogle || []).push({});\r\n<\/script><\/div>\n<p>    A r\u00e9szv\u00e9nypiac forgalma 9,1 milli\u00e1rd forint volt, a vezet\u0151 r\u00e9szv\u00e9nyek emelkedtek az el\u0151z\u0151 napi z\u00e1r\u00e1shoz k\u00e9pest.<br \/>\n    Varga Zolt\u00e1n, az Equilor Befektet\u00e9si Zrt. szenior elemz\u0151je az MTI-nek elmondta, hogy a Mol \u00e9s az OTP er\u0151s\u00f6d\u00e9s\u00e9nek k\u00f6sz\u00f6nhet\u0151en pluszban z\u00e1rt a BUX-index, amely 2,12 sz\u00e1zal\u00e9kos emelked\u00e9s\u00e9vel fel\u00fclteljes\u00edt\u0151 volt a nyugat-eur\u00f3pai piacokhoz k\u00e9pest.<br \/>\n    Az elemz\u0151 szerint b\u00e1r a Mollal \u00f6sszef\u00fcgg\u00e9sben nem \u00e9rkeztek h\u00edrek, az olajt\u00e1rsas\u00e1g \u00e1rfolyam\u00e1ra j\u00f3t\u00e9konyan hatott, hogy szerd\u00e1n tov\u00e1bb emelkedett az olaj \u00e1ra.<br \/>\n    Arra is kit\u00e9rt, hogy szerd\u00e1n tartotta az OTP a k\u00f6zgy\u0171l\u00e9s\u00e9t, ahol elfogadt\u00e1k, hogy a t\u00e1rsas\u00e1g r\u00e9szv\u00e9nyenk\u00e9nt 429,46 forint osztal\u00e9kot fizet a 2019-es, 2020-as \u00e9s 2021-es \u00e9v ut\u00e1n.<br \/>\n    Varga Zolt\u00e1n \u00e9rdekesnek min\u0151s\u00edtette  az OTP Bank eln\u00f6k-vez\u00e9rigazgat\u00f3j\u00e1nak, Cs\u00e1nyi S\u00e1ndornak a k\u00f6zgy\u0171l\u00e9sen tett bejelent\u00e9s\u00e9t, amely szerint elhalasztott\u00e1k ugyan az \u00fczb\u00e9g bank felv\u00e1s\u00e1rl\u00e1s\u00e1t, mivel a h\u00e1bor\u00fa miatt kock\u00e1zatok jelentkeztek, de a k\u00e9s\u0151bbiekben tov\u00e1bbra is keresik az akviz\u00edci\u00f3s c\u00e9lpontokat. Az elemz\u0151 szerint j\u00f3l fogadt\u00e1k a befektet\u0151k az elhangzottakat, hiszen az OTP jegyz\u00e9se 2,44 sz\u00e1zal\u00e9kkal emelkedett.<br \/>\n<div class=\"ads-in-post2\"><script async src=\"https:\/\/pagead2.googlesyndication.com\/pagead\/js\/adsbygoogle.js\"><\/script>\r\n<ins class=\"adsbygoogle\"\r\n     style=\"display:block\"\r\n     data-ad-format=\"fluid\"\r\n     data-ad-layout-key=\"-6t+ed+2i-1n-4w\"\r\n     data-ad-client=\"ca-pub-1959107119989764\"\r\n     data-ad-slot=\"4008251320\"><\/ins>\r\n<script>\r\n     (adsbygoogle = window.adsbygoogle || []).push({});\r\n<\/script><\/div>\n    A Mol 88 forinttal, 3,14 sz\u00e1zal\u00e9kkal 2888 forintra er\u0151s\u00f6d\u00f6tt, 1,2 milli\u00e1rd forintos forgalomban.<br \/>\n    Az OTP-r\u00e9szv\u00e9nyek \u00e1ra 260 forinttal, 2,46 sz\u00e1zal\u00e9kkal 10 820 forintra n\u0151tt, forgalmuk 6,4 milli\u00e1rd forintot tett ki.<br \/>\n    A Magyar Telekom \u00e1rfolyama 5,0 forinttal, 1,31 sz\u00e1zal\u00e9kkal 387 forintra emelkedett, forgalma 218,2 milli\u00f3 forint volt.<br \/>\n    A Richter-pap\u00edrok \u00e1rfolyama 60 forinttal, 0,86 sz\u00e1zal\u00e9kkal 7060 forintra er\u0151s\u00f6d\u00f6tt, a r\u00e9szv\u00e9nyek forgalma 1,1 milli\u00e1rd forintot \u00e9rt el.<br \/>\n    A BUMIX 4157,17 ponton z\u00e1rt szerd\u00e1n, ez 41,96 pontos, 1,02 sz\u00e1zal\u00e9kos emelked\u00e9s a keddi z\u00e1r\u00e1shoz viszony\u00edtva.(MTI)<\/p>\n","protected":false},"excerpt":{"rendered":"<p>A Budapesti \u00c9rt\u00e9kt\u0151zsde r\u00e9szv\u00e9nyindexe, a BUX 884,67 pontos, 2,12 sz\u00e1zal\u00e9kos emelked\u00e9ssel, 42 651,63 ponton z\u00e1rt szerd\u00e1n.<\/p>\n","protected":false},"author":1001007,"featured_media":0,"comment_status":"open","ping_status":"open","sticky":false,"template":"","format":"standard","meta":[],"categories":[7],"tags":[],"_links":{"self":[{"href":"https:\/\/gazdasagportal.hu\/index.php\/wp-json\/wp\/v2\/posts\/140029"}],"collection":[{"href":"https:\/\/gazdasagportal.hu\/index.php\/wp-json\/wp\/v2\/posts"}],"about":[{"href":"https:\/\/gazdasagportal.hu\/index.php\/wp-json\/wp\/v2\/types\/post"}],"author":[{"embeddable":true,"href":"https:\/\/gazdasagportal.hu\/index.php\/wp-json\/wp\/v2\/users\/1001007"}],"replies":[{"embeddable":true,"href":"https:\/\/gazdasagportal.hu\/index.php\/wp-json\/wp\/v2\/comments?post=140029"}],"version-history":[{"count":1,"href":"https:\/\/gazdasagportal.hu\/index.php\/wp-json\/wp\/v2\/posts\/140029\/revisions"}],"predecessor-version":[{"id":140030,"href":"https:\/\/gazdasagportal.hu\/index.php\/wp-json\/wp\/v2\/posts\/140029\/revisions\/140030"}],"wp:attachment":[{"href":"https:\/\/gazdasagportal.hu\/index.php\/wp-json\/wp\/v2\/media?parent=140029"}],"wp:term":[{"taxonomy":"category","embeddable":true,"href":"https:\/\/gazdasagportal.hu\/index.php\/wp-json\/wp\/v2\/categories?post=140029"},{"taxonomy":"post_tag","embeddable":true,"href":"https:\/\/gazdasagportal.hu\/index.php\/wp-json\/wp\/v2\/tags?post=140029"}],"curies":[{"name":"wp","href":"https:\/\/api.w.org\/{rel}","templated":true}]}}