{"id":140012,"date":"2022-04-12T14:46:25","date_gmt":"2022-04-12T12:46:25","guid":{"rendered":"https:\/\/gazdasagportal.hu\/?p=140012"},"modified":"2022-04-12T10:47:49","modified_gmt":"2022-04-12T08:47:49","slug":"szallas-hu-rekord-lehet-a-belfoldi-turizmusban-husvetkor","status":"publish","type":"post","link":"https:\/\/gazdasagportal.hu\/index.php\/szallas-hu-rekord-lehet-a-belfoldi-turizmusban-husvetkor\/","title":{"rendered":"Szallas.hu: rekord lehet a belf\u00f6ldi turizmusban h\u00fasv\u00e9tkor"},"content":{"rendered":"<p><strong>Az el\u0151foglal\u00e1si adatok alapj\u00e1n m\u00e1r most t\u00f6bb sz\u00e1ll\u00e1sfoglal\u00e1st adtak le a h\u00fasv\u00e9ti hossz\u00fa h\u00e9tv\u00e9g\u00e9re, mint 2019-ben &#8211; k\u00f6z\u00f6lte a Szallas.hu kedden az MTI-vel.<\/strong><!--more--><\/p>\n<div class=\"ads-in-post2\"><script async src=\"https:\/\/pagead2.googlesyndication.com\/pagead\/js\/adsbygoogle.js\"><\/script>\r\n<ins class=\"adsbygoogle\"\r\n     style=\"display:block\"\r\n     data-ad-format=\"fluid\"\r\n     data-ad-layout-key=\"-6t+ed+2i-1n-4w\"\r\n     data-ad-client=\"ca-pub-1959107119989764\"\r\n     data-ad-slot=\"4008251320\"><\/ins>\r\n<script>\r\n     (adsbygoogle = window.adsbygoogle || []).push({});\r\n<\/script><\/div>\n<p>    Adataik szerint, ha nem cs\u00f6kken az utaz\u00e1si kedv, akkor az utols\u00f3 pillanatos foglal\u00e1sok be\u00e9rkez\u00e9s\u00e9vel kiemelked\u0151 lehet a h\u00fasv\u00e9t, a 2019-es \u00f6t\u00f6d\u00e9vel vagy ak\u00e1r negyed\u00e9vel is t\u00f6bb foglal\u00e1s v\u00e1rhat\u00f3.<br \/>\n    A brutt\u00f3 k\u00f6zvet\u00edtett forgalom m\u00e1r most megd\u00f6nt\u00f6tte a 3 \u00e9vvel ezel\u0151tti rekordot, 58 sz\u00e1zal\u00e9kkal t\u00falsz\u00e1rnyalta azt.<br \/>\n    A k\u00f6zlem\u00e9ny id\u00e9zi Trepess Beatrixot, a Szallas.hu PR-menedzser\u00e9t, aki elmondta, hogy az \u00e9jszak\u00e1nk\u00e9nti \u00e1r egy szem\u00e9ly r\u00e9sz\u00e9re harmad\u00e1val n\u0151tt 2019-hez k\u00e9pest, id\u00e9n orsz\u00e1gos viszonylatban \u00e1tlagosan fejenk\u00e9nt 10 ezer forintba ker\u00fcl egy \u00e9jszaka h\u00fasv\u00e9tkor.<br \/>\n    Minden harmadik vend\u00e9g hotelt v\u00e1lasztott, 26 sz\u00e1zal\u00e9kuk apartmant \u00e9s k\u00f6r\u00fclbel\u00fcl minden \u00f6t\u00f6dik alkalommal vend\u00e9gh\u00e1zat foglaltak. A panzi\u00f3 16, m\u00edg az egy\u00e9b kateg\u00f3ria 4 sz\u00e1zal\u00e9kban r\u00e9szes\u00fclt a foglal\u00e1sokb\u00f3l.<br \/>\n    Minden negyedik ember wellness-sz\u00e1ll\u00e1st v\u00e1lasztott a hossz\u00fa h\u00e9tv\u00e9g\u00e9re. Eger, Budapest, Gyula, Hajd\u00faszoboszl\u00f3 \u00e9s P\u00e9cs bizonyultak most a legkeresettebb \u00fatic\u00e9loknak, majd Szeged, H\u00e9v\u00edz, Si\u00f3fok, Ny\u00edregyh\u00e1za \u00e9s Balatonf\u00fcred \u00e1ll a n\u00e9pszer\u0171s\u00e9gi list\u00e1n.<br \/>\n<div class=\"ads-in-post2\"><script async src=\"https:\/\/pagead2.googlesyndication.com\/pagead\/js\/adsbygoogle.js\"><\/script>\r\n<ins class=\"adsbygoogle\"\r\n     style=\"display:block\"\r\n     data-ad-format=\"fluid\"\r\n     data-ad-layout-key=\"-6t+ed+2i-1n-4w\"\r\n     data-ad-client=\"ca-pub-1959107119989764\"\r\n     data-ad-slot=\"4008251320\"><\/ins>\r\n<script>\r\n     (adsbygoogle = window.adsbygoogle || []).push({});\r\n<\/script><\/div>\n    A Szallas.hu jelezte azt is, hogy az els\u0151 negyed\u00e9vben 2019-hez k\u00e9pest 19 sz\u00e1zal\u00e9kkal \u00e9s 2020-n\u00e1l 26 sz\u00e1zal\u00e9kkal t\u00f6bben foglaltak sz\u00e1ll\u00e1st (2021-ben nem lehetett utazni ebben az id\u0151szakban).<br \/>\n    Az \u00e1remelked\u00e9s sem t\u00e1ntor\u00edtotta el az utazni v\u00e1gy\u00f3kat, a 2019-es szintn\u00e9l \u00e1tlagosan 30 sz\u00e1zal\u00e9kkal, 2020-n\u00e1l pedig 18 sz\u00e1zal\u00e9kkal kellett t\u00f6bbet fizetni egy szem\u00e9lynek \u00e9jszak\u00e1nk\u00e9nt az idei els\u0151 negyed\u00e9vben.(MTI)<\/p>\n","protected":false},"excerpt":{"rendered":"<p>Az el\u0151foglal\u00e1si adatok alapj\u00e1n m\u00e1r most t\u00f6bb sz\u00e1ll\u00e1sfoglal\u00e1st adtak le a h\u00fasv\u00e9ti hossz\u00fa h\u00e9tv\u00e9g\u00e9re, mint 2019-ben &#8211; k\u00f6z\u00f6lte a Szallas.hu kedden az MTI-vel.<\/p>\n","protected":false},"author":1001007,"featured_media":0,"comment_status":"open","ping_status":"open","sticky":false,"template":"","format":"standard","meta":[],"categories":[19],"tags":[],"_links":{"self":[{"href":"https:\/\/gazdasagportal.hu\/index.php\/wp-json\/wp\/v2\/posts\/140012"}],"collection":[{"href":"https:\/\/gazdasagportal.hu\/index.php\/wp-json\/wp\/v2\/posts"}],"about":[{"href":"https:\/\/gazdasagportal.hu\/index.php\/wp-json\/wp\/v2\/types\/post"}],"author":[{"embeddable":true,"href":"https:\/\/gazdasagportal.hu\/index.php\/wp-json\/wp\/v2\/users\/1001007"}],"replies":[{"embeddable":true,"href":"https:\/\/gazdasagportal.hu\/index.php\/wp-json\/wp\/v2\/comments?post=140012"}],"version-history":[{"count":1,"href":"https:\/\/gazdasagportal.hu\/index.php\/wp-json\/wp\/v2\/posts\/140012\/revisions"}],"predecessor-version":[{"id":140013,"href":"https:\/\/gazdasagportal.hu\/index.php\/wp-json\/wp\/v2\/posts\/140012\/revisions\/140013"}],"wp:attachment":[{"href":"https:\/\/gazdasagportal.hu\/index.php\/wp-json\/wp\/v2\/media?parent=140012"}],"wp:term":[{"taxonomy":"category","embeddable":true,"href":"https:\/\/gazdasagportal.hu\/index.php\/wp-json\/wp\/v2\/categories?post=140012"},{"taxonomy":"post_tag","embeddable":true,"href":"https:\/\/gazdasagportal.hu\/index.php\/wp-json\/wp\/v2\/tags?post=140012"}],"curies":[{"name":"wp","href":"https:\/\/api.w.org\/{rel}","templated":true}]}}