{"id":139992,"date":"2022-04-10T10:21:07","date_gmt":"2022-04-10T08:21:07","guid":{"rendered":"https:\/\/gazdasagportal.hu\/?p=139992"},"modified":"2022-04-10T10:21:07","modified_gmt":"2022-04-10T08:21:07","slug":"francia-elnokvalasztas-megkezdodott-a-voksolas-az-elso-forduloban-2","status":"publish","type":"post","link":"https:\/\/gazdasagportal.hu\/index.php\/francia-elnokvalasztas-megkezdodott-a-voksolas-az-elso-forduloban-2\/","title":{"rendered":"Francia eln\u00f6kv\u00e1laszt\u00e1s &#8211; Megkezd\u0151d\u00f6tt a voksol\u00e1s az els\u0151 fordul\u00f3ban"},"content":{"rendered":"<p><strong>Megkezd\u0151d\u00f6tt vas\u00e1rnap reggel Franciaorsz\u00e1gban a k\u00e9tfordul\u00f3s eln\u00f6kv\u00e1laszt\u00e1s els\u0151 fordul\u00f3ja, amelynek sor\u00e1n k\u00f6zel 49 milli\u00f3 v\u00e1laszt\u00f3polg\u00e1r j\u00e1rulhat az urn\u00e1khoz, hogy a 12 jel\u00f6lt k\u00f6z\u00fcl kiv\u00e1lassza azt a kett\u0151t, aki k\u00e9t h\u00e9ttel k\u00e9s\u0151bb megm\u00e9rk\u0151zhet az \u00e1llamf\u0151i tiszts\u00e9g\u00e9rt.<\/strong><!--more--><\/p>\n<div class=\"ads-in-post2\"><script async src=\"https:\/\/pagead2.googlesyndication.com\/pagead\/js\/adsbygoogle.js\"><\/script>\r\n<ins class=\"adsbygoogle\"\r\n     style=\"display:block\"\r\n     data-ad-format=\"fluid\"\r\n     data-ad-layout-key=\"-6t+ed+2i-1n-4w\"\r\n     data-ad-client=\"ca-pub-1959107119989764\"\r\n     data-ad-slot=\"4008251320\"><\/ins>\r\n<script>\r\n     (adsbygoogle = window.adsbygoogle || []).push({});\r\n<\/script><\/div>\n<p>    Miut\u00e1n a tengerent\u00fali francia ter\u00fcleteken mintegy egymilli\u00f3 v\u00e1laszt\u00f3 m\u00e1r szombaton leadhatta szavazat\u00e1t, vas\u00e1rnap reggel nyolc \u00f3rakor az anyaorsz\u00e1gban is kinyitottak a szavaz\u00f3helyis\u00e9gek, az urn\u00e1kat a kisebb szavaz\u00f3k\u00f6r\u00f6kben este 6, illetve 7 \u00f3rakor z\u00e1rj\u00e1k le, a nagyv\u00e1rosokban este 8 \u00f3r\u00e1ig lehet szavazni.<br \/>\n    Az els\u0151 becsl\u00e9sek \u00e9s r\u00e9szeredm\u00e9nyek este 8 \u00f3r\u00e1t\u00f3l v\u00e1rhat\u00f3k.<br \/>\n    Az ukrajnai h\u00e1bor\u00fa miatt a franciaorsz\u00e1gi v\u00e1laszt\u00e1s eredeti t\u00e9m\u00e1i, a j\u00e1rv\u00e1nykezel\u00e9s, a bev\u00e1ndorl\u00e1s, a k\u00f6zbiztons\u00e1g, az identit\u00e1si k\u00e9rd\u00e9sek vagy a kl\u00edmav\u00e1ltoz\u00e1s teljesen h\u00e1tt\u00e9rbe szorultak. Az ukr\u00e1n-orosz konfliktusban v\u00e1llalt k\u00f6zvet\u00edt\u0151i szerepe miatt pedig a jelenlegi eln\u00f6k &#8211; aki \u00f6t \u00e9vvel ezel\u0151tti megv\u00e1laszt\u00e1sa \u00f3ta megszak\u00edt\u00e1s n\u00e9lk\u00fcl a felm\u00e9r\u00e9sek \u00e9l\u00e9n \u00e1llt &#8211; a tervezettn\u00e9l k\u00e9s\u0151bb kezdte meg a kamp\u00e1ny\u00e1t.<br \/>\n    A sz\u00e9tt\u00f6redezett baloldallal \u00e9s a tematiz\u00e1l\u00e1sban lemaradt klasszikus jobboldali jel\u00f6ltekkel szemben a politikai versenyt h\u00f3napok \u00f3ta Emmanuel Macron \u00e9s szuverenista kih\u00edv\u00f3ja, Marine Le Pen hat\u00e1rozta meg. Az el\u0151bbi a felm\u00e9r\u00e9sek szerint 26-27 sz\u00e1zal\u00e9kos t\u00e1mogatotts\u00e1ggal nyerheti meg az els\u0151 fordul\u00f3t, m\u00edg Le Pen 24-25 sz\u00e1zal\u00e9kot \u00e9rhet el, s \u00edgy az \u00e1prilis 24. m\u00e1sodik fordul\u00f3 az \u00f6t \u00e9vvel ezel\u0151tti p\u00e1rbaj visszav\u00e1g\u00f3j\u00e1nak \u00edg\u00e9rkezik.<br \/>\n    Ha most tartan\u00e1k a m\u00e1sodik fordul\u00f3t, a p\u00e9nteken megjelent \u00f6t felm\u00e9r\u00e9s szerint Macron 51-54 sz\u00e1zal\u00e9kot \u00e9rne el, Le Pent pedig a v\u00e1laszt\u00f3k 46-49 sz\u00e1zal\u00e9ka t\u00e1mogatn\u00e1.<br \/>\n<div class=\"ads-in-post2\"><script async src=\"https:\/\/pagead2.googlesyndication.com\/pagead\/js\/adsbygoogle.js\"><\/script>\r\n<ins class=\"adsbygoogle\"\r\n     style=\"display:block\"\r\n     data-ad-format=\"fluid\"\r\n     data-ad-layout-key=\"-6t+ed+2i-1n-4w\"\r\n     data-ad-client=\"ca-pub-1959107119989764\"\r\n     data-ad-slot=\"4008251320\"><\/ins>\r\n<script>\r\n     (adsbygoogle = window.adsbygoogle || []).push({});\r\n<\/script><\/div>\n    A francia eln\u00f6kv\u00e1laszt\u00e1sokon \u00e1ltal\u00e1ban nyolcvan sz\u00e1zal\u00e9k feletti r\u00e9szv\u00e9tel\u00e9hez k\u00e9pest a v\u00e1rhat\u00f3an viszonylag alacsony r\u00e9szv\u00e9tel (70-72 sz\u00e1zal\u00e9k k\u00f6r\u00fcli a felm\u00e9r\u00e9sek szerint) \u00e9s a bizonytalanok magas, t\u00f6bb mint 25 sz\u00e1zal\u00e9kos ar\u00e1nya is r\u00e9szben annak k\u00f6sz\u00f6nhet\u0151, hogy a hagyom\u00e1nyos \u00e9rtelembe vett kamp\u00e1ny elmaradt. Az \u00e1llamf\u0151nek k\u00e9t h\u00e9ttel ezel\u0151ttig biztos, legal\u00e1bb 30 sz\u00e1zal\u00e9kos gy\u0151zelmet jeleztek el\u0151re a felm\u00e9r\u00e9sek, Marine Le Pen a sikeres kamp\u00e1nyhajr\u00e1j\u00e1t els\u0151sorban a meg\u00e9lhet\u00e9si probl\u00e9m\u00e1k k\u00f6z\u00e9ppontba helyez\u00e9s\u00e9nek k\u00f6sz\u00f6nheti.<br \/>\n     A baloldali jel\u00f6ltek k\u00f6z\u00fcl a legjelent\u0151sebb, 15-16 sz\u00e1zal\u00e9kos t\u00e1mogatotts\u00e1got \u00e9lvez\u0151 radik\u00e1lis Jean-Luc M\u00e9lenchon abban b\u00edzik, hogy \u0151 az egyetlen, aki belesz\u00f3lhat a Le Pen-Macron p\u00e1rharcba, \u00e9s bejuthat a m\u00e1sodik fordul\u00f3ba. A gazdas\u00e1gi liberalizmussal lesz\u00e1molni k\u00edv\u00e1n\u00f3 \u00e9s a jelenlegi eln\u00f6ki rendszer helyett ar\u00e1nyosabb parlamenti rendszert \u00edg\u00e9r\u0151 M\u00e9lenchon \u00f6t \u00e9vvel ezel\u0151tt a szavazatok 19,58 sz\u00e1zal\u00e9k\u00e1t szerezte meg az els\u0151 fordul\u00f3ban, s ezzel a negyedik helyen v\u00e9gzett.<br \/>\n    Negyedik \u00e9s \u00f6t\u00f6dik helyre jelzik a felm\u00e9r\u00e9sek 9 sz\u00e1zal\u00e9kos t\u00e1mogatotts\u00e1ggal radik\u00e1lis jobboldali Eric Zemmour \u00e9s a jobbk\u00f6z\u00e9p K\u00f6zt\u00e1rsas\u00e1giak jel\u00f6ltj\u00e9t, Val\u00e9rie P\u00e9cresse-t. A t\u00f6bbi h\u00e9t jel\u00f6ltnek a felm\u00e9r\u00e9sek szerint nincs es\u00e9lye 5 sz\u00e1zal\u00e9kn\u00e1l nagyobb t\u00e1mogatotts\u00e1got el\u00e9rni.<br \/>\n<div class=\"ads-in-post2\"><script async src=\"https:\/\/pagead2.googlesyndication.com\/pagead\/js\/adsbygoogle.js\"><\/script>\r\n<ins class=\"adsbygoogle\"\r\n     style=\"display:block\"\r\n     data-ad-format=\"fluid\"\r\n     data-ad-layout-key=\"-6t+ed+2i-1n-4w\"\r\n     data-ad-client=\"ca-pub-1959107119989764\"\r\n     data-ad-slot=\"4008251320\"><\/ins>\r\n<script>\r\n     (adsbygoogle = window.adsbygoogle || []).push({});\r\n<\/script><\/div>\n    A v\u00e1laszt\u00e1sra vonatkoz\u00f3 eg\u00e9szs\u00e9gv\u00e9delmi szab\u00e1lyok alapj\u00e1n a koronav\u00edrusos fert\u0151z\u00f6ttek is megjelenhetnek a voksol\u00e1son, nem sz\u00fcks\u00e9ges sem v\u00e9detts\u00e9gi, sem oltotts\u00e1gi igazol\u00e1s vagy negat\u00edv teszt bemutat\u00e1sa a v\u00e1laszt\u00e1si irod\u00e1kn\u00e1l.<br \/>\n    A korm\u00e1ny ugyanakkor &#8222;az egy\u00e9ni felel\u0151ss\u00e9gre&#8221; figyelmeztetett, \u00e9s azt k\u00e9rte a fert\u0151z\u00f6ttekt\u0151l \u00e9s a kontaktszem\u00e9lyekt\u0151l, hogy viseljenek maszkot, amikor szavazni mennek, j\u00f3llehet, a maszkvisel\u00e9s nem k\u00f6telez\u0151 a z\u00e1rt helyeken. A szavaz\u00f3helyis\u00e9gekben ugyanakkor a v\u00e1laszt\u00f3k \u00e9s a sz\u00e1ml\u00e1l\u00f3bizotts\u00e1g tagjai is kaphatnak ingyen FFP2-maszkot, \u00f6ntesztet \u00e9s k\u00e9zfert\u0151tlen\u00edt\u0151t.(MTI)<\/p>\n","protected":false},"excerpt":{"rendered":"<p>Megkezd\u0151d\u00f6tt vas\u00e1rnap reggel Franciaorsz\u00e1gban a k\u00e9tfordul\u00f3s eln\u00f6kv\u00e1laszt\u00e1s els\u0151 fordul\u00f3ja, amelynek sor\u00e1n k\u00f6zel 49 milli\u00f3 v\u00e1laszt\u00f3polg\u00e1r j\u00e1rulhat az urn\u00e1khoz, hogy a 12 jel\u00f6lt k\u00f6z\u00fcl kiv\u00e1lassza azt a kett\u0151t, aki k\u00e9t h\u00e9ttel k\u00e9s\u0151bb megm\u00e9rk\u0151zhet az \u00e1llamf\u0151i tiszts\u00e9g\u00e9rt.<\/p>\n","protected":false},"author":1001007,"featured_media":0,"comment_status":"open","ping_status":"open","sticky":false,"template":"","format":"standard","meta":[],"categories":[5],"tags":[],"_links":{"self":[{"href":"https:\/\/gazdasagportal.hu\/index.php\/wp-json\/wp\/v2\/posts\/139992"}],"collection":[{"href":"https:\/\/gazdasagportal.hu\/index.php\/wp-json\/wp\/v2\/posts"}],"about":[{"href":"https:\/\/gazdasagportal.hu\/index.php\/wp-json\/wp\/v2\/types\/post"}],"author":[{"embeddable":true,"href":"https:\/\/gazdasagportal.hu\/index.php\/wp-json\/wp\/v2\/users\/1001007"}],"replies":[{"embeddable":true,"href":"https:\/\/gazdasagportal.hu\/index.php\/wp-json\/wp\/v2\/comments?post=139992"}],"version-history":[{"count":1,"href":"https:\/\/gazdasagportal.hu\/index.php\/wp-json\/wp\/v2\/posts\/139992\/revisions"}],"predecessor-version":[{"id":139993,"href":"https:\/\/gazdasagportal.hu\/index.php\/wp-json\/wp\/v2\/posts\/139992\/revisions\/139993"}],"wp:attachment":[{"href":"https:\/\/gazdasagportal.hu\/index.php\/wp-json\/wp\/v2\/media?parent=139992"}],"wp:term":[{"taxonomy":"category","embeddable":true,"href":"https:\/\/gazdasagportal.hu\/index.php\/wp-json\/wp\/v2\/categories?post=139992"},{"taxonomy":"post_tag","embeddable":true,"href":"https:\/\/gazdasagportal.hu\/index.php\/wp-json\/wp\/v2\/tags?post=139992"}],"curies":[{"name":"wp","href":"https:\/\/api.w.org\/{rel}","templated":true}]}}