{"id":139964,"date":"2022-04-05T12:24:06","date_gmt":"2022-04-05T10:24:06","guid":{"rendered":"https:\/\/gazdasagportal.hu\/?p=139964"},"modified":"2022-04-05T12:24:06","modified_gmt":"2022-04-05T10:24:06","slug":"az-autowallis-a-terveit-meghalado-rekordnyereseggel-zarta-2021-et","status":"publish","type":"post","link":"https:\/\/gazdasagportal.hu\/index.php\/az-autowallis-a-terveit-meghalado-rekordnyereseggel-zarta-2021-et\/","title":{"rendered":"Az AutoWallis a terveit meghalad\u00f3 rekordnyeres\u00e9ggel z\u00e1rta 2021-et"},"content":{"rendered":"<p><strong>Az AutoWallis Csoport saj\u00e1t terveit jelent\u0151sen meghalad\u00f3 nyeres\u00e9ggel z\u00e1rta a 2021-es \u00e9vet, a c\u00e9g \u00e1rbev\u00e9tele ek\u00f6zben t\u00f6bb mint a dupl\u00e1j\u00e1ra, k\u00f6zel 200 milli\u00e1rd forintra ugrott, m\u0171k\u00f6d\u00e9si hat\u00e9konys\u00e1ga jelent\u0151sen n\u0151tt &#8211; k\u00f6z\u00f6lte a t\u00e1rsas\u00e1g a t\u0151zsde honlapj\u00e1n kedden.<\/strong><!--more--><\/p>\n<div class=\"ads-in-post2\"><script async src=\"https:\/\/pagead2.googlesyndication.com\/pagead\/js\/adsbygoogle.js\"><\/script>\r\n<ins class=\"adsbygoogle\"\r\n     style=\"display:block\"\r\n     data-ad-format=\"fluid\"\r\n     data-ad-layout-key=\"-6t+ed+2i-1n-4w\"\r\n     data-ad-client=\"ca-pub-1959107119989764\"\r\n     data-ad-slot=\"4008251320\"><\/ins>\r\n<script>\r\n     (adsbygoogle = window.adsbygoogle || []).push({});\r\n<\/script><\/div>\n<p>    Az MTI-nek k\u00fcld\u00f6tt k\u00f6zlem\u00e9nyben M\u00fcllner Zsolt, a g\u00e9pj\u00e1rm\u0171 kereskedelemmel foglalkoz\u00f3 t\u00e1rsas\u00e1g eln\u00f6ke \u00fagy \u00e9rt\u00e9kelte, hogy a r\u00e9gi\u00f3 14 orsz\u00e1g\u00e1ban jelen l\u00e9v\u0151 csoport rekord\u00e9vet z\u00e1rt minden tekintetben az elh\u00faz\u00f3d\u00f3 koronav\u00edrus-j\u00e1rv\u00e1ny \u00e9s a chiphi\u00e1nyb\u00f3l ered\u0151 gy\u00e1rt\u00f3i neh\u00e9zs\u00e9gek ellen\u00e9re.<br \/>\n    A nemzetk\u00f6zi besz\u00e1mol\u00e1si szabv\u00e1ny (IFRS) szerinti konszolid\u00e1lt adatok alapj\u00e1n az AutoWallis \u00e1rbev\u00e9tele 2021-ben 121 sz\u00e1zal\u00e9kkal 195 milli\u00e1rd forintra n\u0151tt, ami az \u00e9rt\u00e9kes\u00edt\u00e9s hazai \u00e9s r\u00e9gi\u00f3s piaci \u00e1tlag\u00e1t meghalad\u00f3 organikus n\u00f6veked\u00e9s mellett a 2020-ban v\u00e9grehajtott akviz\u00edci\u00f3s n\u00f6veked\u00e9s eredm\u00e9nye.<br \/>\n    A c\u00e9g nagykereskedelmi \u00fczlet\u00e1g\u00e1ban 110,9 milli\u00e1rd forintra (+188 sz\u00e1zal\u00e9kkal), m\u00edg a kiskereskedelmi \u00fczlet\u00e1g\u00e1ban 84,1 milli\u00e1rd forintra n\u0151tt (+69 sz\u00e1zal\u00e9kkal) az \u00e1rbev\u00e9tel.<br \/>\n<div class=\"ads-in-post2\"><script async src=\"https:\/\/pagead2.googlesyndication.com\/pagead\/js\/adsbygoogle.js\"><\/script>\r\n<ins class=\"adsbygoogle\"\r\n     style=\"display:block\"\r\n     data-ad-format=\"fluid\"\r\n     data-ad-layout-key=\"-6t+ed+2i-1n-4w\"\r\n     data-ad-client=\"ca-pub-1959107119989764\"\r\n     data-ad-slot=\"4008251320\"><\/ins>\r\n<script>\r\n     (adsbygoogle = window.adsbygoogle || []).push({});\r\n<\/script><\/div>\n    A p\u00e9nz\u00fcgyi t\u00e9telekt\u0151l tiszt\u00edtott, ad\u00f3z\u00e1s \u00e9s \u00e9rt\u00e9kcs\u00f6kken\u00e9si le\u00edr\u00e1s el\u0151tti eredm\u00e9ny (EBITDA) 244 sz\u00e1zal\u00e9kkal n\u0151tt, meghaladta a 7,82 milli\u00e1rd forintot.<br \/>\n    A v\u00e1llalat teljes \u00e1tfog\u00f3 eredm\u00e9nye az el\u0151z\u0151 \u00e9vi vesztes\u00e9g ut\u00e1n 3,2 milli\u00e1rd forint lett, \u00edgy az \u00e9ves \u00e1tlagos r\u00e9szv\u00e9nysz\u00e1mra vet\u00edtett egy r\u00e9szv\u00e9nyre jut\u00f3 eredm\u00e9ny 8,95 forint volt tavaly.<br \/>\n    A k\u00f6lts\u00e9geken bel\u00fcl az eladott \u00e1ruk beszerz\u00e9si \u00e9rt\u00e9ke (EL\u00c1B\u00c9) az \u00e1rbev\u00e9teln\u00e9l kisebb m\u00e9rt\u00e9kben, 117 sz\u00e1zal\u00e9kkal 167,5 milli\u00e1rd forintra n\u0151tt, ezzel a fedezet termel\u00e9se 12,6-r\u00f3l 14,1 sz\u00e1zal\u00e9kra n\u00f6vekedett. A pozit\u00edv trend a hat\u00e9kony \u00e1raz\u00e1si politika eredm\u00e9nye az \u00faj \u00e9s haszn\u00e1lt aut\u00f3 beszerz\u00e9se, valamint az \u00e9rt\u00e9kes\u00edt\u00e9s ter\u00fclet\u00e9n egyar\u00e1nt.<br \/>\n    A szem\u00e9lyi jelleg\u0171 r\u00e1ford\u00edt\u00e1sok 144 sz\u00e1zal\u00e9kos emelked\u00e9se egyr\u00e9szt az \u00e1tlagb\u00e9r n\u00f6veked\u00e9s\u00e9nek, m\u00e1sr\u00e9szt az akviz\u00edci\u00f3knak, fejleszt\u00e9seknek k\u00f6sz\u00f6nhet\u0151.<br \/>\n    A p\u00e9nz\u00fcgyi bev\u00e9telek \u00e9s r\u00e1ford\u00edt\u00e1sok \u00e9rt\u00e9ke 2021-ben 793 milli\u00f3 forint vesztes\u00e9g, ami ugyanakkor az el\u0151z\u0151 \u00e9vhez k\u00e9pest t\u00f6bb mint 400 milli\u00f3 forintos javul\u00e1s.<br \/>\n    M\u00fcllner Zsolt szerint a tervek megval\u00f3s\u00edt\u00e1s\u00e1nak fontos l\u00e9pcs\u0151je volt a tavaly v\u00e9grehajtott int\u00e9zm\u00e9nyi \u00e9s a magyar t\u0151zsd\u00e9n 10 \u00e9ve nem l\u00e1tott m\u00e9ret\u0171 lakoss\u00e1gi r\u00e9szv\u00e9nyjegyz\u00e9s, amelyek sor\u00e1n \u00f6sszesen 10 milli\u00e1rd forintot vontak be \u00fajabb akviz\u00edci\u00f3k, fejleszt\u00e9sek finansz\u00edroz\u00e1s\u00e1ra a kor\u00e1bban kibocs\u00e1tott 10 milli\u00e1rd forint \u00e9rt\u00e9k\u0171 k\u00f6tv\u00e9nyeken t\u00fal.<br \/>\n    Az AutoWallis terve, hogy 2025-re \u00e1rbev\u00e9tele a tavalyi t\u00f6bb mint dupl\u00e1j\u00e1ra, 400 milli\u00e1rd forint f\u00f6l\u00e9 n\u0151j\u00f6n, m\u00edg az EBITDA 14 milli\u00e1rd forint f\u00f6l\u00e9 emelkedjen. M\u00fcllner Zsolt k\u00f6z\u00f6lte: a c\u00e9g j\u00f3 \u00faton halad a strat\u00e9gia megval\u00f3s\u00edt\u00e1s\u00e1ban, amit a jelenlegi gazdas\u00e1gi, \u00fczleti bizonytalans\u00e1gok ellen\u00e9re is megval\u00f3s\u00edthat\u00f3nak tartanak.<br \/>\n<div class=\"ads-in-post2\"><script async src=\"https:\/\/pagead2.googlesyndication.com\/pagead\/js\/adsbygoogle.js\"><\/script>\r\n<ins class=\"adsbygoogle\"\r\n     style=\"display:block\"\r\n     data-ad-format=\"fluid\"\r\n     data-ad-layout-key=\"-6t+ed+2i-1n-4w\"\r\n     data-ad-client=\"ca-pub-1959107119989764\"\r\n     data-ad-slot=\"4008251320\"><\/ins>\r\n<script>\r\n     (adsbygoogle = window.adsbygoogle || []).push({});\r\n<\/script><\/div>\n    Ormosy G\u00e1bor, az AutoWallis Nyrt. vez\u00e9rigazgat\u00f3ja elmondta: a menedzsment szerint az eredm\u00e9nyess\u00e9get legjobban bemutat\u00f3 EBITDA az el\u0151z\u0151 \u00e9vi k\u00f6zel h\u00e1rom \u00e9s f\u00e9lszeres\u00e9re, 7,8 milli\u00e1rd forintra ugrott, ami jelent\u0151sen meghaladja a tavaly friss\u00edtett strat\u00e9gi\u00e1ban el\u0151re jelzett 5,5-6,2 milli\u00e1rd forintos \u00e9rt\u00e9ket.<br \/>\n    A n\u00f6veked\u00e9si tervek megval\u00f3s\u00edt\u00e1s\u00e1hoz sz\u00fcks\u00e9ges forr\u00e1sokkal a t\u00e1rsas\u00e1g rendelkezik, amelyhez fel k\u00edv\u00e1nj\u00e1k haszn\u00e1lni a tavaly k\u00e9pz\u0151d\u00f6tt nyeres\u00e9get is, \u00edgy a teljes \u00e1tfog\u00f3 \u00e9ves nyeres\u00e9gb\u0151l \u00e9s eredm\u00e9nytartal\u00e9kb\u00f3l, valamint a le\u00e1nyc\u00e9gekt\u0151l v\u00e1rt osztal\u00e9kokb\u00f3l 2021-ben k\u00e9pz\u0151d\u0151 1,4 milli\u00e1rd forintos osztal\u00e9kalapb\u00f3l az igazgat\u00f3s\u00e1g nem javasolja osztal\u00e9k kifizet\u00e9s\u00e9t &#8211; k\u00f6z\u00f6lte.<br \/>\n    A jelenlegi inform\u00e1ci\u00f3k alapj\u00e1n az orosz-ukr\u00e1n h\u00e1bor\u00fanak, illetve az Oroszorsz\u00e1gra kivetett gazdas\u00e1gi szankci\u00f3knak egyel\u0151re k\u00f6zvetlen hat\u00e1sa nincs a csoport gazd\u00e1lkod\u00e1s\u00e1ra, mivel oroszorsz\u00e1gi \u00e9s ukrajnai \u00e9rintetts\u00e9ge nincs. Tov\u00e1bb\u00e1 16 m\u00e1rk\u00e1t k\u00e9pvisel, \u00edgy tev\u00e9kenys\u00e9ge diverzifik\u00e1lt, v\u00e1ls\u00e1g\u00e1ll\u00f3 &#8211; olvashat\u00f3 a v\u00e1llalat k\u00f6zlem\u00e9ny\u00e9ben.<br \/>\n    A Budapesti \u00c9rt\u00e9kt\u0151zsde pr\u00e9mium kateg\u00f3ri\u00e1j\u00e1ban jegyzett v\u00e1llalat r\u00e9szv\u00e9nyei 113 forinton z\u00e1rtak h\u00e9tf\u0151n, a pap\u00edr 91 forint \u00e9ves minimumot, \u00e9s 135 forint \u00e9ves maximumot \u00e9rt el.(MTI)<\/p>\n","protected":false},"excerpt":{"rendered":"<p>Az AutoWallis Csoport saj\u00e1t terveit jelent\u0151sen meghalad\u00f3 nyeres\u00e9ggel z\u00e1rta a 2021-es \u00e9vet, a c\u00e9g \u00e1rbev\u00e9tele ek\u00f6zben t\u00f6bb mint a dupl\u00e1j\u00e1ra, k\u00f6zel 200 milli\u00e1rd forintra ugrott, m\u0171k\u00f6d\u00e9si hat\u00e9konys\u00e1ga jelent\u0151sen n\u0151tt &#8211; k\u00f6z\u00f6lte a t\u00e1rsas\u00e1g a t\u0151zsde honlapj\u00e1n kedden.<\/p>\n","protected":false},"author":1001006,"featured_media":0,"comment_status":"open","ping_status":"open","sticky":false,"template":"","format":"standard","meta":[],"categories":[7],"tags":[],"_links":{"self":[{"href":"https:\/\/gazdasagportal.hu\/index.php\/wp-json\/wp\/v2\/posts\/139964"}],"collection":[{"href":"https:\/\/gazdasagportal.hu\/index.php\/wp-json\/wp\/v2\/posts"}],"about":[{"href":"https:\/\/gazdasagportal.hu\/index.php\/wp-json\/wp\/v2\/types\/post"}],"author":[{"embeddable":true,"href":"https:\/\/gazdasagportal.hu\/index.php\/wp-json\/wp\/v2\/users\/1001006"}],"replies":[{"embeddable":true,"href":"https:\/\/gazdasagportal.hu\/index.php\/wp-json\/wp\/v2\/comments?post=139964"}],"version-history":[{"count":1,"href":"https:\/\/gazdasagportal.hu\/index.php\/wp-json\/wp\/v2\/posts\/139964\/revisions"}],"predecessor-version":[{"id":139965,"href":"https:\/\/gazdasagportal.hu\/index.php\/wp-json\/wp\/v2\/posts\/139964\/revisions\/139965"}],"wp:attachment":[{"href":"https:\/\/gazdasagportal.hu\/index.php\/wp-json\/wp\/v2\/media?parent=139964"}],"wp:term":[{"taxonomy":"category","embeddable":true,"href":"https:\/\/gazdasagportal.hu\/index.php\/wp-json\/wp\/v2\/categories?post=139964"},{"taxonomy":"post_tag","embeddable":true,"href":"https:\/\/gazdasagportal.hu\/index.php\/wp-json\/wp\/v2\/tags?post=139964"}],"curies":[{"name":"wp","href":"https:\/\/api.w.org\/{rel}","templated":true}]}}