{"id":139955,"date":"2022-04-04T09:44:27","date_gmt":"2022-04-04T07:44:27","guid":{"rendered":"https:\/\/gazdasagportal.hu\/?p=139955"},"modified":"2022-04-04T17:23:39","modified_gmt":"2022-04-04T15:23:39","slug":"alasztas-2022-orban-hatalmas-gyozelmet-arattunk","status":"publish","type":"post","link":"https:\/\/gazdasagportal.hu\/index.php\/alasztas-2022-orban-hatalmas-gyozelmet-arattunk\/","title":{"rendered":"V\u00e1laszt\u00e1s 2022 &#8211; Orb\u00e1n: hatalmas gy\u0151zelmet arattunk"},"content":{"rendered":"<p><strong>Hatalmas gy\u0151zelmet arattunk &#8211; mondta Orb\u00e1n Viktor minisztereln\u00f6k, a Fidesz eln\u00f6ke vas\u00e1rnap k\u00e9s\u0151 este a korm\u00e1nyp\u00e1rtok budapesti eredm\u00e9nyv\u00e1r\u00f3 rendezv\u00e9ny\u00e9n.<\/strong><!--more--><\/p>\n<div class=\"ads-in-post2\"><script async src=\"https:\/\/pagead2.googlesyndication.com\/pagead\/js\/adsbygoogle.js\"><\/script>\r\n<ins class=\"adsbygoogle\"\r\n     style=\"display:block\"\r\n     data-ad-format=\"fluid\"\r\n     data-ad-layout-key=\"-6t+ed+2i-1n-4w\"\r\n     data-ad-client=\"ca-pub-1959107119989764\"\r\n     data-ad-slot=\"4008251320\"><\/ins>\r\n<script>\r\n     (adsbygoogle = window.adsbygoogle || []).push({});\r\n<\/script><\/div>\n<p>    A korm\u00e1nyf\u0151 a B\u00e1lna rendezv\u00e9nyk\u00f6zpont el\u0151tt fel\u00e1ll\u00edtott sz\u00ednpadon &#8211; nem sokkal 23 \u00f3ra el\u0151tt mondott &#8211; besz\u00e9d\u00e9ben \u00fagy fogalmazott: &#8222;hatalmas gy\u0151zelmet arattunk, akkor\u00e1t, hogy m\u00e9g a Holdr\u00f3l is l\u00e1tszik, de Br\u00fcsszelb\u0151l eg\u00e9szen biztosan&#8221;.<br \/>\n    &#8222;Eg\u00e9sz j\u00f3l n\u00e9z\u00fcnk ki, egyre jobban n\u00e9z\u00fcnk ki, tal\u00e1n m\u00e9g sohasem n\u00e9zt\u00fck ki olyan j\u00f3l, mint ma este&#8221; &#8211; mondta a minisztereln\u00f6k, akinek besz\u00e9d\u00e9t az \u00f6sszegy\u0171lt szimpatiz\u00e1nsok t\u00f6bbsz\u00f6r is Viktor-Viktor \u00e9s Ria-ria Hung\u00e1ria felki\u00e1lt\u00e1sokkal szak\u00edtott\u00e1k f\u00e9lbe.<br \/>\n    A nemzeti sz\u00ednekben kivil\u00e1g\u00edtott B\u00e1lna el\u0151tt Orb\u00e1n Viktor mindenkinek megk\u00f6sz\u00f6nte azt munk\u00e1t, amit beletett a gy\u0151zelembe. Ez j\u00f3 mulats\u00e1g, f\u00e9rfimunka volt, j\u00f3 volt veletek harcolni &#8211; \u00fczente, hozz\u00e1t\u00e9ve, hogy k\u00f6sz\u00f6ni a j\u00f3k\u00edv\u00e1ns\u00e1gokat, az \u00fcdv\u00f6zleteket, a h\u00e1tbavereget\u00e9seket, a b\u00e1tor\u00edt\u00e1sokat, a munka\u00f3r\u00e1kat \u00e9s az \u00e9rt\u00fck mondott im\u00e1kat is.<br \/>\n    K\u00fcl\u00f6n k\u00f6sz\u00f6nt\u00f6tte a korm\u00e1nyp\u00e1rtokra &#8222;hat\u00e1ron t\u00falr\u00f3l figyel\u0151 magyarokat&#8221;. K\u00f6sz\u00f6nj\u00fck, hogy seg\u00edtettek, mert \u00edgy mi is kaptunk egy es\u00e9ly, hogy  seg\u00edthess\u00fcnk nekik &#8211; tette hozz\u00e1. A k\u00e1rp\u00e1taljai magyaroknak Orb\u00e1n Viktor azt \u00fczente: tartsanak ki, ne f\u00e9ljenek, az anyaorsz\u00e1g vel\u00fck van.<br \/>\n    K\u00f6sz\u00f6netet mondott a magyar v\u00e1laszt\u00f3polg\u00e1roknak, akinek azt \u00fczente: mindent megtesznek annak \u00e9rdek\u00e9ben, hogy megszolg\u00e1lj\u00e1k a bizalmat, amit ma este t\u0151l\u00fck kaptak.<br \/>\n    &#8222;Tudjuk, hogy szer\u00e9nys\u00e9g a legfontosabb, min\u00e9l nagyobb a gy\u0151zelem, ann\u00e1l nagyobb szer\u00e9nys\u00e9gre van sz\u00fcks\u00e9g, \u00e9s valljuk be, hogy ma este van is mire szer\u00e9nynek lenn\u00fcnk&#8221; &#8211; hangoztatta.<br \/>\n<div class=\"ads-in-post2\"><script async src=\"https:\/\/pagead2.googlesyndication.com\/pagead\/js\/adsbygoogle.js\"><\/script>\r\n<ins class=\"adsbygoogle\"\r\n     style=\"display:block\"\r\n     data-ad-format=\"fluid\"\r\n     data-ad-layout-key=\"-6t+ed+2i-1n-4w\"\r\n     data-ad-client=\"ca-pub-1959107119989764\"\r\n     data-ad-slot=\"4008251320\"><\/ins>\r\n<script>\r\n     (adsbygoogle = window.adsbygoogle || []).push({});\r\n<\/script><\/div>\n    K\u00f6sz\u00f6netet mondott a korm\u00e1nyp\u00e1rtok 100 ezer \u00f6nk\u00e9ntes\u00e9nek. \u0150ket \u00fagy jellemezte: nem robotok, nem zsoldosok, hanem \u00f6nk\u00e9ntesek, akik szeretik a haz\u00e1jukat, \u00e9s ez\u00e9rt hajland\u00f3ak voltak v\u00e1llalni a kock\u00e1zatot \u00e9s neh\u00e9z munk\u00e1t.<br \/>\n    Azt is megjegyezte: ez nem az &#8222;okoskod\u00e1s ideje&#8221;, hanem a &#8222;boldogs\u00e1g est\u00e9je&#8221;.<br \/>\n    A v\u00e1laszt\u00e1s eredm\u00e9ny\u00e9t \u00fagy \u00e9rt\u00e9kelte: akkor nyertek a legjobban, amikor mindenki \u00f6ssze\u00e1llt ellen\u00fck. P\u00e1rtsz\u00f6vets\u00e9g\u00e9nek gy\u0151zelm\u00e9r\u0151l azt mondta: \u00f3ri\u00e1si nemzetk\u00f6zi er\u0151k\u00f6zpontok \u00e9s szervezetek mozdultak meg vel\u00fck szemben. Nekik azt \u00fczente: kidobott p\u00e9nz volt minden fill\u00e9r, amit a magyarorsz\u00e1gi baloldalnak adtak.<br \/>\n    \u00dagy fogalmazott: &#8222;a magyar baloldal volt Gyuri b\u00e1csi \u00e9let\u00e9nek legrosszabb befektet\u00e9se. Tizenk\u00e9t \u00e9ve csak viszi a p\u00e9nzt&#8221; &#8211; utalt Soros Gy\u00f6rgyre a Fidesz eln\u00f6ke.<br \/>\n    A Fidesz-KDNP szerinte a gy\u0151zelem minden lehet\u0151s\u00e9g\u00e9t kimer\u00edtette. &#8222;M\u00e1r mindenhogyan nyert\u00fcnk&#8221; &#8211; mondta \u00e9s elsorolta: 2010-ben a r\u00e9gi k\u00e9tfordul\u00f3s v\u00e1laszt\u00e1si rendszerben is nyert a p\u00e1rtsz\u00f6vets\u00e9g, 2014-ben az \u00f6n\u00e1ll\u00f3an indul\u00f3 ellenz\u00e9ki p\u00e1rtokkal szemben is nyert, 2018-ban a r\u00e9szlegesen \u00f6sszefogott ellenz\u00e9kkel szemben, valamint id\u00e9n a teljes \u00f6sszefog\u00e1ssal szemben.<br \/>\n<div class=\"ads-in-post2\"><script async src=\"https:\/\/pagead2.googlesyndication.com\/pagead\/js\/adsbygoogle.js\"><\/script>\r\n<ins class=\"adsbygoogle\"\r\n     style=\"display:block\"\r\n     data-ad-format=\"fluid\"\r\n     data-ad-layout-key=\"-6t+ed+2i-1n-4w\"\r\n     data-ad-client=\"ca-pub-1959107119989764\"\r\n     data-ad-slot=\"4008251320\"><\/ins>\r\n<script>\r\n     (adsbygoogle = window.adsbygoogle || []).push({});\r\n<\/script><\/div>\n    Kijelentette: hi\u00e1ba a taktika, a cselsz\u00f6v\u00e9s, a ravaszkod\u00e1s, a v\u00e9g\u00e9n mindig a sz\u00edv gy\u0151z. &#8222;Magyarorsz\u00e1g ma esti gy\u0151zelme a sz\u00edv gy\u0151zelme&#8221; &#8211; fogalmazott, hozz\u00e1t\u00e9ve: az\u00e9rt nyertek, mert van egy k\u00f6z\u00f6s szenved\u00e9ly\u00fck, amit \u00fagy h\u00edvnak: Magyarorsz\u00e1g.<br \/>\n    Nem engedt\u00fck, hogy a kudarcos m\u00falt visszat\u00e9rjen, megv\u00e9dt\u00fck Magyarorsz\u00e1g f\u00fcggetlens\u00e9g\u00e9t \u00e9s szabads\u00e1g\u00e1t, megv\u00e9dt\u00fck Magyarorsz\u00e1g b\u00e9k\u00e9j\u00e9t \u00e9s biztons\u00e1g\u00e1t &#8211; jelentette ki Orb\u00e1n Viktor. Hozz\u00e1tette: b\u00e1r az eredm\u00e9nyek m\u00e9g nem ismertek, rem\u00e9li, hogy megv\u00e9dt\u00e9k a gyermekeiket \u00e9s a csal\u00e1djainkat.<br \/>\n    A korm\u00e1nyf\u0151 kiemelte: ennyi ellenfel\u00fck m\u00e9g sosem volt. Ide sorolta &#8222;a nemzetk\u00f6zi baloldalt k\u00f6r\u00f6s-k\u00f6r\u00fcl&#8221;, a &#8222;br\u00fcsszeli b\u00fcrokrat\u00e1kat&#8221;, a &#8222;Soros-birodalom minden p\u00e9nz\u00e9t \u00e9s szervezet\u00e9t&#8221;, a &#8222;nemzetk\u00f6zi f\u0151sodrat\u00fa m\u00e9di\u00e1t&#8221;, majd megjegyezte: &#8222;\u00e9s a v\u00e9g\u00e9n m\u00e9g az ukr\u00e1n eln\u00f6k is&#8221;.<br \/>\n     Hi\u00e1ba a rengeteg p\u00e9nz \u00e9s a rengeteg t\u00faler\u0151, ha \u00f6sszefogunk nem lehet benn\u00fcnket meg\u00e1ll\u00edtani &#8211; mondta \u00e9s felid\u00e9zte, hogy az okt\u00f3ber 23-i B\u00e9kemeneten &#8222;mondtuk el egy\u00fctt: nincs annyi p\u00e9nz, ami meg\u00e1ll\u00edthatna benn\u00fcnket \u0151ket \u00e9s ha \u00f6sszefognak a legvastagabb falon is \u00e1t fogunk menni&#8221;.<br \/>\n    Kit\u00e9rt arra is, &#8222;a vil\u00e1gban nem csak ellenfeleink, bar\u00e1taink is vannak, \u0151k is mindent megtettek a gy\u0151zelem\u00e9rt&#8221;. J\u00f3 sz\u00edvvel gondolunk az amerikai bar\u00e1tainkra, a lengyelekre, az olaszokra, a spanyolokra, a szerbekre, a szlov\u00e1kokra \u00e9s az osztr\u00e1kokra is &#8211; mondta, hozz\u00e1t\u00e9ve: ezt a gy\u0151zelmet nekik is aj\u00e1nljuk, ez az \u0151 gy\u0151zelm\u00fck is.<br \/>\n    A korm\u00e1nyf\u0151 kiemelte: az eg\u00e9sz vil\u00e1g l\u00e1thatta ma este itt Budapesten, hogy a kereszt\u00e9nydemokrata politika, a konzervat\u00edv polg\u00e1ri politika \u00e9s a hazafias politika gy\u0151z\u00f6tt.<br \/>\n<div class=\"ads-in-post2\"><script async src=\"https:\/\/pagead2.googlesyndication.com\/pagead\/js\/adsbygoogle.js\"><\/script>\r\n<ins class=\"adsbygoogle\"\r\n     style=\"display:block\"\r\n     data-ad-format=\"fluid\"\r\n     data-ad-layout-key=\"-6t+ed+2i-1n-4w\"\r\n     data-ad-client=\"ca-pub-1959107119989764\"\r\n     data-ad-slot=\"4008251320\"><\/ins>\r\n<script>\r\n     (adsbygoogle = window.adsbygoogle || []).push({});\r\n<\/script><\/div>\n    \u00dczenj\u00fck Eur\u00f3p\u00e1nak: ez nem a m\u00falt, ez a j\u00f6v\u0151, ez lesz a mi k\u00f6z\u00f6s eur\u00f3pai j\u00f6v\u0151nk &#8211; fogalmazott, hozz\u00e1t\u00e9ve: az eg\u00e9sz vil\u00e1g l\u00e1thatta, hogy a magyarok szeretik a haz\u00e1jukat.<br \/>\n    &#8222;Mi akik ma gy\u0151zt\u00fcnk, azt v\u00e1llaljuk, sz\u00e1munkra mindig Magyarorsz\u00e1g lesz az els\u0151&#8221; &#8211; emelte ki Orb\u00e1n Viktor. A J\u00f3isten mindannyiunk felett, Magyarorsz\u00e1g mindenekel\u0151tt, hajr\u00e1 Magyarorsz\u00e1g, hajr\u00e1 magyarok! &#8211; z\u00e1rta besz\u00e9d\u00e9t a korm\u00e1nyf\u0151, majd a pulpituson jelenl\u00e9v\u0151kkel egy\u00fctt a rendezv\u00e9nyk\u00f6zpont el\u0151tt \u00f6sszegy\u0171ltek el\u00e9nekelt\u00e9k a Kossuth-n\u00f3t\u00e1t. (MTI)<\/p>\n","protected":false},"excerpt":{"rendered":"<p>Hatalmas gy\u0151zelmet arattunk &#8211; mondta Orb\u00e1n Viktor minisztereln\u00f6k, a Fidesz eln\u00f6ke vas\u00e1rnap k\u00e9s\u0151 este a korm\u00e1nyp\u00e1rtok budapesti eredm\u00e9nyv\u00e1r\u00f3 rendezv\u00e9ny\u00e9n.<\/p>\n","protected":false},"author":1001006,"featured_media":0,"comment_status":"open","ping_status":"open","sticky":false,"template":"","format":"standard","meta":[],"categories":[4],"tags":[],"_links":{"self":[{"href":"https:\/\/gazdasagportal.hu\/index.php\/wp-json\/wp\/v2\/posts\/139955"}],"collection":[{"href":"https:\/\/gazdasagportal.hu\/index.php\/wp-json\/wp\/v2\/posts"}],"about":[{"href":"https:\/\/gazdasagportal.hu\/index.php\/wp-json\/wp\/v2\/types\/post"}],"author":[{"embeddable":true,"href":"https:\/\/gazdasagportal.hu\/index.php\/wp-json\/wp\/v2\/users\/1001006"}],"replies":[{"embeddable":true,"href":"https:\/\/gazdasagportal.hu\/index.php\/wp-json\/wp\/v2\/comments?post=139955"}],"version-history":[{"count":2,"href":"https:\/\/gazdasagportal.hu\/index.php\/wp-json\/wp\/v2\/posts\/139955\/revisions"}],"predecessor-version":[{"id":139957,"href":"https:\/\/gazdasagportal.hu\/index.php\/wp-json\/wp\/v2\/posts\/139955\/revisions\/139957"}],"wp:attachment":[{"href":"https:\/\/gazdasagportal.hu\/index.php\/wp-json\/wp\/v2\/media?parent=139955"}],"wp:term":[{"taxonomy":"category","embeddable":true,"href":"https:\/\/gazdasagportal.hu\/index.php\/wp-json\/wp\/v2\/categories?post=139955"},{"taxonomy":"post_tag","embeddable":true,"href":"https:\/\/gazdasagportal.hu\/index.php\/wp-json\/wp\/v2\/tags?post=139955"}],"curies":[{"name":"wp","href":"https:\/\/api.w.org\/{rel}","templated":true}]}}