{"id":139910,"date":"2022-03-28T21:42:43","date_gmt":"2022-03-28T19:42:43","guid":{"rendered":"https:\/\/gazdasagportal.hu\/?p=139910"},"modified":"2022-03-28T21:42:43","modified_gmt":"2022-03-28T19:42:43","slug":"befektetes-a-jovobe-a-led-technologia-elonyei","status":"publish","type":"post","link":"https:\/\/gazdasagportal.hu\/index.php\/befektetes-a-jovobe-a-led-technologia-elonyei\/","title":{"rendered":"Befektet\u00e9s a j\u00f6v\u0151be \u2013 a LED technol\u00f3gia el\u0151nyei"},"content":{"rendered":"<p><a href=\"https:\/\/gazdasagportal.hu\/wp-content\/uploads\/2022\/03\/led.jpg\"><img decoding=\"async\" loading=\"lazy\" src=\"https:\/\/gazdasagportal.hu\/wp-content\/uploads\/2022\/03\/led-300x300.jpg\" alt=\"\" width=\"300\" height=\"300\" class=\"alignleft size-medium wp-image-139911\" srcset=\"https:\/\/gazdasagportal.hu\/wp-content\/uploads\/2022\/03\/led-300x300.jpg 300w, https:\/\/gazdasagportal.hu\/wp-content\/uploads\/2022\/03\/led-150x150.jpg 150w, https:\/\/gazdasagportal.hu\/wp-content\/uploads\/2022\/03\/led-768x768.jpg 768w, https:\/\/gazdasagportal.hu\/wp-content\/uploads\/2022\/03\/led-70x70.jpg 70w, https:\/\/gazdasagportal.hu\/wp-content\/uploads\/2022\/03\/led.jpg 800w\" sizes=\"(max-width: 300px) 100vw, 300px\" \/><\/a><strong>Az energiatakar\u00e9koss\u00e1g egyre fontosabb szempont a k\u00fcl\u00f6nf\u00e9le berendez\u00e9sek v\u00e1s\u00e1rl\u00e1s\u00e1n\u00e1l. Ez az izz\u00f3k ter\u00e9n sincs m\u00e1sk\u00e9pp. A hagyom\u00e1nyos volfr\u00e1msz\u00e1las \u00e9g\u0151ket lecser\u00e9lt\u00fck energiatakar\u00e9kos izz\u00f3kra, most pedig \u00fagy t\u0171nik, ezek ideje is le\u00e1ldoz\u00f3ban van. A LED izz\u00f3k sz\u00e9pen lassan kiszor\u00edtj\u00e1k el\u0151deik a piacr\u00f3l, ami egy\u00e1ltal\u00e1n nem csoda. T\u00e9nyleg meg\u00e9ri azonban lecser\u00e9lni j\u00f3l bev\u00e1lt vil\u00e1g\u00edt\u00e1sunkat erre?<\/strong><!--more--><\/p>\n<h2><b>LED technol\u00f3gia \u2013 sokr\u00e9t\u0171 megold\u00e1s a mindennapokban<\/b><\/h2>\n<p>A LED-es dolgok egyre nagyobb n\u00e9pszer\u0171s\u00e9gnek \u00f6rvendenek. Az LCD telev\u00edzi\u00f3kat felv\u00e1ltott\u00e1k a LED tv-k, ahogyan az izz\u00f3k ter\u00e9n is efel\u00e9 fordulunk mostans\u00e1g. Megtal\u00e1lhat\u00f3ak tov\u00e1bb\u00e1 monitorok, mobiltelefon-kijelz\u0151k \u00e9s <a href=\"https:\/\/www.alza.hu\/led-szalag-led-csik\/18856914.htm\" target=\"_blank\" rel=\"noopener\">LED szalagok<\/a> a list\u00e1ban. M\u00e1r a zsebl\u00e1mp\u00e1k is ilyen technol\u00f3gi\u00e1val k\u00e9sz\u00fclnek manaps\u00e1g. Nincs min csod\u00e1lkoznunk, hiszen nagy f\u00e9nyer\u0151, hossz\u00fa \u00e9lettartam \u00e9s alacsony fogyaszt\u00e1s jellemzi ezeket. J\u00f3val alacsonyabb, mint a r\u00e9gebbi \u201eenergiatakar\u00e9kos\u201d f\u00e9nycs\u00f6veket. A kijelz\u0151k pedig mes\u00e9be ill\u0151 felbont\u00e1st k\u00e9pesek biztos\u00edtani a felhaszn\u00e1l\u00f3k sz\u00e1m\u00e1ra. Hogy a j\u00f6v\u0151ben hogyan alakul mindez, azt pedig m\u00e9g nem tudhatjuk.<\/p>\n<h2><b>T\u00e9nyleg meg\u00e9ri?<\/b><\/h2>\n<p>A jelenlegi mutat\u00f3k alapj\u00e1n mindenk\u00e9pp meg\u00e9ri v\u00e1ltanunk. Egy hagyom\u00e1nyos, 60 wattos, volfr\u00e1msz\u00e1las izz\u00f3 f\u00e9nyerej\u00e9t t\u00f6k\u00e9letesen visszaadja egy 7 wattos LED izz\u00f3. Ez majdhogynem tizede az el\u0151bbi fogyaszt\u00e1s\u00e1nak. A telev\u00edzi\u00f3k, monitorok \u00e9s m\u00e1s kijelz\u0151k eset\u00e9ben ugyancsak fogyaszt\u00e1sbeli k\u00fcl\u00f6nbs\u00e9get figyelhet\u00fcnk meg. \u00c9rtelemszer\u0171en teh\u00e1t jelent\u0151s cs\u00f6kken\u00e9s figyelhet\u0151 majd meg a villanysz\u00e1ml\u00e1nkat illet\u0151en is. Egy olyan technol\u00f3gia csod\u00e1t l\u00e1thatunk teh\u00e1t a LED-ek k\u00e9p\u00e9ben, ami a z\u00f6ld otthonok t\u00f6rekv\u00e9se fel\u00e9 ir\u00e1nyul\u00f3 els\u0151 l\u00e9pcs\u0151fok lehet. Az alacsony fogyaszt\u00e1st ugyanis m\u00e1r a h\u00e1ztet\u0151re telep\u00edtett napelemek is k\u00e9pesek lehetnek kiel\u00e9g\u00edteni. \u00cdgy val\u00f3ban meg\u00e9ri LED-re v\u00e1ltanunk. Ha ez a tendencia n\u00f6vekszik, tal\u00e1n p\u00e1r \u00e9v m\u00falva m\u00e1r abszol\u00fat nem kell majd fizetn\u00fcnk az energi\u00e1\u00e9rt. Persze ez m\u00e9g a j\u00f6v\u0151 zen\u00e9je, de ennek az el\u0151szel\u00e9t m\u00e1r mi magunk is \u00e9rezhetj\u00fck egy A++ besorol\u00e1s\u00fa otthon birtokosaik\u00e9nt \u2013 ennek pedig elengedhetetlen elem\u00e9t k\u00e9pzi a LED-es vil\u00e1g\u00edt\u00e1stechnika.<\/p><div id=\"gazda-3931392476\" class=\"gazda-tartalomban gazda-entity-placement\"><script async src=\"https:\/\/pagead2.googlesyndication.com\/pagead\/js\/adsbygoogle.js\"><\/script>\r\n<ins class=\"adsbygoogle\"\r\n     style=\"display:block\"\r\n     data-ad-format=\"fluid\"\r\n     data-ad-layout-key=\"-6t+ed+2i-1n-4w\"\r\n     data-ad-client=\"ca-pub-1959107119989764\"\r\n     data-ad-slot=\"4008251320\"><\/ins>\r\n<script>\r\n     (adsbygoogle = window.adsbygoogle || []).push({});\r\n<\/script><\/div>\n","protected":false},"excerpt":{"rendered":"<p>Az energiatakar\u00e9koss\u00e1g egyre fontosabb szempont a k\u00fcl\u00f6nf\u00e9le berendez\u00e9sek v\u00e1s\u00e1rl\u00e1s\u00e1n\u00e1l. Ez az izz\u00f3k ter\u00e9n sincs m\u00e1sk\u00e9pp. A hagyom\u00e1nyos volfr\u00e1msz\u00e1las \u00e9g\u0151ket lecser\u00e9lt\u00fck energiatakar\u00e9kos izz\u00f3kra, most pedig \u00fagy t\u0171nik, ezek ideje is le\u00e1ldoz\u00f3ban van. A LED izz\u00f3k sz\u00e9pen lassan kiszor\u00edtj\u00e1k el\u0151deik a piacr\u00f3l, ami egy\u00e1ltal\u00e1n nem csoda. T\u00e9nyleg meg\u00e9ri azonban lecser\u00e9lni j\u00f3l bev\u00e1lt vil\u00e1g\u00edt\u00e1sunkat erre?<\/p>\n","protected":false},"author":1001006,"featured_media":139911,"comment_status":"open","ping_status":"open","sticky":false,"template":"","format":"standard","meta":[],"categories":[433,436],"tags":[],"_links":{"self":[{"href":"https:\/\/gazdasagportal.hu\/index.php\/wp-json\/wp\/v2\/posts\/139910"}],"collection":[{"href":"https:\/\/gazdasagportal.hu\/index.php\/wp-json\/wp\/v2\/posts"}],"about":[{"href":"https:\/\/gazdasagportal.hu\/index.php\/wp-json\/wp\/v2\/types\/post"}],"author":[{"embeddable":true,"href":"https:\/\/gazdasagportal.hu\/index.php\/wp-json\/wp\/v2\/users\/1001006"}],"replies":[{"embeddable":true,"href":"https:\/\/gazdasagportal.hu\/index.php\/wp-json\/wp\/v2\/comments?post=139910"}],"version-history":[{"count":1,"href":"https:\/\/gazdasagportal.hu\/index.php\/wp-json\/wp\/v2\/posts\/139910\/revisions"}],"predecessor-version":[{"id":139912,"href":"https:\/\/gazdasagportal.hu\/index.php\/wp-json\/wp\/v2\/posts\/139910\/revisions\/139912"}],"wp:featuredmedia":[{"embeddable":true,"href":"https:\/\/gazdasagportal.hu\/index.php\/wp-json\/wp\/v2\/media\/139911"}],"wp:attachment":[{"href":"https:\/\/gazdasagportal.hu\/index.php\/wp-json\/wp\/v2\/media?parent=139910"}],"wp:term":[{"taxonomy":"category","embeddable":true,"href":"https:\/\/gazdasagportal.hu\/index.php\/wp-json\/wp\/v2\/categories?post=139910"},{"taxonomy":"post_tag","embeddable":true,"href":"https:\/\/gazdasagportal.hu\/index.php\/wp-json\/wp\/v2\/tags?post=139910"}],"curies":[{"name":"wp","href":"https:\/\/api.w.org\/{rel}","templated":true}]}}