{"id":139870,"date":"2022-03-24T12:31:43","date_gmt":"2022-03-24T11:31:43","guid":{"rendered":"https:\/\/gazdasagportal.hu\/?p=139870"},"modified":"2022-03-24T12:31:43","modified_gmt":"2022-03-24T11:31:43","slug":"72-szazalekos-forgalomnovekedes-a-spar-nal-2021-ben","status":"publish","type":"post","link":"https:\/\/gazdasagportal.hu\/index.php\/72-szazalekos-forgalomnovekedes-a-spar-nal-2021-ben\/","title":{"rendered":"7,2 sz\u00e1zal\u00e9kos forgalomn\u00f6veked\u00e9s a SPAR-n\u00e1l 2021-ben"},"content":{"rendered":"<p><strong>Magyarorsz\u00e1gi jelenl\u00e9t\u00e9nek harminc\u00e9ves jubileum\u00e1t \u00fcnnepelte 2021-ben a SPAR. A v\u00e1llalat a pand\u00e9mia ellen\u00e9re 791,8 milli\u00e1rd forint forgalmat realiz\u00e1lt a tavalyi \u00e9vben, amely 7,2%-os n\u00f6veked\u00e9st jelent 2020-hoz k\u00e9pest. A c\u00e9gcsoport hat \u00faj saj\u00e1t egys\u00e9ggel \u00e9s harminc, a\u00a0franchise-h\u00e1l\u00f3zat \u00e9gisze alatt megny\u00edl\u00f3 \u00fczlettel b\u0151v\u00fclt, online shopja pedig tavaly elnyerte \u201eAz \u00e9v online boltja\u201d c\u00edmet. Minden eddigin\u00e9l nagyobb figyelmet ford\u00edtott a\u00a0hazai besz\u00e1ll\u00edt\u00f3kra, az innovat\u00edv \u00e1rucikkek beszerz\u00e9s\u00e9re, a k\u00f6rnyezettudatoss\u00e1g fejleszt\u00e9s\u00e9re \u00e9s a r\u00e1szorul\u00f3k t\u00e1mogat\u00e1s\u00e1ra. A\u00a0SPAR-csal\u00e1d 2021-ben m\u00e1r 14.500 f\u0151t sz\u00e1ml\u00e1lt. <\/strong><!--more--><\/p>\n<div class=\"ads-in-post2\"><script async src=\"https:\/\/pagead2.googlesyndication.com\/pagead\/js\/adsbygoogle.js\"><\/script>\r\n<ins class=\"adsbygoogle\"\r\n     style=\"display:block\"\r\n     data-ad-format=\"fluid\"\r\n     data-ad-layout-key=\"-6t+ed+2i-1n-4w\"\r\n     data-ad-client=\"ca-pub-1959107119989764\"\r\n     data-ad-slot=\"4008251320\"><\/ins>\r\n<script>\r\n     (adsbygoogle = window.adsbygoogle || []).push({});\r\n<\/script><\/div>\n<p><strong>A SPAR 2021. december 31-\u00e9n 614 \u00fczletet m\u0171k\u00f6dtetett t\u00f6bbf\u00e9le \u00e1ruh\u00e1zt\u00edpusban, ezek k\u00f6z\u00fcl <\/strong><strong>234-et a franchise programja r\u00e9szek\u00e9nt.<\/strong><\/p>\n<table>\n<tbody>\n<tr>\n<td width=\"229\"><strong>\u00dczlett\u00edpus <\/strong><\/td>\n<td width=\"78\"><strong>Darabsz\u00e1m <\/strong><\/td>\n<td width=\"100\"><strong>Cikkelemsz\u00e1m<\/strong><\/td>\n<td width=\"57\"><strong>m2<\/strong><\/td>\n<\/tr>\n<tr>\n<td width=\"229\">INTERSPAR hipermarket:<\/td>\n<td width=\"78\">35<\/td>\n<td width=\"100\">27 700\u201328 000<\/td>\n<td width=\"57\">141 266<\/td>\n<\/tr>\n<tr>\n<td width=\"229\">SPAR szupermarket:<\/td>\n<td width=\"78\">320<\/td>\n<td width=\"100\">12 200 \u201320000<\/td>\n<td width=\"57\">244 529<\/td>\n<\/tr>\n<tr>\n<td width=\"229\">City SPAR szupermarket:<\/td>\n<td width=\"78\">25<\/td>\n<td width=\"100\">11 500\u201313300<\/td>\n<td width=\"57\">7 644<\/td>\n<\/tr>\n<tr>\n<td width=\"229\">SPAR partner (franchise):<\/td>\n<td width=\"78\">34<\/td>\n<td width=\"100\">12 000\u201318 000<\/td>\n<td width=\"57\">17 590<\/td>\n<\/tr>\n<tr>\n<td width=\"229\">SPAR market (franchise):<\/td>\n<td width=\"78\">64<\/td>\n<td width=\"100\">12 000\u201318 000<\/td>\n<td width=\"57\">14 088<\/td>\n<\/tr>\n<tr>\n<td width=\"229\">OMV-SPAR express (t\u00f6lt\u0151\u00e1llom\u00e1s):<\/td>\n<td width=\"78\">85<\/td>\n<td width=\"100\">5 600\u20136 100<\/td>\n<td width=\"57\">9 349<\/td>\n<\/tr>\n<tr>\n<td width=\"229\">Lukoil-DESPAR (t\u00f6lt\u0151\u00e1llom\u00e1s):<\/td>\n<td width=\"78\">51<\/td>\n<td width=\"100\">3 500\u20136 200<\/td>\n<td width=\"57\">4 687<\/td>\n<\/tr>\n<tr>\n<td width=\"229\"><strong>\u00d6sszesen:<\/strong><\/td>\n<td width=\"78\"><strong>614<\/strong><\/td>\n<td width=\"100\"><strong>\u00a0<\/strong><\/td>\n<td width=\"57\"><strong>439 153<\/strong><\/td>\n<\/tr>\n<\/tbody>\n<\/table>\n<p>&nbsp;<\/p><div id=\"gazda-1719756010\" class=\"gazda-tartalomban gazda-entity-placement\"><script async src=\"https:\/\/pagead2.googlesyndication.com\/pagead\/js\/adsbygoogle.js\"><\/script>\r\n<ins class=\"adsbygoogle\"\r\n     style=\"display:block\"\r\n     data-ad-format=\"fluid\"\r\n     data-ad-layout-key=\"-6t+ed+2i-1n-4w\"\r\n     data-ad-client=\"ca-pub-1959107119989764\"\r\n     data-ad-slot=\"4008251320\"><\/ins>\r\n<script>\r\n     (adsbygoogle = window.adsbygoogle || []).push({});\r\n<\/script><\/div>\n<p>&nbsp;<\/p>\n<p><strong>\u00a0<\/strong><\/p>\n<p><strong>\u00a0<\/strong><\/p>\n<p><strong>\u00a0<\/strong><\/p>\n<p><strong>\u00a0<\/strong><\/p>\n<p><strong>Z\u00f6ldmez\u0151s beruh\u00e1z\u00e1sok, fel\u00faj\u00edtott \u00fczletek <\/strong><\/p>\n<p>Orsz\u00e1gszerte hat \u00faj saj\u00e1t SPAR-egys\u00e9g kezdte meg m\u0171k\u00f6d\u00e9s\u00e9t, tizennyolc megsz\u00e9p\u00fclt \u00fczlet pedig \u00fajranyitotta kapuit 2021-ben. Tavasszal az \u00e9v kiemelked\u0151 esem\u00e9nye volt a h\u00e1l\u00f3zat imm\u00e1ron 35. INTERSPAR \u00e1ruh\u00e1z\u00e1nak \u00e1tad\u00e1sa Kaposv\u00e1ron. A beruh\u00e1z\u00e1s rekordid\u0151, mintegy t\u00edz h\u00f3nap alatt k\u00e9sz\u00fclt el 11\u00a0milli\u00e1rd forintb\u00f3l \u00e9s 100 \u00faj munkahelyet teremtett a t\u00e9rs\u00e9gben. A\u00a0v\u00e1llalat tov\u00e1bbi h\u00e1rom INTERSPAR fel\u00faj\u00edt\u00e1si munk\u00e1it is megkezdte 2021-ben, ezek \u00e1tad\u00e1sa az idei \u00e9vben t\u00f6rt\u00e9nik meg.<\/p>\n<p>K\u00e9t \u00faj City SPAR-ral is gyarapodott az \u00fczletl\u00e1nc 2021-ben: a BudaPart GATE irodah\u00e1z f\u00f6ldszintj\u00e9n egy 342 milli\u00f3 forintos beruh\u00e1z\u00e1s eredm\u00e9nyek\u00e9nt m\u00e1rciusban megny\u00edlt egys\u00e9g 15 \u00faj munkahelyet teremtett, az Allure Residence Budapest Lak\u00f3parkban pedig egy h\u00fasz \u00faj munkahelyet jelent\u0151 szupermarketet adtak \u00e1t m\u00e1jusban. Budapesten \u00e9s Sopronban is \u00faj szupermarket-egys\u00e9gek ny\u00edltak. A f\u0151v\u00e1rosban, az Etele Plaza f\u00f6ldszintj\u00e9n szeptembert\u0151l egy 660 milli\u00f3 forintos beruh\u00e1z\u00e1snak k\u00f6sz\u00f6nhet\u0151en 49 kiskereskedelmi dolgoz\u00f3nak biztos\u00edtanak \u00faj munkahelyet az ott kialak\u00edt\u00e1sra ker\u00fclt \u00e1ruh\u00e1zban. Hasonl\u00f3 nagys\u00e1grend\u0171 \u00f6sszegb\u0151l k\u00e9sz\u00fclt el a budapesti Alag\u00fat utc\u00e1ban egy 29 \u00faj munkahelyet \u00e9s modern, k\u00e9nyelmes bev\u00e1s\u00e1rl\u00e1si lehet\u0151s\u00e9get teremt\u0151 \u00fczlet. Az \u00faj soproni szupermarket szint\u00e9n 29 munkat\u00e1rsat foglalkoztat. A v\u00e1llalat ezen t\u00falmen\u0151en az orsz\u00e1g sz\u00e1mos pontj\u00e1n v\u00e9gzett fel\u00faj\u00edt\u00e1si \u00e9s \u00e1t\u00e9p\u00edt\u00e9si munk\u00e1kat mintegy h\u00e9tmilli\u00e1rd forint \u00e9rt\u00e9kben.<br \/>\n<div class=\"ads-in-post2\"><script async src=\"https:\/\/pagead2.googlesyndication.com\/pagead\/js\/adsbygoogle.js\"><\/script>\r\n<ins class=\"adsbygoogle\"\r\n     style=\"display:block\"\r\n     data-ad-format=\"fluid\"\r\n     data-ad-layout-key=\"-6t+ed+2i-1n-4w\"\r\n     data-ad-client=\"ca-pub-1959107119989764\"\r\n     data-ad-slot=\"4008251320\"><\/ins>\r\n<script>\r\n     (adsbygoogle = window.adsbygoogle || []).push({});\r\n<\/script><\/div>\n<p><strong>A kisebb telep\u00fcl\u00e9sekre is eljut a SPAR a franchise-h\u00e1l\u00f3zata r\u00e9v\u00e9n<\/strong><\/p>\n<p>2021 nyar\u00e1n ny\u00edlt meg a SPAR 600. \u00fczlete a\u00a0B\u00e1cs-Kiskun megyei Vask\u00faton, amely a\u00a0SPAR Partner Program keret\u00e9ben kezdte meg m\u0171k\u00f6d\u00e9s\u00e9t. A m\u00e1r t\u00edz\u00e9ves franchise-h\u00e1l\u00f3zat 111 magyarorsz\u00e1gi telep\u00fcl\u00e9sen 234 \u00e1ruh\u00e1zzal van jelen. A\u00a0partnerh\u00e1l\u00f3zat n\u00e9pszer\u0171s\u00e9g\u00e9t mutatja, hogy 2021-ben 30 \u00faj franchise-\u00fczlet nyitott: Abda, Andocs, Balatonber\u00e9ny, Budapest, Cs\u00e9m, Enese, F\u00fcl\u00f6psz\u00e1ll\u00e1s, Galambok, G\u00e1rdony, Gyomaendr\u0151d, Karcag, Kiskunlach\u00e1za, Lajosmizse, Mecsekn\u00e1dasd, Mez\u0151k\u00f6vesd, Nagybajom, Ny\u00edregyh\u00e1za, P\u00e9cs, P\u00e9r, Soltvadkert, Szeged, Tiszaf\u00f6ldv\u00e1r, \u00dcll\u0151, Vask\u00fat, Velence \u00e9s Zs\u00e1mb\u00e9k egy vagy t\u00f6bb egys\u00e9ggel lett gazdagabb. \u00d6sszesen nyolc SPAR market, \u00f6t SPAR partner \u00e9s tizenh\u00e9t DESPAR \u00fczlet kezdte meg m\u0171k\u00f6d\u00e9s\u00e9t, ezzel is megval\u00f3s\u00edtva azt a fontos t\u00f6rekv\u00e9st, hogy a\u00a0v\u00e1llalat a\u00a0kisebb telep\u00fcl\u00e9sekre is eljusson. Az \u00fczlet\u00e1g 2021. \u00e9vi forgalma 82 milli\u00e1rd forint volt, \u00e9s t\u00f6bb mint 3000 embernek adott munk\u00e1t.<\/p>\n<p><strong>B\u0151 \u00f6tvenmilli\u00e1rdos forgalom a saj\u00e1t h\u00fas\u00fczemekben<\/strong><\/p>\n<p>A\u00a0SPAR mindk\u00e9t \u00fczemegys\u00e9ge, a\u00a0bicskei Regnum H\u00fas\u00fczem \u00e9s Oktat\u00f3k\u00f6zpont, valamint a\u00a0Regnum H\u00fas\u00fczem Perb\u00e1l is eredm\u00e9nyesen z\u00e1rta az \u00e9vet, s ut\u00f3bbi mindj\u00e1rt egy \u00f6nellen\u0151rz\u00e9st lehet\u0151v\u00e9 tev\u0151 laborat\u00f3riummal is b\u0151v\u00fclt, ami szint\u00e9n \u00fajabb munkahelyet teremtett. A bicskei \u00fczem sikeresen teljes\u00edtette az \u00e9ves audit-vizsg\u00e1latot, amelynek k\u00f6sz\u00f6nhet\u0151en 16 akt\u00edv v\u00e9djegyes frissh\u00fas-term\u00e9k eset\u00e9ben korl\u00e1toz\u00e1sok n\u00e9lk\u00fcl folytat\u00f3dhat a Magyar Term\u00e9k log\u00f3 haszn\u00e1lata, s\u0151t, 2021 okt\u00f3ber\u00e9ben a\u00a0perb\u00e1li \u00fczem tov\u00e1bbi \u00f6t hazai \u00e9s hat hazai feldolgoz\u00e1s\u00fa term\u00e9ke is elnyerte a\u00a0v\u00e9djegyhaszn\u00e1lati jogot. Perb\u00e1lon tavaly febru\u00e1rban kezd\u0151d\u00f6tt el a\u00a0sz\u00e1raz\u00e1ru-term\u00e9kek gy\u00e1rt\u00e1sa: a\u00a0h\u00fas\u00fczem \u00e9vi 500 tonna gy\u00e1rt\u00e1s\u00e1val tervez. A\u00a0bicskei h\u00fas\u00fczem nett\u00f3 forgalma 44,56 milli\u00e1rd, m\u00edg a\u00a0perb\u00e1li\u00e9 6,27 milli\u00e1rd forint volt tavaly. A k\u00e9nyelmi term\u00e9keket gy\u00e1rt\u00f3, 1500 n\u00e9gyzetm\u00e9teren m\u0171k\u00f6d\u0151 \u00fcll\u0151i SPAR enjoy. convenience \u00fczem a\u00a0kor\u00e1bbi trendet folytatva m\u0171k\u00f6d\u00e9se harmadik \u00e9v\u00e9ben is gyarapodni tudott \u00faj term\u00e9kekkel, illetve hamburgerek, hot dogok, csirkefalatok csomagol\u00e1s\u00e1ra alkalmas g\u00e9psorokkal.<\/p>\n<p><strong>Innov\u00e1ci\u00f3k a\u00a0sz\u00e1ll\u00edtm\u00e1nyoz\u00e1sban<\/strong><\/p>\n<p>M\u00edg 2020-ban a\u00a0bicskei logisztikai k\u00f6zpont 2,5 milli\u00e1rdos \u00e9s az \u00fcll\u0151i egys\u00e9g 2 milli\u00e1rdos beruh\u00e1z\u00e1sai els\u0151sorban ter\u00fcleti b\u0151v\u00edt\u00e9st hoztak a\u00a0nagyobb rakt\u00e1roz\u00e1si kapacit\u00e1s \u00e9rdek\u00e9ben, addig 2021-ben a\u00a0figyelem a\u00a0sz\u00e1ll\u00edtm\u00e1nyoz\u00e1s fontos eszk\u00f6zeire, a\u00a0kamionokra ir\u00e1nyult. Az \u00e9v v\u00e9g\u00e9re fejez\u0151d\u00f6tt be a\u00a0teljes flotta kamerarendszer\u00e9nek cser\u00e9je, a sof\u0151r\u00f6k munk\u00e1j\u00e1t nagyban megk\u00f6nny\u00edt\u0151 megold\u00e1st \u00e9v v\u00e9g\u00e9ig 50 kamion kapta meg. Szint\u00e9n a\u00a0kisz\u00e1ll\u00edt\u00e1si folyamatot \u00e9s annak biztons\u00e1g\u00e1t hivatott gyors\u00edtani az az automata k\u00f6z\u00fati h\u00eddm\u00e9rleg, amely 2021 \u0151sz\u00e9n a\u00a0bicskei k\u00f6zpontban is munk\u00e1ba \u00e1llt.<\/p>\n<p><strong>Fontos szakmai d\u00edjak, elismer\u00e9sek<\/strong><\/p>\n<p>A\u00a0Trade Magazin szervez\u00e9s\u00e9ben az \u201e\u00c9v Boltja\u201d versenyen h\u00e1rom rangos elismer\u00e9st is mag\u00e1\u00e9nak tudhatott az \u00fczleth\u00e1l\u00f3zat. B\u00fcszkes\u00e9gre ad okot, hogy a\u00a0SPAR elnyerte \u201eAz \u00c9v Szupermarket \u00dczletl\u00e1nca 2021\u201d kit\u00fcntet\u00e9st \u00e9s felhatalmaz\u00e1st kapott arra, hogy viselje a\u00a0\u201eRetailer of The Year 2021\u201d log\u00f3t \u00e9s haszn\u00e1lja \u201eAz \u00c9v Kiskeresked\u0151je 2021\u201d c\u00edmet. K\u00e9t \u00faj saj\u00e1t m\u00e1rk\u00e1s \u00e9lelmiszerterm\u00e9k, a\u00a0SPAR Szafi free bagett \u00e9s a\u00a0SPAR gyorsfagyasztott, h\u00e1mozott, kock\u00e1zott avok\u00e1d\u00f3 kapta a\u00a02021 legkiv\u00e1l\u00f3bb term\u00e9kinnov\u00e1ci\u00f3ja d\u00edjat a\u00a0Trade Magazin \u00e1ltal \u00e9letre h\u00edvott Inno d\u2019Or p\u00e1ly\u00e1zaton, m\u00edg a l\u00e9dig SPAR Pr\u00e9mium b\u00e9csi virslit a\u00a0N\u00c9BIH \u00e9lelmiszeripari szak\u00e9rt\u0151kb\u0151l \u00e1ll\u00f3 zs\u0171rije aranyfokozat\u00fa Kiv\u00e1l\u00f3 Min\u0151s\u00e9g\u0171 \u00c9lelmiszer min\u0151s\u00edt\u00e9ssel d\u00edjazta. \u201eA Fenntarthat\u00f3s\u00e1g Szimb\u00f3luma 2021\u201d p\u00e1ly\u00e1zaton a\u00a0\u201eMagyar v\u00e1llalkoz\u00e1sok piacra jut\u00e1s\u00e1t seg\u00edti a\u00a0Hungaricool by SPAR\u201d \u00e9s \u201eA Magyar M\u00e1ltai Szeretetszolg\u00e1lat k\u00e9zm\u0171ves term\u00e9kei a\u00a0SPAR Magyarorsz\u00e1g k\u00edn\u00e1lat\u00e1ban\u201d projektek r\u00e9szes\u00fcltek elismer\u00e9sben. Fenn\u00e1ll\u00e1sa \u00f3ta el\u0151sz\u00f6r kapott Superbrands-oklevelet az \u00e1ruh\u00e1zl\u00e1nc Regnum m\u00e1rk\u00e1ja, ezen t\u00falmen\u0151en pedig a SPAR m\u00e1rka 13., az INTERSPAR brand pedig 6. alkalommal \u00e9rdemelte ki a\u00a0rangos kereskedelmi d\u00edjat.<br \/>\n<div class=\"ads-in-post2\"><script async src=\"https:\/\/pagead2.googlesyndication.com\/pagead\/js\/adsbygoogle.js\"><\/script>\r\n<ins class=\"adsbygoogle\"\r\n     style=\"display:block\"\r\n     data-ad-format=\"fluid\"\r\n     data-ad-layout-key=\"-6t+ed+2i-1n-4w\"\r\n     data-ad-client=\"ca-pub-1959107119989764\"\r\n     data-ad-slot=\"4008251320\"><\/ins>\r\n<script>\r\n     (adsbygoogle = window.adsbygoogle || []).push({});\r\n<\/script><\/div>\n<p><strong>Az \u00e9v online-boltja<\/strong><\/p>\n<p>A SPAR Online shop 2019-es indul\u00e1sa ut\u00e1n a\u00a02020-as, majd a\u00a02021-es esztend\u0151 is a\u00a0fejl\u0151d\u00e9s jegy\u00e9ben telt, ez ut\u00f3bbi pedig egy jelent\u0151s szakmai d\u00edjat is hozott: ez a szolg\u00e1ltat\u00e1s a\u00a0Store Insider magazin p\u00e1ly\u00e1zat\u00e1n tavaly elnyerte \u201eAz \u00e9v online boltja\u201d c\u00edmet. Az indul\u00e1skor csak a\u00a0f\u0151v\u00e1rosban \u00e9s az agglomer\u00e1ci\u00f3ban el\u00e9rhet\u0151 kisz\u00e1ll\u00edt\u00e1s, valamint a Drive-In szolg\u00e1ltat\u00e1s 2020-ban a\u00a0Velencei-t\u00f3 frekvent\u00e1lt telep\u00fcl\u00e9seivel eg\u00e9sz\u00fclt ki, 2021 pedig \u00fajabb terjeszked\u00e9st hozott: j\u00faliust\u00f3l Sz\u00e9kesfeh\u00e9rv\u00e1r mintegy sz\u00e1zezer lakos\u00e1val n\u0151tt az online-v\u00e1s\u00e1rl\u00f3k k\u00f6re. A ny\u00e1ri szezonban az idegenforgalmi szempontb\u00f3l legforgalmasabb telep\u00fcl\u00e9seken nyaral\u00f3khoz is eljutott a\u00a0n\u00e9pszer\u0171 k\u00e9nyelmi szolg\u00e1ltat\u00e1s. Az egyre er\u0151s\u00f6d\u0151 v\u00e1s\u00e1rl\u00f3i ig\u00e9nyekre v\u00e1laszul a\u00a0F\u0151taxi-csoport \u00e9s az \u00e1ruh\u00e1zl\u00e1nc egy\u00fcttm\u0171k\u00f6d\u00e9s\u00e9ben l\u00e9trej\u00f6tt Taxi Shopping 2021-ben is el\u00e9rhet\u0151 volt, gyors \u00e9s biztons\u00e1gos kisz\u00e1ll\u00edt\u00e1si lehet\u0151s\u00e9get k\u00edn\u00e1lva az online shopban megrendelt term\u00e9keknek. E fejleszt\u00e9seknek is k\u00f6sz\u00f6nhet\u0151, hogy a\u00a0szolg\u00e1ltat\u00e1s az el\u0151z\u0151 \u00e9vi teljes\u00edtm\u00e9ny\u00e9hez k\u00e9pest k\u00e9t sz\u00e1mjegy\u0171 n\u00f6veked\u00e9st \u00e9rt el.<\/p>\n<p><strong>Sz\u00e9lesed\u0151 saj\u00e1t m\u00e1rk\u00e1s term\u00e9kk\u00edn\u00e1lat<\/strong><\/p>\n<p>Az \u00e9vr\u0151l \u00e9vre egyre nagyobb n\u00e9pszer\u0171s\u00e9gnek \u00f6rvend\u0151, kiv\u00e1l\u00f3 \u00e1r-\u00e9rt\u00e9k ar\u00e1ny\u00fa saj\u00e1t m\u00e1rk\u00e1s term\u00e9kek k\u00edn\u00e1lata 2021-ben k\u00f6zel h\u00e1romsz\u00e1z \u00e9lelmiszerterm\u00e9kkel b\u0151v\u00fclt, s kiemelt figyelmet kaptak a\u00a0helyi termel\u0151kt\u0151l sz\u00e1rmaz\u00f3 \u00e1rucikkek is. \u201eSPAR HAZAI.SZERETEM\u201d m\u00e1rkan\u00e9vvel ell\u00e1tott, kiv\u00e1l\u00f3 min\u0151s\u00e9g\u0171, hagyom\u00e1nyos magyar \u00edzvil\u00e1g\u00fa \u00e9lelmiszerek ker\u00fcltek a\u00a0polcokra augusztust\u00f3l. Folytat\u00f3dott a\u00a0Hungarycool by SPAR, a hazai gazdas\u00e1g kreat\u00edv forr\u00e1sainak felkutat\u00e1s\u00e1ra \u00e9s t\u00e1mogat\u00e1s\u00e1ra \u00e9letre h\u00edvott term\u00e9kverseny, amelynek 2021-es verseny\u00e9ben h\u00e9t nyertest hirdettek. A\u00a0kiv\u00e1lasztott v\u00e1llalkoz\u00e1sok gy\u0151ztes m\u00e1rk\u00e1i ma m\u00e1r 32 cikkelemmel gyarap\u00edtj\u00e1k az INTERSPAR \u00e1ruh\u00e1zak k\u00edn\u00e1lat\u00e1t. Az \u00e1ruh\u00e1zl\u00e1nc \u00faj region\u00e1lis partneri programot ind\u00edtott magyar kistermel\u0151knek \u00e9s kisv\u00e1llalkoz\u00f3knak akik fenntarthat\u00f3 m\u00f3don \u00e9s el\u00e9rhet\u0151 \u00e1ron \u00e1ll\u00edtanak el\u0151 min\u0151s\u00e9gi term\u00e9keket. A\u00a0tervek szerint a\u00a0\u201eR\u00e9gi\u00f3k Kincsei\u201d kezdem\u00e9nyez\u00e9s a\u00a0SPAR-n\u00e1l 2022 v\u00e9g\u00e9ig 23 \u00faj munkahelyet teremt, \u00e9s j\u00f3 es\u00e9llyel a\u00a0besz\u00e1ll\u00edt\u00f3kn\u00e1l is n\u00f6velheti a\u00a0foglalkoztatottak l\u00e9tsz\u00e1m\u00e1t.<\/p>\n<p><strong>Megbecs\u00fclt munkat\u00e1rsak, sz\u00ednvonalas k\u00e9pz\u00e9si programok<\/strong><\/p>\n<p>A SPAR Magyarorsz\u00e1g tov\u00e1bbra is biztos\u00edtotta munkat\u00e1rsainak a\u00a0SPAR H\u0171s\u00e9gprogramot, a\u00a0SZ\u00c9P-k\u00e1rtya ny\u00fajtotta el\u0151ny\u00f6ket \u00e9s a\u00a0nyolcvanezer forint havi k\u00f6lt\u00e9sig terjed\u0151 10%-os dolgoz\u00f3i v\u00e1s\u00e1rl\u00e1si kedvezm\u00e9nyt, melyet az \u00fajonnan bel\u00e9p\u0151k m\u00e1r az els\u0151 munkanapt\u00f3l ig\u00e9nybe vehettek. Megmaradt tov\u00e1bb\u00e1 a\u00a0jubileumi juttat\u00e1si rendszer, a\u00a013. havi juttat\u00e1st \u00e9lvez\u0151k k\u00f6re pedig szint\u00e9n kib\u0151v\u00fclt az \u00e9v els\u0151 fel\u00e9ben bel\u00e9p\u0151kkel.\u00a0 A SPAR t\u00f6rt\u00e9net\u00e9ben el\u0151sz\u00f6r indult el a\u00a0v\u00e1llalatn\u00e1l dolgoz\u00f3 tehets\u00e9gek szakmai fejleszt\u00e9s\u00e9t c\u00e9lz\u00f3 program, s a c\u00e9g id\u00e9n is csatlakozott a\u00a0SPAR-konszern Nemzetk\u00f6zi Management Trainee Programj\u00e1hoz. A SPAR b\u00e9rez\u00e9s ter\u00e9n nem tesz k\u00fcl\u00f6nbs\u00e9get f\u00e9rfiak \u00e9s n\u0151k k\u00f6z\u00f6tt. A v\u00e1llalat p\u00e9ld\u00e1t mutatva, csatlakozott az Amnesty International Magyarorsz\u00e1g #EgyL\u00e9p\u00e9sselK\u00f6zelebb nev\u0171 kamp\u00e1ny\u00e1hoz \u00e9s m\u00e1rcius 8-\u00e1n, a nemzetk\u00f6zi n\u0151napon nyilv\u00e1noss\u00e1 tette b\u00e9radatait a\u00a0legnagyobb l\u00e9tsz\u00e1mot kitev\u0151 munkak\u00f6r\u00f6k eset\u00e9ben. A\u00a0b\u00e9rez\u00e9sen t\u00fal p\u00e9ldamutat\u00f3 m\u00f3don a\u00a0v\u00e1llalat fels\u0151vezet\u00e9s\u00e9ben is fele-fele ar\u00e1nyban jelennek meg a\u00a0kulcsfontoss\u00e1g\u00fa szerepet bet\u00f6lt\u0151 n\u0151i \u00e9s f\u00e9rfi vezet\u0151k.<\/p>\n<p><strong>A SPAR sz\u00edv\u00fcgye a j\u00f3t\u00e9konys\u00e1g \u00e9s a t\u00e1rsadalmi felel\u0151ss\u00e9gv\u00e1llal\u00e1s<\/strong><\/p>\n<p>A SPAR Magyarorsz\u00e1g 2021-ben t\u00f6bb mint 230 milli\u00f3 forintot ford\u00edtott nemes \u00fcgyekre. A Magyar M\u00e1ltai Szeretetszolg\u00e1lat k\u00f6zel harminc \u00e9ve strat\u00e9giai partnere az \u00fczletl\u00e1ncnak, \u00e9s egyik legeredm\u00e9nyesebb k\u00f6z\u00f6s kezdem\u00e9nyez\u00e9s\u00fck az Adni \u00d6r\u00f6m! adom\u00e1nygy\u0171jt\u00e9s. Ny\u00e1r v\u00e9g\u00e9n ennek keret\u00e9ben a v\u00e1s\u00e1rl\u00f3k k\u00fcl\u00f6n\u00f6sen nagy mennyis\u00e9g\u0171, t\u00f6bb mint 57 000 darab tanszerrel \u00e9s t\u00f6bb mint 2,2 milli\u00f3 forinttal seg\u00edtett\u00e9k a\u00a0neh\u00e9z helyzetben l\u00e9v\u0151k tan\u00e9vkezd\u00e9s\u00e9t. Az kar\u00e1csonyi \u00e9lelmiszer-adom\u00e1nygy\u0171jt\u0151 kezdem\u00e9nyez\u00e9s keret\u00e9ben 2021-ben 188 tonna \u00e9lelmiszert aj\u00e1nlottak fel a\u00a0v\u00e1s\u00e1rl\u00f3k, melyekb\u0151l 26 ezer aj\u00e1nd\u00e9kcsomag k\u00e9sz\u00fclt \u00e9s tal\u00e1lt gazd\u00e1ra m\u00e9g az \u00fcnnepek el\u0151tt. A c\u00e9gn\u00e9l t\u00f6bb mint sz\u00e1z megv\u00e1ltozott munkak\u00e9pess\u00e9g\u0171 munkav\u00e1llal\u00f3 \u00e9s t\u00edz fogyat\u00e9kkal \u00e9l\u0151, autista fiatal dolgozik \u2013 beilleszked\u00e9s\u00fcket a\u00a0c\u00e9gn\u00e9l dolgoz\u00f3 es\u00e9lyegyenl\u0151s\u00e9gi referens is seg\u00edti. A\u00a0c\u00e9gcsoport 2010 \u00f3ta m\u00e1r n\u00e9gy alkalommal nyerte el a\u00a0Fogyat\u00e9koss\u00e1gbar\u00e1t Munkahely elismer\u00e9st, tov\u00e1bb\u00e1 Befogad\u00f3 Munkahely k\u00fcl\u00f6nd\u00edjat is kapott, amit a\u00a0t\u00f3tv\u00e1zsonyi Janka Tany\u00e1val megval\u00f3s\u00edtott programj\u00e1\u00e9rt vehetett \u00e1t. A v\u00e1llalat 2008 \u00f3ta n\u00e9vad\u00f3 szponzora Magyarorsz\u00e1g egyik legnagyobb szabadid\u0151sport-esem\u00e9ny\u00e9nek, a\u00a0SPAR Budapest Maraton\u00ae Fesztiv\u00e1lnak, a rendezv\u00e9nyen fel\u00e1ll\u00edtott Regnum standj\u00e1nak teljes bev\u00e9tel\u00e9t strat\u00e9giai partner\u00e9nek, a\u00a0Magyar M\u00e1ltai Szeretetszolg\u00e1latnak aj\u00e1nlotta fel.<br \/>\n<div class=\"ads-in-post2\"><script async src=\"https:\/\/pagead2.googlesyndication.com\/pagead\/js\/adsbygoogle.js\"><\/script>\r\n<ins class=\"adsbygoogle\"\r\n     style=\"display:block\"\r\n     data-ad-format=\"fluid\"\r\n     data-ad-layout-key=\"-6t+ed+2i-1n-4w\"\r\n     data-ad-client=\"ca-pub-1959107119989764\"\r\n     data-ad-slot=\"4008251320\"><\/ins>\r\n<script>\r\n     (adsbygoogle = window.adsbygoogle || []).push({});\r\n<\/script><\/div>\n<p><strong>K\u00f6z\u00f6s feladatunk meg\u00f3vni a\u00a0F\u00f6ldet<\/strong><\/p>\n<p>Megfelel\u0151 technik\u00e1kkal a\u00a0hullad\u00e9kok nagyobb r\u00e9sze gazdas\u00e1gosan \u00fajrahasznos\u00edthat\u00f3, szelekt\u00edv begy\u0171jt\u00e9s\u00fck ez\u00e9rt rendk\u00edv\u00fcl fontos. A\u00a0hullad\u00e9kgy\u0171jt\u00e9s egyszer\u0171s\u00edt\u00e9se \u00e9s hat\u00e9konys\u00e1ga \u00e9rdek\u00e9ben a\u00a0v\u00e1llalat 2021 nyar\u00e1t\u00f3l j\u00f3l \u00e1ttekinthet\u0151 piktogramokkal l\u00e1tta el saj\u00e1t m\u00e1rk\u00e1s term\u00e9keit, hogy mindenki egy\u00e9rtelm\u0171en be tudja azonos\u00edtani, melyek dobhat\u00f3k a\u00a0szelekt\u00edv hullad\u00e9kt\u00e1rol\u00f3kba \u00e9s melyek a\u00a0kommun\u00e1lis gy\u0171jt\u0151kbe. Szakmai partner\u00e9vel, a\u00a0Biotrans Kft.-vel egy\u00fcttm\u0171k\u00f6dve a\u00a0k\u00f6rnyezettudatoss\u00e1g jegy\u00e9ben 2021 nyar\u00e1n teszt\u00fczemben elkezdte a\u00a0feleslegess\u00e9 v\u00e1lt otthoni \u00e9tkez\u00e9si olajok \u00e9s zs\u00edrok szakszer\u0171 \u00f6sszegy\u0171jt\u00e9s\u00e9t, s a h\u00e1rom h\u00f3napos pr\u00f3ba\u00fczem eltelt\u00e9vel m\u00e1r kilenc INTERSPAR-ban \u00e9s 25 SPAR \u00e1ruh\u00e1zban fogadt\u00e1k ezt a\u00a0vesz\u00e9lyes hullad\u00e9kot. B\u0151v\u00fclt a\u00a0fenntarthat\u00f3 \u00e1rucikkek k\u00edn\u00e1lata \u00e9s gazdagodott a cukorn\u00e1db\u00f3l, f\u00e1b\u00f3l vagy pap\u00edrb\u00f3l el\u0151\u00e1ll\u00edtott k\u00e1v\u00e9s- \u00e9s ev\u0151kanalak, vill\u00e1k, k\u00e9sek, lapos- \u00e9s m\u00e9lyt\u00e1ny\u00e9rok, poharak \u00e9s sz\u00edv\u00f3sz\u00e1lak v\u00e1laszt\u00e9ka.<\/p>\n","protected":false},"excerpt":{"rendered":"<p>Magyarorsz\u00e1gi jelenl\u00e9t\u00e9nek harminc\u00e9ves jubileum\u00e1t \u00fcnnepelte 2021-ben a SPAR. A v\u00e1llalat a pand\u00e9mia ellen\u00e9re 791,8 milli\u00e1rd forint forgalmat realiz\u00e1lt a tavalyi \u00e9vben, amely 7,2%-os n\u00f6veked\u00e9st jelent 2020-hoz k\u00e9pest. A c\u00e9gcsoport hat \u00faj saj\u00e1t egys\u00e9ggel \u00e9s harminc, a\u00a0franchise-h\u00e1l\u00f3zat \u00e9gisze alatt megny\u00edl\u00f3 \u00fczlettel b\u0151v\u00fclt, online shopja pedig tavaly elnyerte \u201eAz \u00e9v online boltja\u201d c\u00edmet. Minden eddigin\u00e9l nagyobb figyelmet &#8230;<\/p>\n","protected":false},"author":1001005,"featured_media":139871,"comment_status":"open","ping_status":"open","sticky":false,"template":"","format":"standard","meta":[],"categories":[19,436],"tags":[],"_links":{"self":[{"href":"https:\/\/gazdasagportal.hu\/index.php\/wp-json\/wp\/v2\/posts\/139870"}],"collection":[{"href":"https:\/\/gazdasagportal.hu\/index.php\/wp-json\/wp\/v2\/posts"}],"about":[{"href":"https:\/\/gazdasagportal.hu\/index.php\/wp-json\/wp\/v2\/types\/post"}],"author":[{"embeddable":true,"href":"https:\/\/gazdasagportal.hu\/index.php\/wp-json\/wp\/v2\/users\/1001005"}],"replies":[{"embeddable":true,"href":"https:\/\/gazdasagportal.hu\/index.php\/wp-json\/wp\/v2\/comments?post=139870"}],"version-history":[{"count":1,"href":"https:\/\/gazdasagportal.hu\/index.php\/wp-json\/wp\/v2\/posts\/139870\/revisions"}],"predecessor-version":[{"id":139872,"href":"https:\/\/gazdasagportal.hu\/index.php\/wp-json\/wp\/v2\/posts\/139870\/revisions\/139872"}],"wp:featuredmedia":[{"embeddable":true,"href":"https:\/\/gazdasagportal.hu\/index.php\/wp-json\/wp\/v2\/media\/139871"}],"wp:attachment":[{"href":"https:\/\/gazdasagportal.hu\/index.php\/wp-json\/wp\/v2\/media?parent=139870"}],"wp:term":[{"taxonomy":"category","embeddable":true,"href":"https:\/\/gazdasagportal.hu\/index.php\/wp-json\/wp\/v2\/categories?post=139870"},{"taxonomy":"post_tag","embeddable":true,"href":"https:\/\/gazdasagportal.hu\/index.php\/wp-json\/wp\/v2\/tags?post=139870"}],"curies":[{"name":"wp","href":"https:\/\/api.w.org\/{rel}","templated":true}]}}