{"id":139835,"date":"2022-03-21T11:23:26","date_gmt":"2022-03-21T10:23:26","guid":{"rendered":"https:\/\/gazdasagportal.hu\/?p=139835"},"modified":"2022-03-21T11:23:26","modified_gmt":"2022-03-21T10:23:26","slug":"tobb-mint-egy-eve-tartosan-emelkednek-az-alberleti-dijak","status":"publish","type":"post","link":"https:\/\/gazdasagportal.hu\/index.php\/tobb-mint-egy-eve-tartosan-emelkednek-az-alberleti-dijak\/","title":{"rendered":"T\u00f6bb mint egy \u00e9ve tart\u00f3san emelkednek az alb\u00e9rleti d\u00edjak"},"content":{"rendered":"<p>Tavaly febru\u00e1r \u00f3ta folyamatosan emelkednek a lakb\u00e9rek a koronav\u00edrus-j\u00e1rv\u00e1ny els\u0151 \u00e9v\u00e9ben bek\u00f6vetkezett visszaes\u00e9st k\u00f6vet\u0151en, id\u00e9n febru\u00e1rban orsz\u00e1gosan 16,1, Budapesten 16,5 sz\u00e1zal\u00e9kkal n\u0151ttek a b\u00e9rleti d\u00edjak az el\u0151z\u0151 \u00e9v azonos id\u0151szak\u00e1hoz k\u00e9pest &#8211; der\u00fcl ki a h\u00e9tf\u0151n k\u00f6zz\u00e9tett KSH-ingatlan.com lakb\u00e9rindexb\u0151l.<!--more--><\/p>\n<div class=\"ads-in-post2\"><script async src=\"https:\/\/pagead2.googlesyndication.com\/pagead\/js\/adsbygoogle.js\"><\/script>\r\n<ins class=\"adsbygoogle\"\r\n     style=\"display:block\"\r\n     data-ad-format=\"fluid\"\r\n     data-ad-layout-key=\"-6t+ed+2i-1n-4w\"\r\n     data-ad-client=\"ca-pub-1959107119989764\"\r\n     data-ad-slot=\"4008251320\"><\/ins>\r\n<script>\r\n     (adsbygoogle = window.adsbygoogle || []).push({});\r\n<\/script><\/div>\n<p>    Az adatok szerint a legnagyobb m\u00e9rt\u00e9k\u0171, 19,2 sz\u00e1zal\u00e9kos emelked\u00e9s a pesti bels\u0151 ker\u00fcletekben volt. A budai hegyvid\u00e9ki \u00e9s egy\u00e9b ker\u00fcletekben 13,9, illetve 12,3 sz\u00e1zal\u00e9kkal, a pesti \u00e1tmeneti ker\u00fcletekben 14,8 sz\u00e1zal\u00e9kkal n\u0151ttek a b\u00e9rleti d\u00edjak, m\u00edg a pesti k\u00fcls\u0151 ker\u00fcletekben tov\u00e1bbra is m\u00e9rs\u00e9keltebb, 9,6 sz\u00e1zal\u00e9kos volt a lakb\u00e9rek emelked\u00e9se.<br \/>\n    Az el\u0151z\u0151 h\u00f3naphoz k\u00e9pest id\u00e9n febru\u00e1rban orsz\u00e1gosan 2,0, Budapesten 1,5 sz\u00e1zal\u00e9kkal n\u0151ttek a b\u00e9rleti d\u00edjak.<br \/>\n    A pesti bels\u0151 ker\u00fcletekben 2,7, a budai hegyvid\u00e9ki ker\u00fcletekben 1,5 sz\u00e1zal\u00e9kkal n\u0151ttek, m\u00edg a budai egy\u00e9b ker\u00fcletekben az el\u0151z\u0151 havi jelent\u0151sebb n\u00f6veked\u00e9s ut\u00e1n l\u00e9nyeg\u00e9ben stagn\u00e1ltak a d\u00edjak. A pesti \u00e1tmeneti ker\u00fcletekben 1,3, a pesti k\u00fcls\u0151 ker\u00fcletekben 0,8 sz\u00e1zal\u00e9kkal emelkedtek a b\u00e9rleti d\u00edjak febru\u00e1rban az el\u0151z\u0151 h\u00f3naphoz viszony\u00edtva.<br \/>\n    A 2020. janu\u00e1ri cs\u00facsn\u00e1l orsz\u00e1gosan m\u00e1r 2,5 sz\u00e1zal\u00e9kkal magasabb, a f\u0151v\u00e1rosban m\u00e9g 1,6 sz\u00e1zal\u00e9kkal m\u00e9rs\u00e9keltebb d\u00edj\u00e9rt k\u00edn\u00e1lt\u00e1k a kiad\u00f3 lak\u00e1sokat id\u00e9n febru\u00e1rban. Az orsz\u00e1gos index a 2015. \u00e9vi b\u00e1zisid\u0151szak 149 sz\u00e1zal\u00e9k\u00e1n, a f\u0151v\u00e1rosi pedig a 141 sz\u00e1zal\u00e9k\u00e1n \u00e1ll.<br \/>\n    A lak\u00e1sb\u00e9rleti piac nagyv\u00e1rosokban t\u00f6rt\u00e9n\u0151 koncentr\u00e1ci\u00f3j\u00e1t, \u00e9s azon bel\u00fcl a f\u0151v\u00e1ros er\u0151teljes t\u00fals\u00faly\u00e1t egy\u00e9rtelm\u0171en t\u00fckr\u00f6zi a sz\u00e1m\u00edt\u00e1sokhoz figyelembe vett hirdet\u00e9sek megoszl\u00e1sa. A 2022. janu\u00e1r-febru\u00e1rban figyelembe vett hirdet\u00e9sek 61 sz\u00e1zal\u00e9ka f\u0151v\u00e1rosi, 24 sz\u00e1zal\u00e9ka megyei jog\u00fa, 13 sz\u00e1zal\u00e9ka nem megyei jog\u00fa v\u00e1rosban l\u00e9v\u0151 lak\u00e1sra vonatkozott.<br \/>\n<div class=\"ads-in-post2\"><script async src=\"https:\/\/pagead2.googlesyndication.com\/pagead\/js\/adsbygoogle.js\"><\/script>\r\n<ins class=\"adsbygoogle\"\r\n     style=\"display:block\"\r\n     data-ad-format=\"fluid\"\r\n     data-ad-layout-key=\"-6t+ed+2i-1n-4w\"\r\n     data-ad-client=\"ca-pub-1959107119989764\"\r\n     data-ad-slot=\"4008251320\"><\/ins>\r\n<script>\r\n     (adsbygoogle = window.adsbygoogle || []).push({});\r\n<\/script><\/div>\n    Az idei els\u0151 k\u00e9t h\u00f3napban kiad\u00e1sra meghirdetett lak\u00e1sok alapter\u00fclete Budapesten \u00e1tlagosan 54, a megyei jog\u00fa v\u00e1rosokban 57 n\u00e9gyzetm\u00e9ter volt. A kisebb telep\u00fcl\u00e9seken &#8211; a nem megyei jog\u00fa v\u00e1rosokban \u00e9s a k\u00f6zs\u00e9gekben &#8211; \u00e1ltal\u00e1ban nagyobbak a kiad\u00f3 lak\u00e1sok, \u00e1tlagos alapter\u00fclet\u00fck 62 n\u00e9gyzetm\u00e9ter volt. A legnagyobb alapter\u00fclet\u0171, 68 n\u00e9gyzetm\u00e9teres alb\u00e9rleteket tov\u00e1bbra is Pest megy\u00e9ben hirdett\u00e9k.<br \/>\n    A f\u0151v\u00e1ros dominanci\u00e1ja miatt a megfigyelt hirdet\u00e9sek t\u00falnyom\u00f3 t\u00f6bbs\u00e9ge, csaknem 94 sz\u00e1zal\u00e9ka t\u00f6bblak\u00e1sos \u00e9p\u00fcletben l\u00e9v\u0151 lak\u00e1sra vonatkozott, a fennmarad\u00f3 6,3 sz\u00e1zal\u00e9k eset\u00e9ben csal\u00e1di h\u00e1zakat hirdettek meg. Budapesten a kiad\u00f3 lak\u00f3ingatlanoknak csak 3,1 sz\u00e1zal\u00e9ka volt csal\u00e1di h\u00e1z.<br \/>\n    A f\u0151v\u00e1rosban a hirdet\u00e9sek 41, orsz\u00e1gosan 43 sz\u00e1zal\u00e9ka sz\u00e1rmazott mag\u00e1nszem\u00e9lyekt\u0151l 2022 els\u0151 k\u00e9t h\u00f3napj\u00e1ban.(MTI)<\/p>\n","protected":false},"excerpt":{"rendered":"<p>Tavaly febru\u00e1r \u00f3ta folyamatosan emelkednek a lakb\u00e9rek a koronav\u00edrus-j\u00e1rv\u00e1ny els\u0151 \u00e9v\u00e9ben bek\u00f6vetkezett visszaes\u00e9st k\u00f6vet\u0151en, id\u00e9n febru\u00e1rban orsz\u00e1gosan 16,1, Budapesten 16,5 sz\u00e1zal\u00e9kkal n\u0151ttek a b\u00e9rleti d\u00edjak az el\u0151z\u0151 \u00e9v azonos id\u0151szak\u00e1hoz k\u00e9pest &#8211; der\u00fcl ki a h\u00e9tf\u0151n k\u00f6zz\u00e9tett KSH-ingatlan.com lakb\u00e9rindexb\u0151l.<\/p>\n","protected":false},"author":1001006,"featured_media":0,"comment_status":"open","ping_status":"open","sticky":false,"template":"","format":"standard","meta":[],"categories":[19],"tags":[],"_links":{"self":[{"href":"https:\/\/gazdasagportal.hu\/index.php\/wp-json\/wp\/v2\/posts\/139835"}],"collection":[{"href":"https:\/\/gazdasagportal.hu\/index.php\/wp-json\/wp\/v2\/posts"}],"about":[{"href":"https:\/\/gazdasagportal.hu\/index.php\/wp-json\/wp\/v2\/types\/post"}],"author":[{"embeddable":true,"href":"https:\/\/gazdasagportal.hu\/index.php\/wp-json\/wp\/v2\/users\/1001006"}],"replies":[{"embeddable":true,"href":"https:\/\/gazdasagportal.hu\/index.php\/wp-json\/wp\/v2\/comments?post=139835"}],"version-history":[{"count":1,"href":"https:\/\/gazdasagportal.hu\/index.php\/wp-json\/wp\/v2\/posts\/139835\/revisions"}],"predecessor-version":[{"id":139836,"href":"https:\/\/gazdasagportal.hu\/index.php\/wp-json\/wp\/v2\/posts\/139835\/revisions\/139836"}],"wp:attachment":[{"href":"https:\/\/gazdasagportal.hu\/index.php\/wp-json\/wp\/v2\/media?parent=139835"}],"wp:term":[{"taxonomy":"category","embeddable":true,"href":"https:\/\/gazdasagportal.hu\/index.php\/wp-json\/wp\/v2\/categories?post=139835"},{"taxonomy":"post_tag","embeddable":true,"href":"https:\/\/gazdasagportal.hu\/index.php\/wp-json\/wp\/v2\/tags?post=139835"}],"curies":[{"name":"wp","href":"https:\/\/api.w.org\/{rel}","templated":true}]}}