{"id":139640,"date":"2022-02-26T15:26:47","date_gmt":"2022-02-26T14:26:47","guid":{"rendered":"https:\/\/gazdasagportal.hu\/?p=139640"},"modified":"2022-02-26T15:26:47","modified_gmt":"2022-02-26T14:26:47","slug":"orosz-hadmuvelet-rendkivuli-jonak-lenni-jo-adomanygyujto-musort-indit-a-kozszolgalati-media","status":"publish","type":"post","link":"https:\/\/gazdasagportal.hu\/index.php\/orosz-hadmuvelet-rendkivuli-jonak-lenni-jo-adomanygyujto-musort-indit-a-kozszolgalati-media\/","title":{"rendered":"Orosz hadm\u0171velet &#8211; Rendk\u00edv\u00fcli J\u00f3nak lenni j\u00f3! adom\u00e1nygy\u0171jt\u0151 m\u0171sort ind\u00edt a k\u00f6zszolg\u00e1lati m\u00e9dia"},"content":{"rendered":"<p><strong>\u00c1der J\u00e1nos k\u00f6zt\u00e1rsas\u00e1gi eln\u00f6k kezdem\u00e9nyez\u00e9s\u00e9re rendk\u00edv\u00fcli J\u00f3nak lenni j\u00f3! adom\u00e1nygy\u0171jt\u0151 m\u0171sorban sz\u00f3l\u00edt fel az orosz-ukr\u00e1n konfliktus miatt bajbajutottak t\u00e1mogat\u00e1s\u00e1ra a magyar k\u00f6zszolg\u00e1lati m\u00e9dia &#8211; k\u00f6z\u00f6lte az MTVA szombaton az MTI-vel.<\/strong><!--more--><\/p>\n<div class=\"ads-in-post2\"><script async src=\"https:\/\/pagead2.googlesyndication.com\/pagead\/js\/adsbygoogle.js\"><\/script>\r\n<ins class=\"adsbygoogle\"\r\n     style=\"display:block\"\r\n     data-ad-format=\"fluid\"\r\n     data-ad-layout-key=\"-6t+ed+2i-1n-4w\"\r\n     data-ad-client=\"ca-pub-1959107119989764\"\r\n     data-ad-slot=\"4008251320\"><\/ins>\r\n<script>\r\n     (adsbygoogle = window.adsbygoogle || []).push({});\r\n<\/script><\/div>\n<p>    A t\u00e1rsas\u00e1g k\u00f6zlem\u00e9ny\u00e9ben kifejtette, a magyar \u00e1llamf\u0151 telefonon k\u00e9rte a k\u00f6zm\u00e9dia vezet\u00e9s\u00e9t a nemzeti egys\u00e9g szempontj\u00e1b\u00f3l kiemelt fontoss\u00e1g\u00fa seg\u00edts\u00e9gny\u00fajt\u00e1sra.<br \/>\n    &#8222;A k\u00f6zm\u00e9dia sz\u00e1m\u00e1ra rendk\u00edv\u00fcl fontos, hogy a m\u00e9dia eszk\u00f6zeivel \u00e9lve r\u00e9szt v\u00e1llaljon a k\u00e1rp\u00e1taljai magyarok \u00e9s a menek\u00fcltek t\u00e1mogat\u00e1s\u00e1ban, bemutassa a magyarok szolidarit\u00e1s\u00e1t, a j\u00f3sz\u00e1nd\u00e9k\u00fa embereknek a bajbajutottak seg\u00edt\u00e9s\u00e9re ir\u00e1nyul\u00f3 t\u00f6rekv\u00e9seit, a H\u00edd K\u00e1rp\u00e1talj\u00e1\u00e9rt program keret\u00e9ben megval\u00f3sul\u00f3 \u00f6sszehangolt seg\u00edts\u00e9get&#8221; &#8211; olvashat\u00f3 az MTVA k\u00f6zlem\u00e9ny\u00e9ben.<br \/>\n    K\u00f6z\u00f6lt\u00e9k, a Duna Telev\u00edzi\u00f3 tematikus m\u0171sorban biztat adom\u00e1nyoz\u00e1sra \u00e9s seg\u00edts\u00e9gny\u00fajt\u00e1sra a K\u00e1rp\u00e1talj\u00e1n \u00e9l\u0151 magyarok \u00e9s az orosz-ukr\u00e1n konfliktus el\u0151l menek\u00fcl\u0151k t\u00e1mogat\u00e1sa \u00e9rdek\u00e9ben.<br \/>\n    A nemzet telev\u00edzi\u00f3ja mellett a t\u00e1j\u00e9koztat\u00e1sban r\u00e9szt vesz a k\u00f6zm\u00e9dia valamennyi csatorn\u00e1ja; h\u00e9tf\u0151t\u0151l naponta jelentkez\u0151 m\u0171sorokban mutatj\u00e1k be azokat az egy\u00e9ni vagy \u00f6nkorm\u00e1nyzati felaj\u00e1nl\u00e1sokat is, amelyekkel sz\u00e1ll\u00e1st \u00e9s ell\u00e1t\u00e1st biztos\u00edtanak az \u00e9rkez\u0151 csal\u00e1doknak &#8211; tett\u00e9k hozz\u00e1.(MTI)<\/p>\n","protected":false},"excerpt":{"rendered":"<p>\u00c1der J\u00e1nos k\u00f6zt\u00e1rsas\u00e1gi eln\u00f6k kezdem\u00e9nyez\u00e9s\u00e9re rendk\u00edv\u00fcli J\u00f3nak lenni j\u00f3! adom\u00e1nygy\u0171jt\u0151 m\u0171sorban sz\u00f3l\u00edt fel az orosz-ukr\u00e1n konfliktus miatt bajbajutottak t\u00e1mogat\u00e1s\u00e1ra a magyar k\u00f6zszolg\u00e1lati m\u00e9dia &#8211; k\u00f6z\u00f6lte az MTVA szombaton az MTI-vel.<\/p>\n","protected":false},"author":1001006,"featured_media":0,"comment_status":"open","ping_status":"open","sticky":false,"template":"","format":"standard","meta":[],"categories":[19],"tags":[],"_links":{"self":[{"href":"https:\/\/gazdasagportal.hu\/index.php\/wp-json\/wp\/v2\/posts\/139640"}],"collection":[{"href":"https:\/\/gazdasagportal.hu\/index.php\/wp-json\/wp\/v2\/posts"}],"about":[{"href":"https:\/\/gazdasagportal.hu\/index.php\/wp-json\/wp\/v2\/types\/post"}],"author":[{"embeddable":true,"href":"https:\/\/gazdasagportal.hu\/index.php\/wp-json\/wp\/v2\/users\/1001006"}],"replies":[{"embeddable":true,"href":"https:\/\/gazdasagportal.hu\/index.php\/wp-json\/wp\/v2\/comments?post=139640"}],"version-history":[{"count":1,"href":"https:\/\/gazdasagportal.hu\/index.php\/wp-json\/wp\/v2\/posts\/139640\/revisions"}],"predecessor-version":[{"id":139641,"href":"https:\/\/gazdasagportal.hu\/index.php\/wp-json\/wp\/v2\/posts\/139640\/revisions\/139641"}],"wp:attachment":[{"href":"https:\/\/gazdasagportal.hu\/index.php\/wp-json\/wp\/v2\/media?parent=139640"}],"wp:term":[{"taxonomy":"category","embeddable":true,"href":"https:\/\/gazdasagportal.hu\/index.php\/wp-json\/wp\/v2\/categories?post=139640"},{"taxonomy":"post_tag","embeddable":true,"href":"https:\/\/gazdasagportal.hu\/index.php\/wp-json\/wp\/v2\/tags?post=139640"}],"curies":[{"name":"wp","href":"https:\/\/api.w.org\/{rel}","templated":true}]}}