{"id":139618,"date":"2022-02-23T13:48:55","date_gmt":"2022-02-23T12:48:55","guid":{"rendered":"https:\/\/gazdasagportal.hu\/?p=139618"},"modified":"2022-02-23T13:48:55","modified_gmt":"2022-02-23T12:48:55","slug":"ukran-valsag-megkezdodott-a-tartalekosok-behivasa","status":"publish","type":"post","link":"https:\/\/gazdasagportal.hu\/index.php\/ukran-valsag-megkezdodott-a-tartalekosok-behivasa\/","title":{"rendered":"Ukr\u00e1n v\u00e1ls\u00e1g &#8211; Megkezd\u0151d\u00f6tt a tartal\u00e9kosok beh\u00edv\u00e1sa"},"content":{"rendered":"<p><strong>Megkezd\u0151d\u00f6tt szerd\u00e1n Ukrajn\u00e1ban a hadm\u0171veleti \u00e1llom\u00e1nyhoz tartoz\u00f3 tartal\u00e9kosok beh\u00edv\u00e1sa szolg\u00e1latra &#8211; k\u00f6z\u00f6lte a sz\u00e1razf\u00f6ldi fegyveres er\u0151k sajt\u00f3szolg\u00e1lata a Facebookon.<\/strong><!--more--><\/p>\n<div class=\"ads-in-post2\"><script async src=\"https:\/\/pagead2.googlesyndication.com\/pagead\/js\/adsbygoogle.js\"><\/script>\r\n<ins class=\"adsbygoogle\"\r\n     style=\"display:block\"\r\n     data-ad-format=\"fluid\"\r\n     data-ad-layout-key=\"-6t+ed+2i-1n-4w\"\r\n     data-ad-client=\"ca-pub-1959107119989764\"\r\n     data-ad-slot=\"4008251320\"><\/ins>\r\n<script>\r\n     (adsbygoogle = window.adsbygoogle || []).push({});\r\n<\/script><\/div>\n<p>    Beh\u00edv\u00f3t a 18 \u00e9s 60 \u00e9v k\u00f6z\u00f6tti koroszt\u00e1lyba tartoz\u00f3 tartal\u00e9kosok kapnak, tisztek, altisztek \u00e9s k\u00f6z\u00e1llom\u00e1ny\u00fa katonak\u00e9nt leszereltek egyar\u00e1nt. A szolg\u00e1lati id\u0151 legfeljebb egy \u00e9v lehet. Ez id\u0151 alatt a beh\u00edvott tartal\u00e9kosok polg\u00e1ri munkahely\u00e9t meg\u0151rzik, \u00e9s havi \u00e1tlagb\u00e9r\u00fcket kapj\u00e1k fizet\u00e9sk\u00e9nt.<br \/>\n    A k\u00f6zlem\u00e9ny szerint a tartal\u00e9kosok azokban a katonai alakulatokban \u00e9s azon a szakter\u00fcleten teljes\u00edtenek majd szolg\u00e1latot, amelyen kor\u00e1bban szolg\u00e1ltak \u00e9s szerz\u0151d\u00e9st k\u00f6t\u00f6ttek a hadm\u0171veleti tartal\u00e9kban val\u00f3 szolg\u00e1latra. A sz\u00e1razf\u00f6ldi er\u0151k sajt\u00f3szolg\u00e1lata hozz\u00e1f\u0171zte: ez azt jelenti, hogy ha p\u00e9ld\u00e1ul valaki egy adott katonai egys\u00e9gben sof\u0151r-szerel\u0151 volt, akkor ugyanabba az egys\u00e9gbe, ugyanarra a katonai szakter\u00fcletre h\u00edvj\u00e1k be.<br \/>\n    A hadm\u0171veleti tartal\u00e9k\u00e1llom\u00e1nyba olyanok tartoznak, akik szerz\u0151d\u00e9sesk\u00e9nt, illetve sorkatonak\u00e9nt leszereltek, de szakmai \u00e9s eg\u00e9szs\u00e9gi \u00e1llapotuk alapj\u00e1n alkalmasak a tov\u00e1bbi katonai szolg\u00e1latra, tov\u00e1bb\u00e1 valamilyen szakter\u00fcleten speci\u00e1lis kik\u00e9pz\u00e9st kaptak &#8211; f\u0171zte hozz\u00e1 az UNIAN h\u00edr\u00fcgyn\u00f6ks\u00e9g.<br \/>\n<div class=\"ads-in-post2\"><script async src=\"https:\/\/pagead2.googlesyndication.com\/pagead\/js\/adsbygoogle.js\"><\/script>\r\n<ins class=\"adsbygoogle\"\r\n     style=\"display:block\"\r\n     data-ad-format=\"fluid\"\r\n     data-ad-layout-key=\"-6t+ed+2i-1n-4w\"\r\n     data-ad-client=\"ca-pub-1959107119989764\"\r\n     data-ad-slot=\"4008251320\"><\/ins>\r\n<script>\r\n     (adsbygoogle = window.adsbygoogle || []).push({});\r\n<\/script><\/div>\n    Volodimir Zelenszkij ukr\u00e1n eln\u00f6k kedd este fordult \u00fajabb vide\u00f3\u00fczenetben az ukr\u00e1nokhoz, \u00e9s ekkor jelentette be, hogy rendeletet adott ki tartal\u00e9kosok beh\u00edv\u00e1s\u00e1r\u00f3l az ukr\u00e1n hadseregbe.<br \/>\n    Olekszij Danyilov, a Nemzetbiztons\u00e1gi \u00e9s V\u00e9delmi Tan\u00e1cs (RNBO) titk\u00e1ra szerdai kijevi sajt\u00f3t\u00e1j\u00e9koztat\u00f3j\u00e1n hozz\u00e1f\u0171zte, hogy Ukrajna 36 ezer tartal\u00e9kost tud beh\u00edvni. Szavai szerint t\u00falnyom\u00f3 t\u00f6bbs\u00e9g\u00fck szolg\u00e1lt a Donyec-medencei fronton. Hozz\u00e1tette azt is, hogy egy Ukrajna elleni teljes k\u00f6r\u0171 orosz inv\u00e1zi\u00f3 eset\u00e9n azonnal hadi\u00e1llapotot vezetnek be, \u00e9s err\u0151l t\u00e1j\u00e9koztatj\u00e1k a lakoss\u00e1got. Az \u00e1ltal\u00e1nos mozg\u00f3s\u00edt\u00e1sr\u00f3l sz\u00f3lva Danyilov hangs\u00falyozta, hogy err\u0151l k\u00fcl\u00f6n hat\u00e1rozat sz\u00fcletik, de egyel\u0151re m\u00e9g nincs ilyen d\u00f6nt\u00e9s.<br \/>\n    A tiszts\u00e9gvisel\u0151 biztos\u00edtott afel\u0151l, hogy sz\u00f3 sincs Ukrajn\u00e1ban nukle\u00e1ris fegyverek gy\u00e1rt\u00e1s\u00e1r\u00f3l. Kifejtette, hogy az ukr\u00e1n eln\u00f6k egy sz\u00f3val sem, mondta, hogy Ukrajna atomfegyvert k\u00e9sz\u00fclne kifejleszteni. A m\u00fcncheni biztons\u00e1gpolitikai konferenci\u00e1n arra h\u00edvta csak fel a figyelmet, hogy az 1994-es budapesti memorandum al\u00e1\u00edr\u00f3i &#8211; k\u00f6zt\u00fck Oroszorsz\u00e1g &#8211; szavatolt\u00e1k Ukrajna ter\u00fcleti \u00e9ps\u00e9g\u00e9t, ez\u00e9rt cser\u00e9be Ukrajna lemondott nukle\u00e1ris fegyvereir\u0151l. Danyilov kifejezte \u00e9rtetlens\u00e9g\u00e9t af\u00f6l\u00f6tt, hogy Vlagyimir Putyin orosz eln\u00f6k ezt \u00fagy \u00e9rtelmezte, Ukrajna atomfegyvereket akar gy\u00e1rtani.<br \/>\n<div class=\"ads-in-post2\"><script async src=\"https:\/\/pagead2.googlesyndication.com\/pagead\/js\/adsbygoogle.js\"><\/script>\r\n<ins class=\"adsbygoogle\"\r\n     style=\"display:block\"\r\n     data-ad-format=\"fluid\"\r\n     data-ad-layout-key=\"-6t+ed+2i-1n-4w\"\r\n     data-ad-client=\"ca-pub-1959107119989764\"\r\n     data-ad-slot=\"4008251320\"><\/ins>\r\n<script>\r\n     (adsbygoogle = window.adsbygoogle || []).push({});\r\n<\/script><\/div>\n    Az ukr\u00e1n k\u00fcl\u00fcgyminiszt\u00e9rium szerd\u00e1n felh\u00edvta az Oroszorsz\u00e1gban tart\u00f3zkod\u00f3 ukr\u00e1n \u00e1llampolg\u00e1rokat, hogy miel\u0151bb t\u00e9rjenek haza, illetve mostan\u00e1ban ne tervezzenek odautaz\u00e1st. &#8222;Az Ukrajna elleni orosz agresszi\u00f3 feler\u0151s\u00f6d\u00e9s\u00e9vel \u00f6sszef\u00fcgg\u00e9sben, amely egyebek k\u00f6z\u00f6tt az Oroszorsz\u00e1gi F\u00f6der\u00e1ci\u00f3 ter\u00fclet\u00e9n a konzuli seg\u00edts\u00e9gny\u00fajt\u00e1s lehet\u0151s\u00e9geinek jelent\u0151s korl\u00e1toz\u00e1s\u00e1hoz vezethet, a k\u00fcl\u00fcgyminiszt\u00e9rium azt javasolja Ukrajna \u00e1llampolg\u00e1rainak, hogy tart\u00f3zkodjanak mindenfajta utaz\u00e1st\u00f3l Oroszorsz\u00e1gba, \u00e9s azok, akik ebben az orsz\u00e1gban tart\u00f3zkodnak, azonnal hagyj\u00e1k el a ter\u00fclet\u00e9t&#8221; &#8211; \u00edrta a t\u00e1rca k\u00f6zlem\u00e9ny\u00e9ben.<br \/>\n    A miniszt\u00e9rium hangs\u00falyozta, hogy nagy neh\u00e9zs\u00e9gekbe fog \u00fctk\u00f6zni azoknak az ukr\u00e1n \u00e1llampolg\u00e1roknak a v\u00e9delme Oroszorsz\u00e1gban, akik figyelmen k\u00edv\u00fcl hagyj\u00e1k az aj\u00e1nl\u00e1st.(MTI)<\/p>\n","protected":false},"excerpt":{"rendered":"<p>Megkezd\u0151d\u00f6tt szerd\u00e1n Ukrajn\u00e1ban a hadm\u0171veleti \u00e1llom\u00e1nyhoz tartoz\u00f3 tartal\u00e9kosok beh\u00edv\u00e1sa szolg\u00e1latra &#8211; k\u00f6z\u00f6lte a sz\u00e1razf\u00f6ldi fegyveres er\u0151k sajt\u00f3szolg\u00e1lata a Facebookon.<\/p>\n","protected":false},"author":1001006,"featured_media":0,"comment_status":"open","ping_status":"open","sticky":false,"template":"","format":"standard","meta":[],"categories":[5],"tags":[],"_links":{"self":[{"href":"https:\/\/gazdasagportal.hu\/index.php\/wp-json\/wp\/v2\/posts\/139618"}],"collection":[{"href":"https:\/\/gazdasagportal.hu\/index.php\/wp-json\/wp\/v2\/posts"}],"about":[{"href":"https:\/\/gazdasagportal.hu\/index.php\/wp-json\/wp\/v2\/types\/post"}],"author":[{"embeddable":true,"href":"https:\/\/gazdasagportal.hu\/index.php\/wp-json\/wp\/v2\/users\/1001006"}],"replies":[{"embeddable":true,"href":"https:\/\/gazdasagportal.hu\/index.php\/wp-json\/wp\/v2\/comments?post=139618"}],"version-history":[{"count":1,"href":"https:\/\/gazdasagportal.hu\/index.php\/wp-json\/wp\/v2\/posts\/139618\/revisions"}],"predecessor-version":[{"id":139619,"href":"https:\/\/gazdasagportal.hu\/index.php\/wp-json\/wp\/v2\/posts\/139618\/revisions\/139619"}],"wp:attachment":[{"href":"https:\/\/gazdasagportal.hu\/index.php\/wp-json\/wp\/v2\/media?parent=139618"}],"wp:term":[{"taxonomy":"category","embeddable":true,"href":"https:\/\/gazdasagportal.hu\/index.php\/wp-json\/wp\/v2\/categories?post=139618"},{"taxonomy":"post_tag","embeddable":true,"href":"https:\/\/gazdasagportal.hu\/index.php\/wp-json\/wp\/v2\/tags?post=139618"}],"curies":[{"name":"wp","href":"https:\/\/api.w.org\/{rel}","templated":true}]}}