{"id":139608,"date":"2022-02-22T13:33:27","date_gmt":"2022-02-22T12:33:27","guid":{"rendered":"https:\/\/gazdasagportal.hu\/?p=139608"},"modified":"2022-02-22T13:33:27","modified_gmt":"2022-02-22T12:33:27","slug":"ukran-valsag-kmksz-fegyveres-uton-nem-lehet-rendezni-a-felgyulemlett-konfliktusokat","status":"publish","type":"post","link":"https:\/\/gazdasagportal.hu\/index.php\/ukran-valsag-kmksz-fegyveres-uton-nem-lehet-rendezni-a-felgyulemlett-konfliktusokat\/","title":{"rendered":"Ukr\u00e1n v\u00e1ls\u00e1g &#8211; KMKSZ: fegyveres \u00faton nem lehet rendezni a felgy\u00fclemlett konfliktusokat"},"content":{"rendered":"<p><strong>A K\u00e1rp\u00e1taljai Magyar Kultur\u00e1lis Sz\u00f6vets\u00e9g (KMKSZ) eln\u00f6ks\u00e9ge nyilatkozatban fejezi ki aggodalm\u00e1t az Ukrajna k\u00f6rzet\u00e9ben fokoz\u00f3d\u00f3 h\u00e1bor\u00fas fesz\u00fclts\u00e9g miatt, r\u00e1mutatva, hogy &#8222;az atomfegyverek kor\u00e1ban fegyveres \u00faton nem lehet rendezni a felgy\u00fclemlett konfliktusokat&#8221;.<\/strong><!--more--><\/p>\n<div class=\"ads-in-post2\"><script async src=\"https:\/\/pagead2.googlesyndication.com\/pagead\/js\/adsbygoogle.js\"><\/script>\r\n<ins class=\"adsbygoogle\"\r\n     style=\"display:block\"\r\n     data-ad-format=\"fluid\"\r\n     data-ad-layout-key=\"-6t+ed+2i-1n-4w\"\r\n     data-ad-client=\"ca-pub-1959107119989764\"\r\n     data-ad-slot=\"4008251320\"><\/ins>\r\n<script>\r\n     (adsbygoogle = window.adsbygoogle || []).push({});\r\n<\/script><\/div>\n<p>    A KMKSZ eln\u00f6ks\u00e9ge kedden kiadott nyilatkozat\u00e1ban felsz\u00f3l\u00edtja a nagyhatalmak vezet\u0151it \u00e9s az ukr\u00e1n korm\u00e1nyzatot arra, hogy &#8222;tegyenek meg mindent a h\u00e1bor\u00fa elker\u00fcl\u00e9se, a probl\u00e9m\u00e1k b\u00e9k\u00e9s \u00faton t\u00f6rt\u00e9n\u0151 rendez\u00e9se \u00e9rdek\u00e9ben&#8221;.<br \/>\n    A dokumentumban r\u00e1mutatnak, hogy Ukrajn\u00e1nak az ut\u00f3bbi \u00e9vekben elfogadott t\u00f6rv\u00e9nyei nem teszik lehet\u0151v\u00e9 a kisebbs\u00e9gv\u00e9delem ter\u00e9n k\u00f6t\u00f6tt nemzetk\u00f6zi egyezm\u00e9nyek v\u00e9grehajt\u00e1s\u00e1t. &#8222;Az ukrajnai kisebbs\u00e9gek nyelvi, oktat\u00e1si jogainak vissza\u00e1ll\u00edt\u00e1sa jelent\u0151s m\u00e9rt\u00e9kben hozz\u00e1j\u00e1rulhatna a b\u00e9ke \u00e9s a stabilit\u00e1s meg\u0151rz\u00e9s\u00e9hez&#8221; &#8211; \u00e1ll a nyilatkozatban.<br \/>\n    A KMKSZ a j\u00f3t\u00e9konys\u00e1gi alap\u00edtv\u00e1nyai ellen foly\u00f3, &#8222;megalapozatlan v\u00e1dak alapj\u00e1n megkezdett b\u0171nv\u00e1di elj\u00e1r\u00e1sok&#8221; ellen\u00e9re &#8222;tov\u00e1bbra is k\u00e9sz r\u00e9szt v\u00e1llalni egy stabil, m\u0171k\u00f6d\u0151k\u00e9pes megyei tan\u00e1csi t\u00f6bbs\u00e9g kialak\u00edt\u00e1s\u00e1ban&#8221;.<br \/>\n    A szervezet eln\u00f6ks\u00e9ge a jelenlegi fesz\u00fclt helyzetben felel\u0151tlennek tartja azokat a t\u00e1mad\u00e1sokat, amelyek nemr\u00e9giben a k\u00e1rp\u00e1taljai megyei adminisztr\u00e1ci\u00f3 vezet\u0151j\u00e9t \u00e9rt\u00e9k a n\u00e9pek testv\u00e9ris\u00e9g\u00e9r\u0151l tett kijelent\u00e9sei ok\u00e1n, valamint a megyei k\u00f6zgy\u0171l\u00e9s eln\u00f6k\u00e9t a budapesti l\u00e1togat\u00e1sa miatt &#8211; amelyet rendk\u00edv\u00fcl eredm\u00e9nyesnek \u00e9s el\u0151remutat\u00f3nak tart a KMKSZ.<br \/>\n<div class=\"ads-in-post2\"><script async src=\"https:\/\/pagead2.googlesyndication.com\/pagead\/js\/adsbygoogle.js\"><\/script>\r\n<ins class=\"adsbygoogle\"\r\n     style=\"display:block\"\r\n     data-ad-format=\"fluid\"\r\n     data-ad-layout-key=\"-6t+ed+2i-1n-4w\"\r\n     data-ad-client=\"ca-pub-1959107119989764\"\r\n     data-ad-slot=\"4008251320\"><\/ins>\r\n<script>\r\n     (adsbygoogle = window.adsbygoogle || []).push({});\r\n<\/script><\/div>\n    A KMKSZ eln\u00f6ks\u00e9ge eml\u00e9keztet arra, hogy a megyei k\u00f6zgy\u0171l\u00e9s KMKSZ-frakci\u00f3ja megszavazta a ter\u00fcleti alapon szervez\u0151d\u0151 helyi \u00f6nv\u00e9delmi egys\u00e9gek megyei k\u00f6lts\u00e9gvet\u00e9sb\u0151l t\u00f6rt\u00e9n\u0151 finansz\u00edroz\u00e1s\u00e1t, ugyanakkor &#8222;felh\u00edvja az illet\u00e9kesek figyelm\u00e9t, akad\u00e1lyozz\u00e1k meg, hogy fegyverek ker\u00fclhessenek b\u0171n\u00f6z\u0151k, sz\u00e9ls\u0151s\u00e9ges er\u0151k kez\u00e9be, \u00e9s hat\u00e1sk\u00f6r\u00fck\u00f6n bel\u00fcl mindent tegyenek meg a k\u00f6zbiztons\u00e1g szavatol\u00e1s\u00e1\u00e9rt&#8221;.(MTI)<\/p>\n","protected":false},"excerpt":{"rendered":"<p>A K\u00e1rp\u00e1taljai Magyar Kultur\u00e1lis Sz\u00f6vets\u00e9g (KMKSZ) eln\u00f6ks\u00e9ge nyilatkozatban fejezi ki aggodalm\u00e1t az Ukrajna k\u00f6rzet\u00e9ben fokoz\u00f3d\u00f3 h\u00e1bor\u00fas fesz\u00fclts\u00e9g miatt, r\u00e1mutatva, hogy &#8222;az atomfegyverek kor\u00e1ban fegyveres \u00faton nem lehet rendezni a felgy\u00fclemlett konfliktusokat&#8221;.<\/p>\n","protected":false},"author":1001005,"featured_media":0,"comment_status":"open","ping_status":"open","sticky":false,"template":"","format":"standard","meta":[],"categories":[5],"tags":[],"_links":{"self":[{"href":"https:\/\/gazdasagportal.hu\/index.php\/wp-json\/wp\/v2\/posts\/139608"}],"collection":[{"href":"https:\/\/gazdasagportal.hu\/index.php\/wp-json\/wp\/v2\/posts"}],"about":[{"href":"https:\/\/gazdasagportal.hu\/index.php\/wp-json\/wp\/v2\/types\/post"}],"author":[{"embeddable":true,"href":"https:\/\/gazdasagportal.hu\/index.php\/wp-json\/wp\/v2\/users\/1001005"}],"replies":[{"embeddable":true,"href":"https:\/\/gazdasagportal.hu\/index.php\/wp-json\/wp\/v2\/comments?post=139608"}],"version-history":[{"count":1,"href":"https:\/\/gazdasagportal.hu\/index.php\/wp-json\/wp\/v2\/posts\/139608\/revisions"}],"predecessor-version":[{"id":139609,"href":"https:\/\/gazdasagportal.hu\/index.php\/wp-json\/wp\/v2\/posts\/139608\/revisions\/139609"}],"wp:attachment":[{"href":"https:\/\/gazdasagportal.hu\/index.php\/wp-json\/wp\/v2\/media?parent=139608"}],"wp:term":[{"taxonomy":"category","embeddable":true,"href":"https:\/\/gazdasagportal.hu\/index.php\/wp-json\/wp\/v2\/categories?post=139608"},{"taxonomy":"post_tag","embeddable":true,"href":"https:\/\/gazdasagportal.hu\/index.php\/wp-json\/wp\/v2\/tags?post=139608"}],"curies":[{"name":"wp","href":"https:\/\/api.w.org\/{rel}","templated":true}]}}