{"id":139582,"date":"2022-02-17T11:51:45","date_gmt":"2022-02-17T10:51:45","guid":{"rendered":"https:\/\/gazdasagportal.hu\/?p=139582"},"modified":"2022-02-17T11:51:45","modified_gmt":"2022-02-17T10:51:45","slug":"koronavirus-6385-millio-a-beoltottak-8578-az-uj-fertozottek-szama-magyarorszagon-elhunyt-115-beteg","status":"publish","type":"post","link":"https:\/\/gazdasagportal.hu\/index.php\/koronavirus-6385-millio-a-beoltottak-8578-az-uj-fertozottek-szama-magyarorszagon-elhunyt-115-beteg\/","title":{"rendered":"Koronav\u00edrus &#8211; 6,385 milli\u00f3 a beoltottak, 8578 az \u00faj fert\u0151z\u00f6ttek sz\u00e1ma Magyarorsz\u00e1gon, elhunyt 115 beteg"},"content":{"rendered":"<p><strong>Magyarorsz\u00e1gon a beoltottak sz\u00e1ma 6 384 828, k\u00f6z\u00fcl\u00fck 6 146 028-an a m\u00e1sodik, 3 776 200-an pedig m\u00e1r a meger\u0151s\u00edt\u0151, harmadik olt\u00e1st is megkapt\u00e1k. 8578 \u00faj fert\u0151z\u00f6ttet igazoltak, ezzel a j\u00e1rv\u00e1ny kezdete \u00f3ta 1 738 944-re n\u0151tt az azonos\u00edtott fert\u0151z\u00f6ttek sz\u00e1ma. Meghalt 115, t\u00f6bbs\u00e9g\u00e9ben id\u0151s, kr\u00f3nikus beteg, \u00edgy az elhunytak sz\u00e1ma 42 966-ra emelkedett &#8211; k\u00f6z\u00f6lte a koronavirus.gov.hu cs\u00fct\u00f6rt\u00f6k\u00f6n.<\/strong><!--more--><\/p>\n<div class=\"ads-in-post2\"><script async src=\"https:\/\/pagead2.googlesyndication.com\/pagead\/js\/adsbygoogle.js\"><\/script>\r\n<ins class=\"adsbygoogle\"\r\n     style=\"display:block\"\r\n     data-ad-format=\"fluid\"\r\n     data-ad-layout-key=\"-6t+ed+2i-1n-4w\"\r\n     data-ad-client=\"ca-pub-1959107119989764\"\r\n     data-ad-slot=\"4008251320\"><\/ins>\r\n<script>\r\n     (adsbygoogle = window.adsbygoogle || []).push({});\r\n<\/script><\/div>\n<p>A korm\u00e1nyzati port\u00e1lon azt \u00edrt\u00e1k: a gy\u00f3gyultak sz\u00e1ma folyamatosan n\u0151, jelenleg 1 493 240, az akt\u00edv fert\u0151z\u00f6ttek sz\u00e1ma 202 738. K\u00f3rh\u00e1zban 5062 koronav\u00edrusos beteget \u00e1polnak, k\u00f6z\u00fcl\u00fck 206-an vannak l\u00e9legeztet\u0151g\u00e9pen.<br \/>\nA regisztr\u00e1ci\u00f3 \u00e9s az id\u0151pontfoglal\u00f3 folyamatosan nyitva van az olt\u00e1shoz, cs\u00fct\u00f6rt\u00f6kt\u0151l szombatig pedig ism\u00e9t lesz olt\u00e1si akci\u00f3 &#8211; jelezt\u00e9k.<br \/>\nFebru\u00e1rban is minden cs\u00fct\u00f6rt\u00f6k\u00f6n, p\u00e9nteken \u00e9s szombaton van olt\u00e1si akci\u00f3 a k\u00f3rh\u00e1zi olt\u00f3pontokon. Az olt\u00e1sra tov\u00e1bbra is kiemelten v\u00e1rj\u00e1k az oltatlanokat \u00e9s azokat, akik m\u00e1r n\u00e9gy h\u00f3napn\u00e1l r\u00e9gebben kapt\u00e1k meg kor\u00e1bbi olt\u00e1sukat. A meger\u0151s\u00edt\u0151 olt\u00e1s mindenkinek javasolt, aki m\u00e1r n\u00e9gy h\u00f3napn\u00e1l r\u00e9gebben kapta meg az el\u0151z\u0151 olt\u00e1s\u00e1t &#8211; \u00edrt\u00e1k, hozz\u00e1t\u00e9ve, a harmadik olt\u00e1s ut\u00e1n ism\u00e9t 80-90 sz\u00e1zal\u00e9kosra emelhet\u0151 a v\u00e9detts\u00e9g.<br \/>\nA k\u00f6zponti olt\u00f3pontokon tov\u00e1bbra is \u00f6t vakcina k\u00f6z\u00fcl lehet v\u00e1lasztani, emellett a h\u00e1ziorvosok is folytatj\u00e1k az olt\u00e1sokat.<br \/>\nA korm\u00e1nyzati port\u00e1l k\u00f6z\u00f6lte: a negyedik olt\u00e1s is foglalhat\u00f3 \u00e9s k\u00e9rhet\u0151 m\u00e1r, ak\u00e1r az olt\u00e1si akci\u00f3kban is. A negyedik olt\u00e1s k\u00e9rhet\u0151 18 \u00e9v felett, ha a harmadik olt\u00e1s bead\u00e1sa \u00f3ta m\u00e1r eltelt n\u00e9gy h\u00f3nap.<br \/>\nAz olthat\u00f3s\u00e1g meg\u00edt\u00e9l\u00e9s\u00e9\u00e9rt az olt\u00f3orvos sz\u00fcks\u00e9g eset\u00e9n konzult\u00e1lhat a kezel\u0151orvossal, a h\u00e1ziorvossal. Az olt\u00f3anyag-v\u00e1laszt\u00e1s minden esetben az olt\u00f3orvos feladata, aki a p\u00e1cienst ismerve, a szakmai szempontok alapj\u00e1n d\u00f6nt. \u00c1ltal\u00e1nos ellenjavallata egyik kombin\u00e1ci\u00f3nak sincs &#8211; \u00edrt\u00e1k.<br \/>\nAz 5-11 \u00e9vesek olt\u00e1sa tov\u00e1bbra is csak el\u0151zetes id\u0151pontfoglal\u00e1ssal lehets\u00e9ges a k\u00f3rh\u00e1zi olt\u00f3pontokon vagy a h\u00e1zi gyermekorvosokn\u00e1l.<br \/>\n<div class=\"ads-in-post2\"><script async src=\"https:\/\/pagead2.googlesyndication.com\/pagead\/js\/adsbygoogle.js\"><\/script>\r\n<ins class=\"adsbygoogle\"\r\n     style=\"display:block\"\r\n     data-ad-format=\"fluid\"\r\n     data-ad-layout-key=\"-6t+ed+2i-1n-4w\"\r\n     data-ad-client=\"ca-pub-1959107119989764\"\r\n     data-ad-slot=\"4008251320\"><\/ins>\r\n<script>\r\n     (adsbygoogle = window.adsbygoogle || []).push({});\r\n<\/script><\/div>\nEml\u00e9keztettek: az eredetileg tervezett febru\u00e1r 15. helyett csak m\u00e1jus 1-j\u00e9t\u0151l alakul \u00e1t a v\u00e9detts\u00e9gi igazolv\u00e1ny olt\u00e1si igazolv\u00e1nny\u00e1. Azok a v\u00e9detts\u00e9gi igazolv\u00e1nyok, amelyeket a fert\u0151z\u00e9sen \u00e1tesetts\u00e9g alapj\u00e1n \u00e1ll\u00edtottak ki, m\u00e1jus elsej\u00e9n vesz\u00edtik el az \u00e9rv\u00e9nyess\u00e9g\u00fcket. Az olt\u00e1si alapon jelenleg \u00e9rv\u00e9nyes v\u00e9detts\u00e9gi igazolv\u00e1nyok automatikusan \u00e9rv\u00e9nyesek maradnak m\u00e1just\u00f3l, ha a tulajdonosuk az el\u0151z\u0151 olt\u00e1st\u00f3l sz\u00e1m\u00edtott 6 h\u00f3napon bel\u00fcl megkapta a m\u00e1sodik, illetve a harmadik olt\u00e1s\u00e1t is.<\/p>\n<p>Az eg\u00e9szs\u00e9g\u00fcgyi int\u00e9zm\u00e9nyek \u00e9s a t\u00f6megk\u00f6zleked\u00e9s mellett tov\u00e1bbra is maszkot kell viselni az \u00fczletekben, a bev\u00e1s\u00e1rl\u00f3k\u00f6zpontokban, a post\u00e1kon, az \u00fcgyf\u00e9lszolg\u00e1latokon, a sz\u00ednh\u00e1zakban, a mozikban, a m\u00fazeumokban \u00e9s a sportrendezv\u00e9nyeken. A belt\u00e9ri kultur\u00e1lis \u00e9s egy\u00e9b rendezv\u00e9nyeken, az edz\u0151termekben, az uszod\u00e1kban, a f\u00fcrd\u0151kben, a vend\u00e9gl\u00e1t\u00f3helyeken pedig az ott dolgoz\u00f3knak k\u00f6telez\u0151 a maszkhaszn\u00e1lat.<br \/>\nA munk\u00e1ltat\u00f3k el\u0151\u00edrhatj\u00e1k az olt\u00e1st dolgoz\u00f3iknak. Az \u00e1llami szf\u00e9r\u00e1ban elv\u00e1rt az olt\u00e1s felv\u00e9tele, az \u00f6nkorm\u00e1nyzatokn\u00e1l err\u0151l a polg\u00e1rmesterek d\u00f6nthetnek. A dolgoz\u00f3iknak olt\u00e1st el\u0151\u00edr\u00f3 v\u00e1llalatok a megyei olt\u00e1si munkacsoportokt\u00f3l is k\u00e9rhetnek vakcin\u00e1t, ebben az esetben az \u00fczemorvosok is elv\u00e9gezhetik az olt\u00e1st &#8211; \u00edrt\u00e1k.<br \/>\n<div class=\"ads-in-post2\"><script async src=\"https:\/\/pagead2.googlesyndication.com\/pagead\/js\/adsbygoogle.js\"><\/script>\r\n<ins class=\"adsbygoogle\"\r\n     style=\"display:block\"\r\n     data-ad-format=\"fluid\"\r\n     data-ad-layout-key=\"-6t+ed+2i-1n-4w\"\r\n     data-ad-client=\"ca-pub-1959107119989764\"\r\n     data-ad-slot=\"4008251320\"><\/ins>\r\n<script>\r\n     (adsbygoogle = window.adsbygoogle || []).push({});\r\n<\/script><\/div>\nA koronavirus.gov.hu oldal t\u00e9rk\u00e9pe szerint eddig Budapesten (304 547) \u00e9s Pest megy\u00e9ben (239 129) regisztr\u00e1lt\u00e1k a legt\u00f6bb fert\u0151z\u00f6ttet. Ezt k\u00f6veti Borsod-Aba\u00faj-Zempl\u00e9n (99 971), Gy\u0151r-Moson-Sopron (93 475), Szabolcs-Szatm\u00e1r-Bereg (92 728), Hajd\u00fa-Bihar (91 346) \u00e9s B\u00e1cs-Kiskun megye (88 509). A fert\u0151z\u00e9ssel legkev\u00e9sb\u00e9 \u00e9rintett megye tov\u00e1bbra is Tolna (36 915).<br \/>\nHat\u00f3s\u00e1gi h\u00e1zi karant\u00e9nban 18 627-en vannak, a mintav\u00e9telek sz\u00e1ma 10 570 027.(MTI)<\/p><div id=\"gazda-1205781716\" class=\"gazda-tartalomban gazda-entity-placement\"><script async src=\"https:\/\/pagead2.googlesyndication.com\/pagead\/js\/adsbygoogle.js\"><\/script>\r\n<ins class=\"adsbygoogle\"\r\n     style=\"display:block\"\r\n     data-ad-format=\"fluid\"\r\n     data-ad-layout-key=\"-6t+ed+2i-1n-4w\"\r\n     data-ad-client=\"ca-pub-1959107119989764\"\r\n     data-ad-slot=\"4008251320\"><\/ins>\r\n<script>\r\n     (adsbygoogle = window.adsbygoogle || []).push({});\r\n<\/script><\/div>\n","protected":false},"excerpt":{"rendered":"<p>Magyarorsz\u00e1gon a beoltottak sz\u00e1ma 6 384 828, k\u00f6z\u00fcl\u00fck 6 146 028-an a m\u00e1sodik, 3 776 200-an pedig m\u00e1r a meger\u0151s\u00edt\u0151, harmadik olt\u00e1st is megkapt\u00e1k. 8578 \u00faj fert\u0151z\u00f6ttet igazoltak, ezzel a j\u00e1rv\u00e1ny kezdete \u00f3ta 1 738 944-re n\u0151tt az azonos\u00edtott fert\u0151z\u00f6ttek sz\u00e1ma. Meghalt 115, t\u00f6bbs\u00e9g\u00e9ben id\u0151s, kr\u00f3nikus beteg, \u00edgy az elhunytak sz\u00e1ma 42 966-ra emelkedett &#8211; &#8230;<\/p>\n","protected":false},"author":1001005,"featured_media":0,"comment_status":"open","ping_status":"open","sticky":false,"template":"","format":"standard","meta":[],"categories":[427],"tags":[],"_links":{"self":[{"href":"https:\/\/gazdasagportal.hu\/index.php\/wp-json\/wp\/v2\/posts\/139582"}],"collection":[{"href":"https:\/\/gazdasagportal.hu\/index.php\/wp-json\/wp\/v2\/posts"}],"about":[{"href":"https:\/\/gazdasagportal.hu\/index.php\/wp-json\/wp\/v2\/types\/post"}],"author":[{"embeddable":true,"href":"https:\/\/gazdasagportal.hu\/index.php\/wp-json\/wp\/v2\/users\/1001005"}],"replies":[{"embeddable":true,"href":"https:\/\/gazdasagportal.hu\/index.php\/wp-json\/wp\/v2\/comments?post=139582"}],"version-history":[{"count":1,"href":"https:\/\/gazdasagportal.hu\/index.php\/wp-json\/wp\/v2\/posts\/139582\/revisions"}],"predecessor-version":[{"id":139583,"href":"https:\/\/gazdasagportal.hu\/index.php\/wp-json\/wp\/v2\/posts\/139582\/revisions\/139583"}],"wp:attachment":[{"href":"https:\/\/gazdasagportal.hu\/index.php\/wp-json\/wp\/v2\/media?parent=139582"}],"wp:term":[{"taxonomy":"category","embeddable":true,"href":"https:\/\/gazdasagportal.hu\/index.php\/wp-json\/wp\/v2\/categories?post=139582"},{"taxonomy":"post_tag","embeddable":true,"href":"https:\/\/gazdasagportal.hu\/index.php\/wp-json\/wp\/v2\/tags?post=139582"}],"curies":[{"name":"wp","href":"https:\/\/api.w.org\/{rel}","templated":true}]}}