{"id":139556,"date":"2022-02-15T08:47:17","date_gmt":"2022-02-15T07:47:17","guid":{"rendered":"https:\/\/gazdasagportal.hu\/?p=139556"},"modified":"2022-02-15T08:47:17","modified_gmt":"2022-02-15T07:47:17","slug":"tozsdenyitas-elott-iranykereses-varhato-nyitasban-a-tozsden-az-elemzo-szerint-2","status":"publish","type":"post","link":"https:\/\/gazdasagportal.hu\/index.php\/tozsdenyitas-elott-iranykereses-varhato-nyitasban-a-tozsden-az-elemzo-szerint-2\/","title":{"rendered":"T\u0151zsdenyit\u00e1s el\u0151tt &#8211; Ir\u00e1nykeres\u00e9s v\u00e1rhat\u00f3 nyit\u00e1sban a t\u0151zsd\u00e9n az elemz\u0151 szerint"},"content":{"rendered":"<p><strong>A nemzetk\u00f6zi befektet\u0151i hangulat tov\u00e1bbra is bizonytalan, ez\u00e9rt ir\u00e1nykeres\u00e9sre sz\u00e1m\u00edt a Budapesti \u00c9rt\u00e9kt\u0151zsd\u00e9n (B\u00c9T) a keddi nyit\u00e1sban az Equilor Befektet\u00e9si Zrt. szenior elemz\u0151je.<\/strong><!--more--><\/p>\n<div class=\"ads-in-post2\"><script async src=\"https:\/\/pagead2.googlesyndication.com\/pagead\/js\/adsbygoogle.js\"><\/script>\r\n<ins class=\"adsbygoogle\"\r\n     style=\"display:block\"\r\n     data-ad-format=\"fluid\"\r\n     data-ad-layout-key=\"-6t+ed+2i-1n-4w\"\r\n     data-ad-client=\"ca-pub-1959107119989764\"\r\n     data-ad-slot=\"4008251320\"><\/ins>\r\n<script>\r\n     (adsbygoogle = window.adsbygoogle || []).push({});\r\n<\/script><\/div>\n<p>    Varga Zolt\u00e1n az MTI-nek k\u00fcld\u00f6tt komment\u00e1rj\u00e1ban eml\u00e9keztetett: az orosz-ukr\u00e1n fesz\u00fclts\u00e9gek miatt jelent\u0151s cs\u00f6kken\u00e9ssel nyitott h\u00e9tf\u0151n a hazai r\u00e9szv\u00e9nypiac, majd nap v\u00e9g\u00e9re siker\u00fclt n\u00e9mileg visszakorrig\u00e1lni.<br \/>\n    A vezet\u0151 r\u00e9szv\u00e9nyek k\u00f6z\u00fcl a szak\u00e9rt\u0151 szerint izgalmas lehet az OTP mozg\u00e1sa; az \u00e1rfolyames\u00e9st a 200 napos mozg\u00f3\u00e1tlag \u00e1ll\u00edtotta meg h\u00e9tf\u0151n, \u00e9s ez tov\u00e1bbra is fontos t\u00e1maszt k\u00e9pez 17 100 forint felett.<br \/>\n    A Richter ism\u00e9t a 8 ezer forintos szint al\u00e1 ker\u00fclt, a k\u00f6vetkez\u0151 fontosabb t\u00e1masz 7835 forintn\u00e1l tal\u00e1lhat\u00f3. A Mol grafikonj\u00e1n 2600 forint k\u00f6zel\u00e9ben h\u00faz\u00f3dnak t\u00e1maszok, m\u00edg a 2650-2700 forintos tartom\u00e1ny ellen\u00e1ll\u00e1st k\u00e9pez. A Magyar Telekom \u00e1rfolyam\u00e1ban 430 forintn\u00e1l h\u00faz\u00f3dik az els\u0151 t\u00e1masz, 422 forintn\u00e1l egy er\u0151sebb szint.<br \/>\n    A Budapesti \u00c9rt\u00e9kt\u0151zsde r\u00e9szv\u00e9nyindexe, a BUX 879,58 pontos, 1,69 sz\u00e1zal\u00e9kos cs\u00f6kken\u00e9ssel, 51 262 ponton z\u00e1rt h\u00e9tf\u0151n, a r\u00e9szv\u00e9nypiac forgalma 15,2 milli\u00e1rd forint volt.<br \/>\n<div class=\"ads-in-post2\"><script async src=\"https:\/\/pagead2.googlesyndication.com\/pagead\/js\/adsbygoogle.js\"><\/script>\r\n<ins class=\"adsbygoogle\"\r\n     style=\"display:block\"\r\n     data-ad-format=\"fluid\"\r\n     data-ad-layout-key=\"-6t+ed+2i-1n-4w\"\r\n     data-ad-client=\"ca-pub-1959107119989764\"\r\n     data-ad-slot=\"4008251320\"><\/ins>\r\n<script>\r\n     (adsbygoogle = window.adsbygoogle || []).push({});\r\n<\/script><\/div>\n A Mol 22 forinttal, 0,82 sz\u00e1zal\u00e9kkal 2648 forintra cs\u00f6kkent, 1,9 milli\u00e1rd forintos forgalomban. Az OTP-r\u00e9szv\u00e9nyek \u00e1ra 395 forinttal, 2,22 sz\u00e1zal\u00e9kkal 17 405 forintra esett, forgalmuk 10,7 milli\u00e1rd forintot tett ki. A Magyar Telekom \u00e1rfolyama 3,5 forinttal, 0,80 sz\u00e1zal\u00e9kkal 431,50 forintra gyeng\u00fclt, forgalma 310,1 milli\u00f3 forint volt. A Richter-pap\u00edrok \u00e1rfolyama 160 forinttal, 1,99 sz\u00e1zal\u00e9kkal 7895 forintra cs\u00f6kkent, a r\u00e9szv\u00e9nyek forgalma 2,0 milli\u00e1rd forintot \u00e9rt el.(MTI)<\/p>\n","protected":false},"excerpt":{"rendered":"<p>A nemzetk\u00f6zi befektet\u0151i hangulat tov\u00e1bbra is bizonytalan, ez\u00e9rt ir\u00e1nykeres\u00e9sre sz\u00e1m\u00edt a Budapesti \u00c9rt\u00e9kt\u0151zsd\u00e9n (B\u00c9T) a keddi nyit\u00e1sban az Equilor Befektet\u00e9si Zrt. szenior elemz\u0151je.<\/p>\n","protected":false},"author":1001005,"featured_media":0,"comment_status":"open","ping_status":"open","sticky":false,"template":"","format":"standard","meta":[],"categories":[7],"tags":[],"_links":{"self":[{"href":"https:\/\/gazdasagportal.hu\/index.php\/wp-json\/wp\/v2\/posts\/139556"}],"collection":[{"href":"https:\/\/gazdasagportal.hu\/index.php\/wp-json\/wp\/v2\/posts"}],"about":[{"href":"https:\/\/gazdasagportal.hu\/index.php\/wp-json\/wp\/v2\/types\/post"}],"author":[{"embeddable":true,"href":"https:\/\/gazdasagportal.hu\/index.php\/wp-json\/wp\/v2\/users\/1001005"}],"replies":[{"embeddable":true,"href":"https:\/\/gazdasagportal.hu\/index.php\/wp-json\/wp\/v2\/comments?post=139556"}],"version-history":[{"count":1,"href":"https:\/\/gazdasagportal.hu\/index.php\/wp-json\/wp\/v2\/posts\/139556\/revisions"}],"predecessor-version":[{"id":139557,"href":"https:\/\/gazdasagportal.hu\/index.php\/wp-json\/wp\/v2\/posts\/139556\/revisions\/139557"}],"wp:attachment":[{"href":"https:\/\/gazdasagportal.hu\/index.php\/wp-json\/wp\/v2\/media?parent=139556"}],"wp:term":[{"taxonomy":"category","embeddable":true,"href":"https:\/\/gazdasagportal.hu\/index.php\/wp-json\/wp\/v2\/categories?post=139556"},{"taxonomy":"post_tag","embeddable":true,"href":"https:\/\/gazdasagportal.hu\/index.php\/wp-json\/wp\/v2\/tags?post=139556"}],"curies":[{"name":"wp","href":"https:\/\/api.w.org\/{rel}","templated":true}]}}