{"id":139536,"date":"2022-02-13T12:12:15","date_gmt":"2022-02-13T11:12:15","guid":{"rendered":"https:\/\/gazdasagportal.hu\/?p=139536"},"modified":"2022-02-13T12:12:24","modified_gmt":"2022-02-13T11:12:24","slug":"heti-tozsdei-osszefoglalo-csokkeno-forgalomban-emelkedett-a-bux-a-heten-28","status":"publish","type":"post","link":"https:\/\/gazdasagportal.hu\/index.php\/heti-tozsdei-osszefoglalo-csokkeno-forgalomban-emelkedett-a-bux-a-heten-28\/","title":{"rendered":"Heti t\u0151zsdei \u00f6sszefoglal\u00f3 &#8211; Cs\u00f6kken\u0151 forgalomban emelkedett a BUX a h\u00e9ten"},"content":{"rendered":"<p><strong>Cs\u00f6kken\u0151 forgalom mellett emelkedett a Budapesti \u00c9rt\u00e9kt\u0151zsde (B\u00c9T) r\u00e9szv\u00e9nyindexe a h\u00e9ten, a BUX 52 141,58 ponton z\u00e1rt p\u00e9nteken, 335,18 ponttal, 0,65 sz\u00e1zal\u00e9kkal magasabban, mint egy hete.<\/strong><!--more--><\/p>\n<div class=\"ads-in-post2\"><script async src=\"https:\/\/pagead2.googlesyndication.com\/pagead\/js\/adsbygoogle.js\"><\/script>\r\n<ins class=\"adsbygoogle\"\r\n     style=\"display:block\"\r\n     data-ad-format=\"fluid\"\r\n     data-ad-layout-key=\"-6t+ed+2i-1n-4w\"\r\n     data-ad-client=\"ca-pub-1959107119989764\"\r\n     data-ad-slot=\"4008251320\"><\/ins>\r\n<script>\r\n     (adsbygoogle = window.adsbygoogle || []).push({});\r\n<\/script><\/div>\n<p>    A r\u00e9szv\u00e9nypiac forgalma 54,18 milli\u00e1rd forint volt a m\u00falt heti 62,82 milli\u00e1rd forint ut\u00e1n, a vezet\u0151 r\u00e9szv\u00e9nyek vegyesen teljes\u00edtettek.<br \/>\n    Az Equilor Befektet\u00e9si Zrt. az MTI-nek k\u00fcld\u00f6tt \u00f6sszefoglal\u00f3j\u00e1ban kiemelte: a h\u00e9t els\u0151 fel\u00e9ben er\u0151t mutatott a hazai t\u0151zsdeindex, cs\u00fct\u00f6rt\u00f6kre azonban \u00e9rezhet\u0151en elromlott a nemzetk\u00f6zi befektet\u0151i hangulat. Ez a p\u00e9nteki keresked\u00e9sre is kihatott, \u00edgy a BUX 0,81 sz\u00e1zal\u00e9kos gyeng\u00fcl\u00e9ssel fejezte be a h\u00e9t utols\u00f3 keresked\u00e9si napj\u00e1t.<br \/>\n    Kedden jelent meg a janu\u00e1ri k\u00f6lts\u00e9gvet\u00e9si egyenleg, amely 151,3 milli\u00e1rd forintos t\u00f6bbletet mutatott. A febru\u00e1ri egyenlegben jelentkezik majd a szem\u00e9lyi j\u00f6vedelemad\u00f3 visszat\u00e9r\u00edt\u00e9s\u00e9nek hat\u00e1sa &#8211; \u00edrt\u00e1k.<br \/>\n    Szerda d\u00e9lut\u00e1n tette k\u00f6zz\u00e9 a Magyar Nemzeti Bank a janu\u00e1r 25-i kamatd\u00f6nt\u0151 \u00fcl\u00e9sr\u0151l sz\u00f3l\u00f3 jegyz\u0151k\u00f6nyvet, amelyb\u0151l kider\u00fclt, hogy a monet\u00e1ris tan\u00e1cs tagjai egyhang\u00falag szavazt\u00e1k meg a kor\u00e1bbin\u00e1l nagyobb l\u00e9pt\u00e9k\u0171 kamatemel\u00e9st, a tart\u00f3s infl\u00e1ci\u00f3s kock\u00e1zatok emelked\u00e9s\u00e9re reag\u00e1lva.<br \/>\n    A h\u00e9ten a Magyar Telekom \u00e1rfolyama n\u0151tt a legnagyobb m\u00e9rt\u00e9kben, 3,69 sz\u00e1zal\u00e9kkal, a r\u00e9szv\u00e9ny p\u00e9nteken 435 forinton fejezte be a keresked\u00e9st, heti forgalma 885,24 milli\u00f3 forint volt.<br \/>\n<div class=\"ads-in-post2\"><script async src=\"https:\/\/pagead2.googlesyndication.com\/pagead\/js\/adsbygoogle.js\"><\/script>\r\n<ins class=\"adsbygoogle\"\r\n     style=\"display:block\"\r\n     data-ad-format=\"fluid\"\r\n     data-ad-layout-key=\"-6t+ed+2i-1n-4w\"\r\n     data-ad-client=\"ca-pub-1959107119989764\"\r\n     data-ad-slot=\"4008251320\"><\/ins>\r\n<script>\r\n     (adsbygoogle = window.adsbygoogle || []).push({});\r\n<\/script><\/div>\n    Az OTP-r\u00e9szv\u00e9nyek \u00e1ra 2,12 sz\u00e1zal\u00e9kkal er\u0151s\u00f6d\u00f6tt, a h\u00e9t utols\u00f3 keresked\u00e9si napj\u00e1n 17 800 forinton z\u00e1rt, heti forgalma meghaladta a 34 milli\u00e1rd forintot.<br \/>\n    A Mol r\u00e9szv\u00e9nyei 0,30 sz\u00e1zal\u00e9kkal gyeng\u00fcltek, 2670 forinton z\u00e1rtak a h\u00e9t utols\u00f3 keresked\u00e9si napj\u00e1n, forgalmuk a h\u00e9ten t\u00f6bb mint 5,69 milli\u00e1rd forintot tett ki.<br \/>\n    A Richter \u00e1rfolyama 1,23 sz\u00e1zal\u00e9kkal cs\u00f6kkent, p\u00e9nteken 8055 forinton fejezte be a keresked\u00e9st a r\u00e9szv\u00e9ny, heti forgalma meghaladta a 12,48 milli\u00e1rd forintot.<br \/>\n    A kis- \u00e9s k\u00f6zepes r\u00e9szv\u00e9nyek indexe, a BUMIX 4199,20 ponton z\u00e1rta a hetet, ami 11,93 ponttal, 0,28 sz\u00e1zal\u00e9kkal alacsonyabb az el\u0151z\u0151 hetin\u00e9l.(MTI)<\/p>\n","protected":false},"excerpt":{"rendered":"<p>Cs\u00f6kken\u0151 forgalom mellett emelkedett a Budapesti \u00c9rt\u00e9kt\u0151zsde (B\u00c9T) r\u00e9szv\u00e9nyindexe a h\u00e9ten, a BUX 52 141,58 ponton z\u00e1rt p\u00e9nteken, 335,18 ponttal, 0,65 sz\u00e1zal\u00e9kkal magasabban, mint egy hete.<\/p>\n","protected":false},"author":1001007,"featured_media":86279,"comment_status":"open","ping_status":"open","sticky":false,"template":"","format":"standard","meta":[],"categories":[7],"tags":[],"_links":{"self":[{"href":"https:\/\/gazdasagportal.hu\/index.php\/wp-json\/wp\/v2\/posts\/139536"}],"collection":[{"href":"https:\/\/gazdasagportal.hu\/index.php\/wp-json\/wp\/v2\/posts"}],"about":[{"href":"https:\/\/gazdasagportal.hu\/index.php\/wp-json\/wp\/v2\/types\/post"}],"author":[{"embeddable":true,"href":"https:\/\/gazdasagportal.hu\/index.php\/wp-json\/wp\/v2\/users\/1001007"}],"replies":[{"embeddable":true,"href":"https:\/\/gazdasagportal.hu\/index.php\/wp-json\/wp\/v2\/comments?post=139536"}],"version-history":[{"count":1,"href":"https:\/\/gazdasagportal.hu\/index.php\/wp-json\/wp\/v2\/posts\/139536\/revisions"}],"predecessor-version":[{"id":139537,"href":"https:\/\/gazdasagportal.hu\/index.php\/wp-json\/wp\/v2\/posts\/139536\/revisions\/139537"}],"wp:featuredmedia":[{"embeddable":true,"href":"https:\/\/gazdasagportal.hu\/index.php\/wp-json\/wp\/v2\/media\/86279"}],"wp:attachment":[{"href":"https:\/\/gazdasagportal.hu\/index.php\/wp-json\/wp\/v2\/media?parent=139536"}],"wp:term":[{"taxonomy":"category","embeddable":true,"href":"https:\/\/gazdasagportal.hu\/index.php\/wp-json\/wp\/v2\/categories?post=139536"},{"taxonomy":"post_tag","embeddable":true,"href":"https:\/\/gazdasagportal.hu\/index.php\/wp-json\/wp\/v2\/tags?post=139536"}],"curies":[{"name":"wp","href":"https:\/\/api.w.org\/{rel}","templated":true}]}}