{"id":139495,"date":"2022-02-09T13:25:38","date_gmt":"2022-02-09T12:25:38","guid":{"rendered":"https:\/\/gazdasagportal.hu\/?p=139495"},"modified":"2022-02-09T13:25:38","modified_gmt":"2022-02-09T12:25:38","slug":"ismet-megdolt-a-napi-szelrekord-a-fovarosban","status":"publish","type":"post","link":"https:\/\/gazdasagportal.hu\/index.php\/ismet-megdolt-a-napi-szelrekord-a-fovarosban\/","title":{"rendered":"Ism\u00e9t megd\u0151lt a napi sz\u00e9lrekord a f\u0151v\u00e1rosban"},"content":{"rendered":"<p><strong>Ism\u00e9t megd\u0151lt a napi sz\u00e9lrekord Budapesten, a J\u00e1nos-hegyen kedden &#8211; k\u00f6z\u00f6lte az Orsz\u00e1gos Meteorol\u00f3giai Szolg\u00e1lat szerd\u00e1n a honlapj\u00e1n.<\/strong><!--more--><\/p>\n<div class=\"ads-in-post2\"><script async src=\"https:\/\/pagead2.googlesyndication.com\/pagead\/js\/adsbygoogle.js\"><\/script>\r\n<ins class=\"adsbygoogle\"\r\n     style=\"display:block\"\r\n     data-ad-format=\"fluid\"\r\n     data-ad-layout-key=\"-6t+ed+2i-1n-4w\"\r\n     data-ad-client=\"ca-pub-1959107119989764\"\r\n     data-ad-slot=\"4008251320\"><\/ins>\r\n<script>\r\n     (adsbygoogle = window.adsbygoogle || []).push({});\r\n<\/script><\/div>\n<p>    Azt \u00edrt\u00e1k: az el\u0151z\u0151 nap orsz\u00e1gos rekordot hoz\u00f3 \u00e9szaknyugati sz\u00e9l m\u00e9g kedden \u00e9jjel is viharos sz\u00e9ll\u00f6k\u00e9sekkel tombolt a Budai-hegys\u00e9gben. \u00cdgy a febru\u00e1r 8-i f\u0151v\u00e1rosi sz\u00e9lrekord is megd\u0151lt: a J\u00e1nos-hegyen 93,2 kilom\u00e9ter\/\u00f3r\u00e1s sz\u00e9ll\u00f6k\u00e9st is regisztr\u00e1ltak. Mostan\u00e1ig az ezen a napon m\u00e9rt f\u0151v\u00e1rosi sz\u00e9lrekord 91,1 kilom\u00e9ter\/\u00f3ra volt, amelyet szint\u00e9n a J\u00e1nos-hegyen m\u00e9rtek 2015-ben &#8211; k\u00f6z\u00f6lt\u00e9k.<br \/>\n    Jelenleg m\u00e1r sehol sincs \u00e9rv\u00e9nyben figyelmeztet\u00e9s sem az er\u0151s sz\u00e9l, sem m\u00e1s vesz\u00e9lyes id\u0151j\u00e1r\u00e1si jelens\u00e9g miatt. Cs\u00fct\u00f6rt\u00f6kre virrad\u00f3ra viszont t\u00f6bb helyen is k\u00f6d k\u00e9pz\u0151dhet, kiemelten \u00e9szakkeleten. A vesz\u00e9lyjelz\u00e9sben azt \u00edrt\u00e1k: Borsodban csak lassan javulnak majd a l\u00e1t\u00e1si viszonyok napk\u00f6zben.<br \/>\n<div class=\"ads-in-post2\"><script async src=\"https:\/\/pagead2.googlesyndication.com\/pagead\/js\/adsbygoogle.js\"><\/script>\r\n<ins class=\"adsbygoogle\"\r\n     style=\"display:block\"\r\n     data-ad-format=\"fluid\"\r\n     data-ad-layout-key=\"-6t+ed+2i-1n-4w\"\r\n     data-ad-client=\"ca-pub-1959107119989764\"\r\n     data-ad-slot=\"4008251320\"><\/ins>\r\n<script>\r\n     (adsbygoogle = window.adsbygoogle || []).push({});\r\n<\/script><\/div>\n    A meteorol\u00f3giai szolg\u00e1lat Facebook-oldal\u00e1n azt \u00edrta: jelent\u0151sen m\u00e9rs\u00e9kl\u0151d\u00f6tt a sz\u00e9l, \u00e9s az el\u0151rejelz\u00e9s szerint szerd\u00e1n \u00e9s cs\u00fct\u00f6rt\u00f6k\u00f6n m\u00e9rs\u00e9kelt marad a l\u00e9gmozg\u00e1s.<br \/>\n    Szint\u00e9n Facebook-oldal\u00e1n az Orsz\u00e1gos Meteorol\u00f3giai Szolg\u00e1lat azt is megjegyezte: itt a tavasz. Ezt al\u00e1t\u00e1masztva egy m\u00e1sik bejegyz\u00e9sben a K\u00f6z\u00e9pt\u00e1v\u00fa Id\u0151j\u00e1r\u00e1s-el\u0151rejelz\u00e9sek Eur\u00f3pai K\u00f6zpontja (ECMWF) friss val\u00f3sz\u00edn\u0171s\u00e9gi el\u0151rejelz\u00e9seire hivatkozva azt \u00edrt\u00e1k: a k\u00f6vetkez\u0151 k\u00e9t h\u00e9tben is a sok\u00e9vi \u00e1tlagn\u00e1l melegebb id\u0151re lehet sz\u00e1m\u00edtani.(MTI)<\/p>\n","protected":false},"excerpt":{"rendered":"<p>Ism\u00e9t megd\u0151lt a napi sz\u00e9lrekord Budapesten, a J\u00e1nos-hegyen kedden &#8211; k\u00f6z\u00f6lte az Orsz\u00e1gos Meteorol\u00f3giai Szolg\u00e1lat szerd\u00e1n a honlapj\u00e1n.<\/p>\n","protected":false},"author":1001006,"featured_media":0,"comment_status":"open","ping_status":"open","sticky":false,"template":"","format":"standard","meta":[],"categories":[438],"tags":[],"_links":{"self":[{"href":"https:\/\/gazdasagportal.hu\/index.php\/wp-json\/wp\/v2\/posts\/139495"}],"collection":[{"href":"https:\/\/gazdasagportal.hu\/index.php\/wp-json\/wp\/v2\/posts"}],"about":[{"href":"https:\/\/gazdasagportal.hu\/index.php\/wp-json\/wp\/v2\/types\/post"}],"author":[{"embeddable":true,"href":"https:\/\/gazdasagportal.hu\/index.php\/wp-json\/wp\/v2\/users\/1001006"}],"replies":[{"embeddable":true,"href":"https:\/\/gazdasagportal.hu\/index.php\/wp-json\/wp\/v2\/comments?post=139495"}],"version-history":[{"count":1,"href":"https:\/\/gazdasagportal.hu\/index.php\/wp-json\/wp\/v2\/posts\/139495\/revisions"}],"predecessor-version":[{"id":139496,"href":"https:\/\/gazdasagportal.hu\/index.php\/wp-json\/wp\/v2\/posts\/139495\/revisions\/139496"}],"wp:attachment":[{"href":"https:\/\/gazdasagportal.hu\/index.php\/wp-json\/wp\/v2\/media?parent=139495"}],"wp:term":[{"taxonomy":"category","embeddable":true,"href":"https:\/\/gazdasagportal.hu\/index.php\/wp-json\/wp\/v2\/categories?post=139495"},{"taxonomy":"post_tag","embeddable":true,"href":"https:\/\/gazdasagportal.hu\/index.php\/wp-json\/wp\/v2\/tags?post=139495"}],"curies":[{"name":"wp","href":"https:\/\/api.w.org\/{rel}","templated":true}]}}