{"id":139449,"date":"2022-02-03T15:25:39","date_gmt":"2022-02-03T14:25:39","guid":{"rendered":"https:\/\/gazdasagportal.hu\/?p=139449"},"modified":"2022-02-03T15:25:39","modified_gmt":"2022-02-03T14:25:39","slug":"varga-mihaly-81-szazalekra-emelte-a-kormany-a-babakotveny-kamatat","status":"publish","type":"post","link":"https:\/\/gazdasagportal.hu\/index.php\/varga-mihaly-81-szazalekra-emelte-a-kormany-a-babakotveny-kamatat\/","title":{"rendered":"Varga Mih\u00e1ly: 8,1 sz\u00e1zal\u00e9kra emelte a korm\u00e1ny a Babak\u00f6tv\u00e9ny kamat\u00e1t"},"content":{"rendered":"<p><strong>\u00dajabb j\u00f3 h\u00edr a gyermeket nevel\u0151 csal\u00e1doknak, hogy a Babak\u00f6tv\u00e9ny kamata minden eddigin\u00e9l magasabbra, 8,1 sz\u00e1zal\u00e9kra emelkedett febru\u00e1rt\u00f3l &#8211; \u00edrta Varga Mih\u00e1ly p\u00e9nz\u00fcgyminiszter a Facebook oldal\u00e1ra felker\u00fclt posztj\u00e1ban cs\u00fct\u00f6rt\u00f6k\u00f6n.<\/strong><!--more--><\/p>\n<div class=\"ads-in-post2\"><script async src=\"https:\/\/pagead2.googlesyndication.com\/pagead\/js\/adsbygoogle.js\"><\/script>\r\n<ins class=\"adsbygoogle\"\r\n     style=\"display:block\"\r\n     data-ad-format=\"fluid\"\r\n     data-ad-layout-key=\"-6t+ed+2i-1n-4w\"\r\n     data-ad-client=\"ca-pub-1959107119989764\"\r\n     data-ad-slot=\"4008251320\"><\/ins>\r\n<script>\r\n     (adsbygoogle = window.adsbygoogle || []).push({});\r\n<\/script><\/div>\n<p>    A Babak\u00f6tv\u00e9ny egyre n\u00e9pszer\u0171bb, a csal\u00e1dok m\u00e1r 273 ezer gyermeknek gy\u0171jtenek ilyen megtakar\u00edt\u00e1st, amelynek \u00f6ssz\u00e9rt\u00e9ke meghaladja a 153 milli\u00e1rd forintot &#8211; jegyezt\u00e9k meg.<br \/>\n    Tavaly harmad\u00e1val t\u00f6bb Babak\u00f6tv\u00e9nyt v\u00e1s\u00e1roltak a sz\u00fcl\u0151k, mint egy \u00e9vvel kor\u00e1bban &#8211; \u00edrta.<br \/>\n    A Magyar \u00c1llamkincst\u00e1r febru\u00e1rban az \u00e9ves kamatot nyolc sorozat ut\u00e1n kifizette; ennek \u00f6sszege meghaladja a 3 milli\u00e1rd forintot &#8211; hangs\u00falyozta.<br \/>\n    Varga Mih\u00e1ly szerint az\u00e9rt el\u0151ny\u00f6s a Babak\u00f6tv\u00e9ny, mert ad\u00f3-, j\u00e1rul\u00e9k- \u00e9s illet\u00e9kmentes, nincs sz\u00e1mlavezet\u00e9si d\u00edja. Janu\u00e1rt\u00f3l a korm\u00e1ny megdupl\u00e1zta a befizet\u00e9sek ut\u00e1n j\u00e1r\u00f3 \u00e1llami t\u00e1mogat\u00e1st, 6 ezer forintr\u00f3l 12 ezer forintra emelte &#8211; eml\u00e9keztetett. A Babak\u00f6tv\u00e9ny kamata a mindenkori infl\u00e1ci\u00f3n\u00e1l 3 sz\u00e1zal\u00e9kkal magasabb, \u00edgy m\u00e1r havi n\u00e9h\u00e1ny ezer forintos befizet\u00e9ssel t\u00f6bb milli\u00f3 forint gy\u0171lhet \u00f6ssze a fiatal 18 \u00e9ves kor\u00e1ra &#8211; sorolta a t\u00e1rcavezet\u0151 hozz\u00e1sz\u00f3l\u00e1s\u00e1ban az el\u0151ny\u00f6ket.<br \/>\n(MTI)<\/p>\n","protected":false},"excerpt":{"rendered":"<p>\u00dajabb j\u00f3 h\u00edr a gyermeket nevel\u0151 csal\u00e1doknak, hogy a Babak\u00f6tv\u00e9ny kamata minden eddigin\u00e9l magasabbra, 8,1 sz\u00e1zal\u00e9kra emelkedett febru\u00e1rt\u00f3l &#8211; \u00edrta Varga Mih\u00e1ly p\u00e9nz\u00fcgyminiszter a Facebook oldal\u00e1ra felker\u00fclt posztj\u00e1ban cs\u00fct\u00f6rt\u00f6k\u00f6n.<\/p>\n","protected":false},"author":1001005,"featured_media":0,"comment_status":"open","ping_status":"open","sticky":false,"template":"","format":"standard","meta":[],"categories":[19],"tags":[],"_links":{"self":[{"href":"https:\/\/gazdasagportal.hu\/index.php\/wp-json\/wp\/v2\/posts\/139449"}],"collection":[{"href":"https:\/\/gazdasagportal.hu\/index.php\/wp-json\/wp\/v2\/posts"}],"about":[{"href":"https:\/\/gazdasagportal.hu\/index.php\/wp-json\/wp\/v2\/types\/post"}],"author":[{"embeddable":true,"href":"https:\/\/gazdasagportal.hu\/index.php\/wp-json\/wp\/v2\/users\/1001005"}],"replies":[{"embeddable":true,"href":"https:\/\/gazdasagportal.hu\/index.php\/wp-json\/wp\/v2\/comments?post=139449"}],"version-history":[{"count":1,"href":"https:\/\/gazdasagportal.hu\/index.php\/wp-json\/wp\/v2\/posts\/139449\/revisions"}],"predecessor-version":[{"id":139450,"href":"https:\/\/gazdasagportal.hu\/index.php\/wp-json\/wp\/v2\/posts\/139449\/revisions\/139450"}],"wp:attachment":[{"href":"https:\/\/gazdasagportal.hu\/index.php\/wp-json\/wp\/v2\/media?parent=139449"}],"wp:term":[{"taxonomy":"category","embeddable":true,"href":"https:\/\/gazdasagportal.hu\/index.php\/wp-json\/wp\/v2\/categories?post=139449"},{"taxonomy":"post_tag","embeddable":true,"href":"https:\/\/gazdasagportal.hu\/index.php\/wp-json\/wp\/v2\/tags?post=139449"}],"curies":[{"name":"wp","href":"https:\/\/api.w.org\/{rel}","templated":true}]}}