{"id":139422,"date":"2022-02-01T15:19:43","date_gmt":"2022-02-01T14:19:43","guid":{"rendered":"https:\/\/gazdasagportal.hu\/?p=139422"},"modified":"2022-02-01T15:19:43","modified_gmt":"2022-02-01T14:19:43","slug":"handelsblatt-kritikus-szintre-sullyedt-a-gaztarolok-toltottsege-nemetorszagban","status":"publish","type":"post","link":"https:\/\/gazdasagportal.hu\/index.php\/handelsblatt-kritikus-szintre-sullyedt-a-gaztarolok-toltottsege-nemetorszagban\/","title":{"rendered":"Handelsblatt: kritikus szintre s\u00fcllyedt a g\u00e1zt\u00e1rol\u00f3k t\u00f6lt\u00f6tts\u00e9ge N\u00e9metorsz\u00e1gban"},"content":{"rendered":"<p><strong>Kritikus szintre, 37 sz\u00e1zal\u00e9kra s\u00fcllyedt a n\u00e9metorsz\u00e1gi f\u00f6ldg\u00e1zt\u00e1rol\u00f3k t\u00f6lt\u00f6tts\u00e9ge &#8211; jelentette kedden a Handelsblatt.<\/strong><!--more--><\/p>\n<div class=\"ads-in-post2\"><script async src=\"https:\/\/pagead2.googlesyndication.com\/pagead\/js\/adsbygoogle.js\"><\/script>\r\n<ins class=\"adsbygoogle\"\r\n     style=\"display:block\"\r\n     data-ad-format=\"fluid\"\r\n     data-ad-layout-key=\"-6t+ed+2i-1n-4w\"\r\n     data-ad-client=\"ca-pub-1959107119989764\"\r\n     data-ad-slot=\"4008251320\"><\/ins>\r\n<script>\r\n     (adsbygoogle = window.adsbygoogle || []).push({});\r\n<\/script><\/div>\n<p>    A n\u00e9met \u00fczleti lap besz\u00e1mol\u00f3j\u00e1ban id\u00e9zte a t\u00e1rol\u00f3kat \u00fczemeltet\u0151 v\u00e1llalkoz\u00e1sok sz\u00f6vets\u00e9g\u00e9nek (Initiative Energien Speichern &#8211; INES) \u00fcgyvezet\u0151j\u00e9t, Sebastian Bleschk\u00e9t, aki kiemelte, hogy a vesz\u00e9lyt jelz\u0151 &#8222;piroson&#8221; \u00e1llnak a sz\u00f6vets\u00e9gi korm\u00e1ny \u00e1ltal meghat\u00e1rozott mutat\u00f3k, ami azt jelenti, hogy febru\u00e1r elej\u00e9re &#8222;a kock\u00e1zati forgat\u00f3k\u00f6nyvek biztos\u00edt\u00e1s\u00e1hoz sz\u00fcks\u00e9ges t\u00e1rol\u00e1si c\u00e9lszintek al\u00e1 est\u00fcnk&#8221;.<br \/>\n    Az INES a Becker B\u00fcttner Held (BBH) \u00fcgyv\u00e9di iroda \u00e1ltal a sz\u00f6vets\u00e9gi gazdas\u00e1gi miniszt\u00e9rium sz\u00e1m\u00e1ra 2015-ben k\u00e9sz\u00edtett szak\u00e9rt\u0151i v\u00e9lem\u00e9nyre hivatkozik. A szerz\u0151k ebben kimutatt\u00e1k, hogy febru\u00e1r 1-j\u00e9n 40 sz\u00e1zal\u00e9kos t\u00e1rol\u00e1si szintre lenne sz\u00fcks\u00e9g ahhoz, hogy N\u00e9metorsz\u00e1g megb\u00edrk\u00f3zhasson h\u00e9t nap rendk\u00edv\u00fcli hideggel.<br \/>\n    Egy harminc napig tart\u00f3 fagyhull\u00e1m \u00e1tv\u00e9szel\u00e9s\u00e9hez 50 sz\u00e1zal\u00e9kos t\u00f6lt\u00f6tts\u00e9gi szint sz\u00fcks\u00e9ges, ahhoz pedig 60 sz\u00e1zal\u00e9kos t\u00f6lt\u00f6tts\u00e9g kell, hogy N\u00e9metorsz\u00e1g ell\u00e1t\u00e1si fennakad\u00e1s n\u00e9lk\u00fcl kib\u00edrja az orosz g\u00e1zsz\u00e1ll\u00edt\u00e1sok valamilyen politikai konfliktusb\u00f3l fakad\u00f3 egyh\u00f3napos kies\u00e9s\u00e9t. Febru\u00e1r 1-j\u00e9re egyik c\u00e9l sem teljes\u00fclt &#8211; \u00e1llap\u00edtotta meg a Handelsblatt.<br \/>\n<div class=\"ads-in-post2\"><script async src=\"https:\/\/pagead2.googlesyndication.com\/pagead\/js\/adsbygoogle.js\"><\/script>\r\n<ins class=\"adsbygoogle\"\r\n     style=\"display:block\"\r\n     data-ad-format=\"fluid\"\r\n     data-ad-layout-key=\"-6t+ed+2i-1n-4w\"\r\n     data-ad-client=\"ca-pub-1959107119989764\"\r\n     data-ad-slot=\"4008251320\"><\/ins>\r\n<script>\r\n     (adsbygoogle = window.adsbygoogle || []).push({});\r\n<\/script><\/div>\n    A t\u00e1roz\u00f3k t\u00f6lt\u00f6tts\u00e9ge m\u00e1r a f\u0171t\u00e9si szezon \u0151szi kezdete el\u0151tt jelent\u0151sen elmaradt a 85 sz\u00e1zal\u00e9k k\u00f6r\u00fcli hossz\u00fa t\u00e1v\u00fa \u00e1tlagt\u00f3l. Ennek f\u0151 oka val\u00f3sz\u00edn\u0171leg az volt, hogy az import\u0151r\u00f6k nem akart\u00e1k megfizetni a magas g\u00e1z\u00e1rakat, ez\u00e9rt visszafogt\u00e1k a t\u00e1rol\u00e1st. Emellett Oroszorsz\u00e1gnak sz\u00e1ll\u00edt\u00e1si probl\u00e9m\u00e1i voltak a g\u00e1ztermel\u00e9sben bek\u00f6vetkezett m\u0171szaki zavarok miatt.<br \/>\n    Robert Habeck sz\u00f6vets\u00e9gi gazdas\u00e1gi miniszter janu\u00e1r v\u00e9g\u00e9n a sz\u00f6vets\u00e9gi parlamentben (Bundestag) azt mondta, hogy N\u00e9metorsz\u00e1g neh\u00e9z helyzetbe ker\u00fclt, \u00e9s hangs\u00falyozta, hogy ez nem ism\u00e9tl\u0151dhet meg t\u00f6bb\u00e9.<br \/>\n      A korm\u00e1ny szerint \u00faj szab\u00e1lyokat kell kidolgozni ahhoz, hogy mindig legyen elegend\u0151 f\u00f6ldg\u00e1z a t\u00e1rol\u00f3kban. K\u00e9t lehets\u00e9ges megold\u00e1s k\u00f6rvonalaz\u00f3dik. Az egyik \u00fat az \u00e1llami strat\u00e9giai f\u00f6ldg\u00e1ztartal\u00e9k felhalmoz\u00e1sa, a strat\u00e9giai k\u0151olajk\u00e9szletek mint\u00e1j\u00e1ra.<br \/>\n    A m\u00e1sik lehet\u0151s\u00e9g beszerz\u00e9si k\u00f6telezetts\u00e9geket el\u0151\u00edrni a piaci szerepl\u0151knek. Ezt p\u00e1rtolja az INES. Sebastian Bleschke szavai szerint \u00edgy &#8222;k\u00f6lts\u00e9ghat\u00e9konyabban&#8221; lehet biztos\u00edtani a g\u00e1zt\u00e1rol\u00f3k megfelel\u0151 felt\u00f6lt\u00f6tts\u00e9g\u00e9t. Az elk\u00e9pzel\u00e9s szerint be kell bevezetni, hogy r\u00f6viddel a f\u0171t\u00e9si szezon \u0151szi kezdete el\u0151tt k\u00f6telez\u0151 el\u00e9rni egy bizonyos g\u00e1zt\u00e1rol\u00e1si szintet. Az import\u0151r\u00f6k \u00edgy k\u00f6telesek lenn\u00e9nek elegend\u0151 g\u00e1zt beszerezni.     B\u00e1rmelyik v\u00e1ltozat mellett is d\u00f6nt v\u00e9g\u00fcl a gazdas\u00e1gi miniszt\u00e9rium, a hat\u00e1s csak 2022\/2023 tel\u00e9n bontakozhat ki &#8211; mutatott r\u00e1 a Handelsblatt.<br \/>\n<div class=\"ads-in-post2\"><script async src=\"https:\/\/pagead2.googlesyndication.com\/pagead\/js\/adsbygoogle.js\"><\/script>\r\n<ins class=\"adsbygoogle\"\r\n     style=\"display:block\"\r\n     data-ad-format=\"fluid\"\r\n     data-ad-layout-key=\"-6t+ed+2i-1n-4w\"\r\n     data-ad-client=\"ca-pub-1959107119989764\"\r\n     data-ad-slot=\"4008251320\"><\/ins>\r\n<script>\r\n     (adsbygoogle = window.adsbygoogle || []).push({});\r\n<\/script><\/div>\n    Ugyanakkor &#8211; tett\u00e9k hozz\u00e1 &#8211; szak\u00e9rt\u0151k rem\u00e9lik, hogy a cseppfoly\u00f3s\u00edtott f\u00f6ldg\u00e1z (LNG) seg\u00edthet az ell\u00e1t\u00e1si helyzet jav\u00edt\u00e1s\u00e1ban. Wolfgang Peters, a The Gas Value Chain Company tan\u00e1csad\u00f3 c\u00e9g vezet\u0151je szerint &#8222;sz\u00e9les k\u00f6rben elterjedt t\u00e9vhit&#8221;, hogy N\u00e9metorsz\u00e1g f\u00fcgg az orosz g\u00e1zsz\u00e1ll\u00edt\u00e1sokt\u00f3l.<br \/>\n    Szerinte teljesen figyelmen k\u00edv\u00fcl hagyj\u00e1k az LNG-piacot, akik \u00edgy \u00e9rvelnek. &#8222;Term\u00e9szetesen nem lehet nyugodtan h\u00e1trad\u0151lni a fejlem\u00e9nyek l\u00e1tt\u00e1n, de nem l\u00e1tok akut vesz\u00e9lyt a g\u00e1zell\u00e1t\u00e1sban&#8221; &#8211; mondta.<br \/>\n    Kiemelte, hogy a glob\u00e1lis piaci mechanizmusok m\u0171k\u00f6dnek, \u00e9vente 500 milli\u00e1rd k\u00f6bm\u00e9ter LNG \u00e1ll rendelkez\u00e9sre, \u00e9s ha az EU bojkott\u00e1ln\u00e1, vagy Oroszorsz\u00e1g le\u00e1ll\u00edtan\u00e1 a g\u00e1zsz\u00e1ll\u00edt\u00e1sokat, az eur\u00f3pai piaci szerepl\u0151k v\u00e1s\u00e1rolhatn\u00e1nak LNG-t. Ez persze &#8222;dr\u00e1ga lenne&#8221;, de az LNG \u00edgy is &#8222;tartal\u00e9k lehet\u0151s\u00e9g&#8221; az ell\u00e1t\u00e1s biztos\u00edt\u00e1s\u00e1ra.<br \/>\n    Az eur\u00f3pai LNG-termin\u00e1lok kapacit\u00e1sa \u00e9vi 220 milli\u00e1rd k\u00f6bm\u00e9ter, m\u00edg Oroszorsz\u00e1g \u00e9vente 170 milli\u00e1rd k\u00f6bm\u00e9ter f\u00f6ldg\u00e1zt sz\u00e1ll\u00edt az EU-ba. Ez a k\u00e9t adat j\u00f3l szeml\u00e9lteti, hogy  &#8222;az orosz sz\u00e1ll\u00edt\u00e1sok teljes m\u00e9rt\u00e9kben kiv\u00e1lthat\u00f3k az LNG-vel&#8221;, r\u00e1ad\u00e1sul az LNG r\u00f6vid id\u0151n bel\u00fcl beszerezhet\u0151 &#8211; fejtette ki az elemz\u0151.<br \/>\n    N\u00e9metorsz\u00e1g kev\u00e9s saj\u00e1t g\u00e1zlel\u0151hellyel rendelkezik, fogyaszt\u00e1s\u00e1nak csak mintegy tized\u00e9t fedezi a hazai termel\u00e9s, ez\u00e9rt els\u0151sorban importb\u00f3l kell biztos\u00edtania g\u00e1zell\u00e1t\u00e1s\u00e1t, \u00e9s a fogyaszt\u00e1s szezon\u00e1lis ingadoz\u00e1s\u00e1nak kiegyenl\u00edt\u00e9s\u00e9re gondoskodnia kell az energiahordoz\u00f3 t\u00e1rol\u00e1s\u00e1r\u00f3l.<br \/>\n    Az INES adatai szerint a n\u00e9met g\u00e1zt\u00e1rol\u00f3k teljes kapacit\u00e1sa mintegy 23 milli\u00e1rd k\u00f6bm\u00e9ter g\u00e1z. Ezzel N\u00e9metorsz\u00e1g a negyedik helyen \u00e1ll a vil\u00e1g orsz\u00e1gainak t\u00e1rol\u00f3kapacit\u00e1s alapj\u00e1n fel\u00e1ll\u00edtott rangsor\u00e1ban, csak az Egyes\u00fclt \u00c1llamok, Ukrajna \u00e9s Oroszorsz\u00e1g el\u0151zi meg.<br \/>\n<div class=\"ads-in-post2\"><script async src=\"https:\/\/pagead2.googlesyndication.com\/pagead\/js\/adsbygoogle.js\"><\/script>\r\n<ins class=\"adsbygoogle\"\r\n     style=\"display:block\"\r\n     data-ad-format=\"fluid\"\r\n     data-ad-layout-key=\"-6t+ed+2i-1n-4w\"\r\n     data-ad-client=\"ca-pub-1959107119989764\"\r\n     data-ad-slot=\"4008251320\"><\/ins>\r\n<script>\r\n     (adsbygoogle = window.adsbygoogle || []).push({});\r\n<\/script><\/div>\n    N\u00e9metorsz\u00e1g g\u00e1zt\u00e1rol\u00f3i az Eur\u00f3pai Uni\u00f3 g\u00e1zt\u00e1rol\u00f3 kapacit\u00e1s\u00e1nak mintegy negyed\u00e9t teszik ki. \u00cdgy az EU tag\u00e1llamai k\u00f6z\u00fcl N\u00e9metorsz\u00e1g rendelkezik a legnagyobb f\u00f6ldg\u00e1zt\u00e1rol\u00e1si kapacit\u00e1ssal.(MTI)<\/p>\n","protected":false},"excerpt":{"rendered":"<p>Kritikus szintre, 37 sz\u00e1zal\u00e9kra s\u00fcllyedt a n\u00e9metorsz\u00e1gi f\u00f6ldg\u00e1zt\u00e1rol\u00f3k t\u00f6lt\u00f6tts\u00e9ge &#8211; jelentette kedden a Handelsblatt.<\/p>\n","protected":false},"author":1001005,"featured_media":0,"comment_status":"open","ping_status":"open","sticky":false,"template":"","format":"standard","meta":[],"categories":[19,246],"tags":[],"_links":{"self":[{"href":"https:\/\/gazdasagportal.hu\/index.php\/wp-json\/wp\/v2\/posts\/139422"}],"collection":[{"href":"https:\/\/gazdasagportal.hu\/index.php\/wp-json\/wp\/v2\/posts"}],"about":[{"href":"https:\/\/gazdasagportal.hu\/index.php\/wp-json\/wp\/v2\/types\/post"}],"author":[{"embeddable":true,"href":"https:\/\/gazdasagportal.hu\/index.php\/wp-json\/wp\/v2\/users\/1001005"}],"replies":[{"embeddable":true,"href":"https:\/\/gazdasagportal.hu\/index.php\/wp-json\/wp\/v2\/comments?post=139422"}],"version-history":[{"count":1,"href":"https:\/\/gazdasagportal.hu\/index.php\/wp-json\/wp\/v2\/posts\/139422\/revisions"}],"predecessor-version":[{"id":139423,"href":"https:\/\/gazdasagportal.hu\/index.php\/wp-json\/wp\/v2\/posts\/139422\/revisions\/139423"}],"wp:attachment":[{"href":"https:\/\/gazdasagportal.hu\/index.php\/wp-json\/wp\/v2\/media?parent=139422"}],"wp:term":[{"taxonomy":"category","embeddable":true,"href":"https:\/\/gazdasagportal.hu\/index.php\/wp-json\/wp\/v2\/categories?post=139422"},{"taxonomy":"post_tag","embeddable":true,"href":"https:\/\/gazdasagportal.hu\/index.php\/wp-json\/wp\/v2\/tags?post=139422"}],"curies":[{"name":"wp","href":"https:\/\/api.w.org\/{rel}","templated":true}]}}