{"id":139392,"date":"2022-01-29T14:06:25","date_gmt":"2022-01-29T13:06:25","guid":{"rendered":"https:\/\/gazdasagportal.hu\/?p=139392"},"modified":"2022-01-29T14:06:25","modified_gmt":"2022-01-29T13:06:25","slug":"hitelminosites-stabil-kilatassal-megerositette-a-magyar-allamados-osztalyzatot-a-fitch-ratings-2","status":"publish","type":"post","link":"https:\/\/gazdasagportal.hu\/index.php\/hitelminosites-stabil-kilatassal-megerositette-a-magyar-allamados-osztalyzatot-a-fitch-ratings-2\/","title":{"rendered":"Hitelmin\u0151s\u00edt\u00e9s &#8211; Stabil kil\u00e1t\u00e1ssal meger\u0151s\u00edtette a magyar \u00e1llamad\u00f3s-oszt\u00e1lyzatot a Fitch Ratings"},"content":{"rendered":"<p><strong>V\u00e1ltozatlan stabil kil\u00e1t\u00e1ssal meger\u0151s\u00edtette Magyarorsz\u00e1g deviz\u00e1ban denomin\u00e1lt hossz\u00fa futamidej\u0171 \u00e1llamad\u00f3ss\u00e1g-k\u00f6telezetts\u00e9geinek &#8222;BBB&#8221; szint\u0171, befektet\u00e9si aj\u00e1nl\u00e1s\u00fa oszt\u00e1lyzat\u00e1t a Fitch Ratings nemzetk\u00f6zi hitelmin\u0151s\u00edt\u0151.<\/strong><!--more--><\/p>\n<div class=\"ads-in-post2\"><script async src=\"https:\/\/pagead2.googlesyndication.com\/pagead\/js\/adsbygoogle.js\"><\/script>\r\n<ins class=\"adsbygoogle\"\r\n     style=\"display:block\"\r\n     data-ad-format=\"fluid\"\r\n     data-ad-layout-key=\"-6t+ed+2i-1n-4w\"\r\n     data-ad-client=\"ca-pub-1959107119989764\"\r\n     data-ad-slot=\"4008251320\"><\/ins>\r\n<script>\r\n     (adsbygoogle = window.adsbygoogle || []).push({});\r\n<\/script><\/div>\n<p>    A p\u00e9ntek \u00e9jjel Londonban bejelentett d\u00f6nt\u00e9s indokl\u00e1sa szerint a szuver\u00e9n magyar besorol\u00e1s stabil kil\u00e1t\u00e1sa a Fitch azon v\u00e1rakoz\u00e1s\u00e1t t\u00fckr\u00f6zi, hogy a koronav\u00edrus-j\u00e1rv\u00e1nyb\u00f3l stabil \u00fctemben kil\u00e1bal\u00f3 magyar gazdas\u00e1g n\u00f6veked\u00e9se tart\u00f3s lesz, \u00e9s a k\u00f6lts\u00e9gvet\u00e9si konszolid\u00e1ci\u00f3 eredm\u00e9nyek\u00e9nt a k\u00f6vetkez\u0151 \u00e9vekben stabiliz\u00e1l\u00f3dik az \u00e1llamad\u00f3ss\u00e1g-r\u00e1ta is.<br \/>\n    A Fitch Ratings k\u00f6z\u00f6lte: a 2022-2023-as id\u0151szakban 4,4 sz\u00e1zal\u00e9kos &#8211; a n\u00f6veked\u00e9si potenci\u00e1lt meghalad\u00f3 \u00fctem\u0171 &#8211; \u00e9ves \u00e1tlagos re\u00e1ln\u00f6veked\u00e9st v\u00e1r a magyar gazdas\u00e1gban.<br \/>\n    A magyar \u00e1llamad\u00f3ss\u00e1g-k\u00f6telezetts\u00e9gek &#8222;BBB&#8221; besorol\u00e1sa az elemz\u00e9s szerint azt t\u00fckr\u00f6zi, hogy a magyar gazdas\u00e1g szerkezeti jelz\u0151sz\u00e1mai er\u0151teljesek a hasonl\u00f3 besorol\u00e1s\u00fa t\u00f6bbi gazdas\u00e1ggal \u00f6sszehasonl\u00edtva. Az oszt\u00e1lyzatot al\u00e1t\u00e1masztja a beruh\u00e1z\u00e1sok t\u00e1pl\u00e1lta stabil n\u00f6veked\u00e9s is &#8211; \u00e1ll a Fitch londoni elemz\u00e9s\u00e9ben.<br \/>\n    A hitelmin\u0151s\u00edt\u0151 hozz\u00e1teszi ugyanakkor: a &#8222;BBB&#8221; besorol\u00e1s t\u00e9nyez\u0151i k\u00f6z\u00f6tt szerepel a magas \u00e1llamad\u00f3ss\u00e1g, a m\u00faltbeli &#8222;unortodox&#8221; k\u00f6lts\u00e9gvet\u00e9si \u00e9s monet\u00e1ris int\u00e9zked\u00e9sek sora, valamint az, hogy a kor\u00e1bbi \u00e9vekben romlottak a korm\u00e1nyzati m\u00e9r\u0151sz\u00e1mok.<br \/>\n    A Fitch hangs\u00falyozza mindazon\u00e1ltal, hogy v\u00e1rakoz\u00e1sa szerint a magyar gazdas\u00e1gban az idei \u00e9v m\u00e1sodik fel\u00e9t\u0151l jelent\u0151s \u00e9l\u00e9nk\u00edt\u0151 hat\u00e1st gyakorol a Eur\u00f3pai Uni\u00f3 \u00e1ltal a koronav\u00edrus-j\u00e1rv\u00e1ny gazdas\u00e1gi hat\u00e1sainak enyh\u00edt\u00e9s\u00e9re Next Generation EU (NGEU) n\u00e9ven meghirdetett helyre\u00e1ll\u00edt\u00e1si alap.<br \/>\n    A hitelmin\u0151s\u00edt\u0151 kit\u00e9r arra, hogy ennek foly\u00f3s\u00edt\u00e1sa a jogi vit\u00e1k megold\u00e1s\u00e1t\u00f3l f\u00fcgg.<br \/>\n<div class=\"ads-in-post2\"><script async src=\"https:\/\/pagead2.googlesyndication.com\/pagead\/js\/adsbygoogle.js\"><\/script>\r\n<ins class=\"adsbygoogle\"\r\n     style=\"display:block\"\r\n     data-ad-format=\"fluid\"\r\n     data-ad-layout-key=\"-6t+ed+2i-1n-4w\"\r\n     data-ad-client=\"ca-pub-1959107119989764\"\r\n     data-ad-slot=\"4008251320\"><\/ins>\r\n<script>\r\n     (adsbygoogle = window.adsbygoogle || []).push({});\r\n<\/script><\/div>\n    A Fitch v\u00e1rakoz\u00e1sa szerint ugyanakkor az \u00e1prilisi orsz\u00e1ggy\u0171l\u00e9si v\u00e1laszt\u00e1sok ut\u00e1n Magyarorsz\u00e1g t\u00e1rgyal\u00e1sokat kezdem\u00e9nyez az Eur\u00f3pai Bizotts\u00e1ggal a jog\u00e1llamis\u00e1gi n\u00e9zetelt\u00e9r\u00e9sek \u00fcgy\u00e9ben, hogy megkaphassa az els\u0151 foly\u00f3s\u00edt\u00e1st a helyre\u00e1ll\u00edt\u00e1sra \u00e9s az ellen\u00e1ll\u00f3k\u00e9pess\u00e9g jav\u00edt\u00e1s\u00e1ra szolg\u00e1l\u00f3 eur\u00f3pai uni\u00f3s p\u00e9nz\u00fcgyi eszk\u00f6zb\u0151l (RRF).<br \/>\n    A hitelmin\u0151s\u00edt\u0151 k\u00f6z\u00f6lte: n\u00f6veked\u00e9si el\u0151rejelz\u00e9se tartalmazza azt az \u00f6szt\u00f6nz\u00e9st is, amelyet a gyermekes csal\u00e1doknak j\u00e1r\u00f3 szem\u00e9lyi j\u00f6vedelemad\u00f3-visszat\u00e9r\u00edt\u00e9s gyakorol majd a magyar gazdas\u00e1gra. A Fitch Ratings sz\u00e1m\u00edt\u00e1sai szerint ez a hazai \u00f6sszterm\u00e9k (GDP) 1,1 sz\u00e1zal\u00e9k\u00e1nak megfelel\u0151 m\u00e9rt\u00e9kben is \u00e9l\u00e9nk\u00edtheti a h\u00e1ztart\u00e1si szektor fogyaszt\u00e1si kiad\u00e1sait.<br \/>\n    A c\u00e9g v\u00e1rakoz\u00e1sa szerint a GDP-ar\u00e1nyos brutt\u00f3 \u00e1llamad\u00f3ss\u00e1g-r\u00e1ta a tavalyi \u00e9vre becs\u00fclt 78,6 sz\u00e1zal\u00e9kr\u00f3l lass\u00fa \u00fctemben 74,9 sz\u00e1zal\u00e9kra cs\u00f6kken 2023 v\u00e9g\u00e9ig. A Fitch kiemeli, hogy a &#8222;BBB&#8221; besorol\u00e1si kateg\u00f3ri\u00e1ba tartoz\u00f3 t\u00e1rsgazdas\u00e1gok arra az id\u0151pontra v\u00e1rt \u00e1llamad\u00f3ss\u00e1g-r\u00e1t\u00e1j\u00e1nak medi\u00e1nszintje 56,6 sz\u00e1zal\u00e9k.<br \/>\n    A hitelmin\u0151s\u00edt\u0151 kiemeli ugyanakkor azt is, hogy a magyar gazdas\u00e1g kedvez\u0151 ad\u00f3ss\u00e1gprofilja enyh\u00edti a magas ad\u00f3ss\u00e1gszintb\u0151l ered\u0151 kock\u00e1zatokat. A devizaad\u00f3ss\u00e1g a teljes szuver\u00e9n devizaad\u00f3ss\u00e1gnak csak a 20,6 sz\u00e1zal\u00e9k\u00e1t tette ki 2021 v\u00e9g\u00e9n, szemben a &#8222;BBB&#8221; kateg\u00f3ria 33,3 sz\u00e1zal\u00e9kos medi\u00e1nj\u00e1val &#8211; \u00e1ll a Fitch elemz\u00e9s\u00e9ben.<br \/>\n    A Fitch Ratings p\u00e9nteki bejelent\u00e9s\u00e9vel kezd\u0151d\u00f6tt a magyar \u00e1llamad\u00f3s-oszt\u00e1lyzatok idei hitelmin\u0151s\u00edt\u0151i vizsg\u00e1latsorozata.<br \/>\n    A h\u00e1rom piacvezet\u0151 nemzetk\u00f6zi hitelmin\u0151s\u00edt\u0151 az elm\u00falt \u00e9vek gyakorlat\u00e1hoz hasonl\u00f3an 2022-ben is hatszor &#8211; egyenk\u00e9nt k\u00e9t-k\u00e9t alkalommal &#8211; veszi napirendre a magyar szuver\u00e9n besorol\u00e1sokat.<br \/>\n    A magyar ad\u00f3soszt\u00e1lyzatok m\u00e1sodik idei fel\u00fclvizsg\u00e1lat\u00e1ra a Fitch j\u00falius 22-\u00e9t jel\u00f6lte ki.<br \/>\n    A Standard &#038; Poor&#8217;s p\u00e9nz\u00fcgyi szolg\u00e1ltat\u00f3 csoport glob\u00e1lis min\u0151s\u00edt\u00e9si r\u00e9szlege (S&#038;P Global Ratings) el\u0151sz\u00f6r febru\u00e1r 11-\u00e9n, majd augusztus 12-\u00e9n vizsg\u00e1lja a magyar \u00e1llamad\u00f3s-oszt\u00e1lyzatokat.<br \/>\n    A Moody&#8217;s Investors Service ugyancsak k\u00e9t id\u0151pontot jel\u00f6lt ki 2022-re: idei fel\u00fclvizsg\u00e1lati menetrendj\u00e9ben Magyarorsz\u00e1g el\u0151sz\u00f6r m\u00e1rcius 25-\u00e9n, m\u00e1sodszor szeptember 23-\u00e1n ker\u00fcl sorra.<br \/>\n<div class=\"ads-in-post2\"><script async src=\"https:\/\/pagead2.googlesyndication.com\/pagead\/js\/adsbygoogle.js\"><\/script>\r\n<ins class=\"adsbygoogle\"\r\n     style=\"display:block\"\r\n     data-ad-format=\"fluid\"\r\n     data-ad-layout-key=\"-6t+ed+2i-1n-4w\"\r\n     data-ad-client=\"ca-pub-1959107119989764\"\r\n     data-ad-slot=\"4008251320\"><\/ins>\r\n<script>\r\n     (adsbygoogle = window.adsbygoogle || []).push({});\r\n<\/script><\/div>\n    A Moody&#8217;s tavaly szeptemberben egy fokozattal, az addigi &#8222;Baa3&#8221;-r\u00f3l &#8222;Baa2&#8221;-re jav\u00edtotta a magyar \u00e1llamad\u00f3s-oszt\u00e1lyzat besorol\u00e1s\u00e1t. Ez az oszt\u00e1lyzat a Fitch Ratings \u00e9s a Standard &#038; Poor&#8217;s m\u00f3dszertan\u00e1ban &#8222;BBB&#8221;-nek felel meg.<br \/>\n    A Fitch \u00e9s az S&#038;P m\u00e1r 2019 \u00f3ta ezzel az oszt\u00e1lyzattal tartja nyilv\u00e1n Magyarorsz\u00e1got, \u00edgy a Moody&#8217;s szeptemberi felmin\u0151s\u00edt\u00e9se \u00f3ta mindh\u00e1rom hitelmin\u0151s\u00edt\u0151 azonos szuver\u00e9n besorol\u00e1st tart \u00e9rv\u00e9nyben Magyarorsz\u00e1gra, egyar\u00e1nt stabil kil\u00e1t\u00e1ssal.(MTI)<\/p>\n","protected":false},"excerpt":{"rendered":"<p>V\u00e1ltozatlan stabil kil\u00e1t\u00e1ssal meger\u0151s\u00edtette Magyarorsz\u00e1g deviz\u00e1ban denomin\u00e1lt hossz\u00fa futamidej\u0171 \u00e1llamad\u00f3ss\u00e1g-k\u00f6telezetts\u00e9geinek &#8222;BBB&#8221; szint\u0171, befektet\u00e9si aj\u00e1nl\u00e1s\u00fa oszt\u00e1lyzat\u00e1t a Fitch Ratings nemzetk\u00f6zi hitelmin\u0151s\u00edt\u0151.<\/p>\n","protected":false},"author":1001006,"featured_media":122810,"comment_status":"open","ping_status":"open","sticky":false,"template":"","format":"standard","meta":[],"categories":[19,436],"tags":[],"_links":{"self":[{"href":"https:\/\/gazdasagportal.hu\/index.php\/wp-json\/wp\/v2\/posts\/139392"}],"collection":[{"href":"https:\/\/gazdasagportal.hu\/index.php\/wp-json\/wp\/v2\/posts"}],"about":[{"href":"https:\/\/gazdasagportal.hu\/index.php\/wp-json\/wp\/v2\/types\/post"}],"author":[{"embeddable":true,"href":"https:\/\/gazdasagportal.hu\/index.php\/wp-json\/wp\/v2\/users\/1001006"}],"replies":[{"embeddable":true,"href":"https:\/\/gazdasagportal.hu\/index.php\/wp-json\/wp\/v2\/comments?post=139392"}],"version-history":[{"count":1,"href":"https:\/\/gazdasagportal.hu\/index.php\/wp-json\/wp\/v2\/posts\/139392\/revisions"}],"predecessor-version":[{"id":139393,"href":"https:\/\/gazdasagportal.hu\/index.php\/wp-json\/wp\/v2\/posts\/139392\/revisions\/139393"}],"wp:featuredmedia":[{"embeddable":true,"href":"https:\/\/gazdasagportal.hu\/index.php\/wp-json\/wp\/v2\/media\/122810"}],"wp:attachment":[{"href":"https:\/\/gazdasagportal.hu\/index.php\/wp-json\/wp\/v2\/media?parent=139392"}],"wp:term":[{"taxonomy":"category","embeddable":true,"href":"https:\/\/gazdasagportal.hu\/index.php\/wp-json\/wp\/v2\/categories?post=139392"},{"taxonomy":"post_tag","embeddable":true,"href":"https:\/\/gazdasagportal.hu\/index.php\/wp-json\/wp\/v2\/tags?post=139392"}],"curies":[{"name":"wp","href":"https:\/\/api.w.org\/{rel}","templated":true}]}}