{"id":139353,"date":"2022-01-25T11:14:46","date_gmt":"2022-01-25T10:14:46","guid":{"rendered":"https:\/\/gazdasagportal.hu\/?p=139353"},"modified":"2022-01-25T10:07:29","modified_gmt":"2022-01-25T09:07:29","slug":"koronavirus-6344-millio-a-beoltottak-9717-az-uj-fertozottek-szama-magyarorszagon-elhunyt-74-beteg","status":"publish","type":"post","link":"https:\/\/gazdasagportal.hu\/index.php\/koronavirus-6344-millio-a-beoltottak-9717-az-uj-fertozottek-szama-magyarorszagon-elhunyt-74-beteg\/","title":{"rendered":"Koronav\u00edrus &#8211; 6,344 milli\u00f3 a beoltottak, 9717 az \u00faj fert\u0151z\u00f6ttek sz\u00e1ma Magyarorsz\u00e1gon, elhunyt 74 beteg"},"content":{"rendered":"<p><strong>Magyarorsz\u00e1gon a beoltottak sz\u00e1ma 6 344 089, k\u00f6z\u00fcl\u00fck 6 082 196-an a m\u00e1sodik, 3 560 753-an pedig m\u00e1r a meger\u0151s\u00edt\u0151, harmadik olt\u00e1st is megkapt\u00e1k. 9717 \u00faj fert\u0151z\u00f6ttet igazoltak, ezzel a j\u00e1rv\u00e1ny kezdete \u00f3ta 1 451 102-re n\u0151tt az azonos\u00edtott fert\u0151z\u00f6ttek sz\u00e1ma. Meghalt 74, t\u00f6bbs\u00e9g\u00e9ben id\u0151s, kr\u00f3nikus beteg, \u00edgy az elhunytak sz\u00e1ma 41 018-ra emelkedett &#8211; k\u00f6z\u00f6lte a koronavirus.gov.hu kedden.<\/strong><!--more--><\/p>\n<div class=\"ads-in-post2\"><script async src=\"https:\/\/pagead2.googlesyndication.com\/pagead\/js\/adsbygoogle.js\"><\/script>\r\n<ins class=\"adsbygoogle\"\r\n     style=\"display:block\"\r\n     data-ad-format=\"fluid\"\r\n     data-ad-layout-key=\"-6t+ed+2i-1n-4w\"\r\n     data-ad-client=\"ca-pub-1959107119989764\"\r\n     data-ad-slot=\"4008251320\"><\/ins>\r\n<script>\r\n     (adsbygoogle = window.adsbygoogle || []).push({});\r\n<\/script><\/div>\n<p>    A korm\u00e1nyzati port\u00e1lon azt \u00edrt\u00e1k: a gy\u00f3gyultak sz\u00e1ma folyamatosan n\u0151, jelenleg 1 216 454, az akt\u00edv fert\u0151z\u00f6ttek sz\u00e1ma 193 630-ra emelkedett. K\u00f3rh\u00e1zban 3115 koronav\u00edrusos beteget \u00e1polnak, k\u00f6z\u00fcl\u00fck 177-en vannak l\u00e9legeztet\u0151g\u00e9pen.<br \/>\n    Az omikron \u00e9s a febru\u00e1r 15-\u00e9t\u0151l \u00e9letbe l\u00e9p\u0151 olt\u00e1si igazolv\u00e1ny miatt is \u00e9rdemes kihaszn\u00e1lni az olt\u00e1si akci\u00f3t, amely cs\u00fct\u00f6rt\u00f6k\u00f6n, p\u00e9nteken \u00e9s szombaton folytat\u00f3dik &#8211; \u00edrt\u00e1k a k\u00f6zlem\u00e9nyben.<br \/>\n    Kiemelten v\u00e1rj\u00e1k az oltatlanokat \u00e9s azokat is, akik m\u00e1r n\u00e9gy h\u00f3napn\u00e1l r\u00e9gebben kapt\u00e1k meg a kor\u00e1bbi olt\u00e1sukat. Felh\u00edvt\u00e1k a figyelmet arra, hogy a harmadik olt\u00e1s felv\u00e9tel\u00e9vel ism\u00e9t 80-90 sz\u00e1zal\u00e9kosra emelhet\u0151 a v\u00e9detts\u00e9g.<br \/>\n    A k\u00f6zponti olt\u00f3pontokon tov\u00e1bbra is \u00f6t vakcina k\u00f6z\u00fcl lehet v\u00e1lasztani, emellett a h\u00e1ziorvosok is tartanak olt\u00e1si akci\u00f3kat a rendel\u00e9si id\u0151ben v\u00e9gzett olt\u00e1sokon t\u00fal. \u0150k a h\u00e9tv\u00e9gi olt\u00e1si akci\u00f3napokra k\u00fcl\u00f6n t\u00e9r\u00edt\u00e9sre jogosultak.<br \/>\n    Hozz\u00e1tett\u00e9k: az olt\u00e1si akci\u00f3napokon a 12 \u00e9v feletti koroszt\u00e1lyt v\u00e1rj\u00e1k az olt\u00f3pontokon.<br \/>\n    Az 5-11 \u00e9ves gyermekek olt\u00e1sa tov\u00e1bbra is csak el\u0151zetes id\u0151pontfoglal\u00e1ssal lehets\u00e9ges a k\u00f3rh\u00e1zi olt\u00f3pontokon vagy a h\u00e1zi gyermekorvosokn\u00e1l.<br \/>\n    Felh\u00edvt\u00e1k a figyelmet, hogy a negyedik olt\u00e1s is m\u00e1r foglalhat\u00f3 \u00e9s felvehet\u0151, ak\u00e1r a most tart\u00f3 olt\u00e1si akci\u00f3k keret\u00e9ben is. A negyedik olt\u00e1s k\u00e9rhet\u0151 18 \u00e9v felett, ha a harmadik olt\u00e1s bead\u00e1sa \u00f3ta m\u00e1r eltelt n\u00e9gy h\u00f3nap.<br \/>\n    Az olthat\u00f3s\u00e1g meg\u00edt\u00e9l\u00e9s\u00e9\u00e9rt az olt\u00f3orvos sz\u00fcks\u00e9g eset\u00e9n konzult\u00e1lhat a kezel\u0151orvossal vagy a h\u00e1ziorvossal. Az olt\u00f3anyag v\u00e1laszt\u00e1sa minden esetben az olt\u00f3orvos feladata, aki a p\u00e1cienst ismerve a szakmai szempontok alapj\u00e1n d\u00f6nt. \u00c1ltal\u00e1nos ellenjavallata egyik kombin\u00e1ci\u00f3nak sincs &#8211; \u00e1ll a k\u00f6zlem\u00e9nyben.<br \/>\n    Azon oltatlanok, akik fert\u0151z\u00e9sen \u00e1testek, a betegs\u00e9gb\u0151l t\u00f6rt\u00e9nt felgy\u00f3gyul\u00e1s ut\u00e1n v\u00e1rakoz\u00e1si id\u0151 n\u00e9lk\u00fcl olthat\u00f3k.<br \/>\n<div class=\"ads-in-post2\"><script async src=\"https:\/\/pagead2.googlesyndication.com\/pagead\/js\/adsbygoogle.js\"><\/script>\r\n<ins class=\"adsbygoogle\"\r\n     style=\"display:block\"\r\n     data-ad-format=\"fluid\"\r\n     data-ad-layout-key=\"-6t+ed+2i-1n-4w\"\r\n     data-ad-client=\"ca-pub-1959107119989764\"\r\n     data-ad-slot=\"4008251320\"><\/ins>\r\n<script>\r\n     (adsbygoogle = window.adsbygoogle || []).push({});\r\n<\/script><\/div>\n    Folyamatosan nyitva a regisztr\u00e1ci\u00f3 \u00e9s az id\u0151pontfoglal\u00f3 az 5-11 \u00e9ves gyermekeknek.<br \/>\n    Az \u00e1toltotts\u00e1g tov\u00e1bbi n\u00f6vel\u00e9s\u00e9\u00e9rt \u00e9s a j\u00e1rv\u00e1ny \u00fajabb hull\u00e1mai elleni v\u00e9dekez\u00e9s\u00e9rt febru\u00e1r 15-\u00e9t\u0151l olt\u00e1si igazolv\u00e1nny\u00e1 alakul a v\u00e9detts\u00e9gi igazolv\u00e1ny, az err\u0151l sz\u00f3l\u00f3 korm\u00e1nyrendelet cs\u00fct\u00f6rt\u00f6k\u00f6n megjelent a Magyar K\u00f6zl\u00f6nyben.<br \/>\n    Csak az oltottaknak lesz \u00e9rv\u00e9nyes az igazolv\u00e1nyuk. Az, aki nincs beoltva, akkor sem lesz jogosult az olt\u00e1si igazolv\u00e1nyra, ha \u00e1tesett a fert\u0151z\u00e9sen, az esetleg megl\u00e9v\u0151, a fert\u0151z\u00e9sen \u00e1tesetts\u00e9gre kiadott v\u00e9detts\u00e9gi igazolv\u00e1nya pedig elvesz\u00edti \u00e9rv\u00e9nyess\u00e9g\u00e9t &#8211; \u00edrt\u00e1k.<br \/>\n    Hangs\u00falyozt\u00e1k: az igazolv\u00e1ny a m\u00e1sodik olt\u00e1st k\u00f6vet\u0151en hat h\u00f3napig lesz \u00e9rv\u00e9nyes, ezut\u00e1n az \u00e9rv\u00e9nyess\u00e9g\u00e9t &#8211; f\u0151szab\u00e1ly szerint &#8211; csak a harmadik olt\u00e1s ut\u00e1n hosszabb\u00edtj\u00e1k meg. Ha valaki k\u00e9t olt\u00e1st k\u00f6vet\u0151en lesz fert\u0151z\u00f6tt, akkor a fert\u0151z\u00e9s igazol\u00e1s\u00e1t\u00f3l sz\u00e1m\u00edtott 6 h\u00f3napig lesz \u00e9rv\u00e9nyes az igazolv\u00e1nya.<br \/>\n    A meger\u0151s\u00edt\u0151, harmadik olt\u00e1s beadat\u00e1sa ut\u00e1n az igazolv\u00e1ny korl\u00e1tlan id\u0151re lesz \u00e9rv\u00e9nyes. A jelenlegi v\u00e9detts\u00e9gi igazolv\u00e1nyok cser\u00e9j\u00e9re nincs sz\u00fcks\u00e9g, a QR-k\u00f3d alapj\u00e1n lehet majd ellen\u0151rizni az okm\u00e1ny \u00e9rv\u00e9nyess\u00e9g\u00e9t &#8211; k\u00f6z\u00f6lt\u00e9k.<br \/>\n    Eml\u00e9keztettek: az eg\u00e9szs\u00e9g\u00fcgyi int\u00e9zm\u00e9nyek \u00e9s a t\u00f6megk\u00f6zleked\u00e9s mellett tov\u00e1bbra is maszkot kell viselni az \u00fczletekben, a bev\u00e1s\u00e1rl\u00f3k\u00f6zpontokban, a post\u00e1kon, az \u00fcgyf\u00e9lszolg\u00e1latokon, a sz\u00ednh\u00e1zakban, a mozikban, a m\u00fazeumokban \u00e9s a sportrendezv\u00e9nyeken. A belt\u00e9ri kultur\u00e1lis \u00e9s egy\u00e9b rendezv\u00e9nyeken, az edz\u0151termekben, az uszod\u00e1kban, a f\u00fcrd\u0151kben, valamint a vend\u00e9gl\u00e1t\u00f3helyeken pedig az ott dolgoz\u00f3knak k\u00f6telez\u0151 a maszkhaszn\u00e1lat.<br \/>\n    Az \u00e1toltotts\u00e1g n\u00f6vel\u00e9s\u00e9\u00e9rt a munk\u00e1ltat\u00f3k el\u0151\u00edrhatj\u00e1k az olt\u00e1s felv\u00e9tel\u00e9t dolgoz\u00f3iknak. Az \u00e1llami szf\u00e9r\u00e1ban elv\u00e1rt az olt\u00e1s felv\u00e9tele, az \u00f6nkorm\u00e1nyzatokn\u00e1l err\u0151l a polg\u00e1rmesterek d\u00f6nthetnek. A dolgoz\u00f3iknak olt\u00e1st el\u0151\u00edr\u00f3 v\u00e1llalatok a megyei olt\u00e1si munkacsoportokt\u00f3l is k\u00e9rhetnek vakcin\u00e1t, ez esetben az \u00fczemorvosok is elv\u00e9gezhetik az olt\u00e1st &#8211; \u00edrt\u00e1k.<br \/>\n<div class=\"ads-in-post2\"><script async src=\"https:\/\/pagead2.googlesyndication.com\/pagead\/js\/adsbygoogle.js\"><\/script>\r\n<ins class=\"adsbygoogle\"\r\n     style=\"display:block\"\r\n     data-ad-format=\"fluid\"\r\n     data-ad-layout-key=\"-6t+ed+2i-1n-4w\"\r\n     data-ad-client=\"ca-pub-1959107119989764\"\r\n     data-ad-slot=\"4008251320\"><\/ins>\r\n<script>\r\n     (adsbygoogle = window.adsbygoogle || []).push({});\r\n<\/script><\/div>\n    A koronavirus.gov.hu oldal t\u00e9rk\u00e9pe szerint eddig Budapesten (260 972) \u00e9s Pest megy\u00e9ben (202 605) regisztr\u00e1lt\u00e1k a legt\u00f6bb fert\u0151z\u00f6ttet. Ezt k\u00f6veti Borsod-Aba\u00faj-Zempl\u00e9n (83 492), Hajd\u00fa-Bihar (76 421), B\u00e1cs-Kiskun (75 271), Gy\u0151r-Moson-Sopron (75 060) \u00e9s Szabolcs-Szatm\u00e1r-Bereg megye (74 036). A fert\u0151z\u00e9ssel legkev\u00e9sb\u00e9 \u00e9rintett megye tov\u00e1bbra is Tolna (30 019).<br \/>\n    Hat\u00f3s\u00e1gi h\u00e1zi karant\u00e9nban 24 128-an vannak, a mintav\u00e9telek sz\u00e1ma 9 812 780.(MTI)<\/p>\n","protected":false},"excerpt":{"rendered":"<p>Magyarorsz\u00e1gon a beoltottak sz\u00e1ma 6 344 089, k\u00f6z\u00fcl\u00fck 6 082 196-an a m\u00e1sodik, 3 560 753-an pedig m\u00e1r a meger\u0151s\u00edt\u0151, harmadik olt\u00e1st is megkapt\u00e1k. 9717 \u00faj fert\u0151z\u00f6ttet igazoltak, ezzel a j\u00e1rv\u00e1ny kezdete \u00f3ta 1 451 102-re n\u0151tt az azonos\u00edtott fert\u0151z\u00f6ttek sz\u00e1ma. Meghalt 74, t\u00f6bbs\u00e9g\u00e9ben id\u0151s, kr\u00f3nikus beteg, \u00edgy az elhunytak sz\u00e1ma 41 018-ra emelkedett &#8211; &#8230;<\/p>\n","protected":false},"author":1001007,"featured_media":0,"comment_status":"open","ping_status":"open","sticky":false,"template":"","format":"standard","meta":[],"categories":[427],"tags":[],"_links":{"self":[{"href":"https:\/\/gazdasagportal.hu\/index.php\/wp-json\/wp\/v2\/posts\/139353"}],"collection":[{"href":"https:\/\/gazdasagportal.hu\/index.php\/wp-json\/wp\/v2\/posts"}],"about":[{"href":"https:\/\/gazdasagportal.hu\/index.php\/wp-json\/wp\/v2\/types\/post"}],"author":[{"embeddable":true,"href":"https:\/\/gazdasagportal.hu\/index.php\/wp-json\/wp\/v2\/users\/1001007"}],"replies":[{"embeddable":true,"href":"https:\/\/gazdasagportal.hu\/index.php\/wp-json\/wp\/v2\/comments?post=139353"}],"version-history":[{"count":1,"href":"https:\/\/gazdasagportal.hu\/index.php\/wp-json\/wp\/v2\/posts\/139353\/revisions"}],"predecessor-version":[{"id":139354,"href":"https:\/\/gazdasagportal.hu\/index.php\/wp-json\/wp\/v2\/posts\/139353\/revisions\/139354"}],"wp:attachment":[{"href":"https:\/\/gazdasagportal.hu\/index.php\/wp-json\/wp\/v2\/media?parent=139353"}],"wp:term":[{"taxonomy":"category","embeddable":true,"href":"https:\/\/gazdasagportal.hu\/index.php\/wp-json\/wp\/v2\/categories?post=139353"},{"taxonomy":"post_tag","embeddable":true,"href":"https:\/\/gazdasagportal.hu\/index.php\/wp-json\/wp\/v2\/tags?post=139353"}],"curies":[{"name":"wp","href":"https:\/\/api.w.org\/{rel}","templated":true}]}}