{"id":13925,"date":"2013-08-14T13:07:42","date_gmt":"2013-08-14T11:07:42","guid":{"rendered":"http:\/\/stockportal.hu\/?p=13925"},"modified":"2013-08-14T13:07:42","modified_gmt":"2013-08-14T11:07:42","slug":"nincs-mar-recesszioban-az-eu","status":"publish","type":"post","link":"https:\/\/gazdasagportal.hu\/index.php\/nincs-mar-recesszioban-az-eu\/","title":{"rendered":"Nincs m\u00e1r recesszi\u00f3ban az EU"},"content":{"rendered":"<p><strong>Kil\u00e9pett a recesszi\u00f3b\u00f3l az eur\u00f3\u00f6vezet \u00e9s az Eur\u00f3pai Uni\u00f3, miut\u00e1n mindk\u00e9t csoport GDP-je 0,3 sz\u00e1zal\u00e9kkal n\u0151tt a m\u00e1sodik negyed\u00e9vben az el\u0151z\u0151 h\u00e1rom h\u00f3naphoz k\u00e9pest &#8211; k\u00f6z\u00f6lte az Eurostat, az EU statisztikai hivatala szerd\u00e1n el\u0151zetes sz\u00e1mk\u00e9nt.<!--more--><\/strong><\/p>\n<p>\u00c9ves \u00f6sszevet\u00e9sben az eur\u00f3z\u00f3n\u00e1ban 0,7 sz\u00e1zal\u00e9kos, az EU eg\u00e9sz\u00e9ben pedig 0,2 sz\u00e1zal\u00e9kos volt a visszaes\u00e9s a j\u00fanius v\u00e9g\u00e9vel z\u00e1rult h\u00e1rom h\u00f3napban.<br \/>\nAz idei els\u0151 negyed\u00e9vben 0,1 sz\u00e1zal\u00e9k, a tavalyi utols\u00f3 h\u00e1rom h\u00f3napban m\u00e9g 0,5 sz\u00e1zal\u00e9k volt a gazdas\u00e1gi visszaes\u00e9s az EU eg\u00e9sz\u00e9ben, \u00e9s 0,3 sz\u00e1zal\u00e9k, illetve 0,6 sz\u00e1zal\u00e9k a zsugorod\u00e1s az eur\u00f3\u00f6vezetben negyed\u00e9ves szinten.<br \/>\n\u00c9ves \u00f6sszehasonl\u00edt\u00e1sban is javul\u00e1s k\u00f6vetkezett be, m\u00e9rs\u00e9kl\u0151d\u00f6tt a gazdas\u00e1gi zsugorod\u00e1s az EU-ban \u00e9s az eur\u00f3\u00f6vezetben egyar\u00e1nt. Az idei els\u0151 h\u00e1rom h\u00f3napban az egy \u00e9vvel kor\u00e1bbihoz k\u00e9pest az eur\u00f3\u00f6vezeti GDP m\u00e9g 1,1 sz\u00e1zal\u00e9kkal, az EU-ban pedig 0,7 sz\u00e1zal\u00e9kkal esett vissza.<br \/>\nAz Eurostat megjegyezte, hogy az Egyes\u00fclt \u00c1llamok GDP-je az idei m\u00e1sodik negyed\u00e9vben 0,4 sz\u00e1zal\u00e9kkal n\u0151tt negyed\u00e9ves, \u00e9s 1,4 sz\u00e1zal\u00e9kkal \u00e9ves szinten.<br \/>\nA legnagyobb cs\u00f6kken\u00e9st G\u00f6r\u00f6gorsz\u00e1g szenvedte el, ahol a m\u00e1sodik negyed\u00e9vben 4,6 sz\u00e1zal\u00e9kkal volt kisebb a GDP, mint egy \u00e9vvel kor\u00e1bban. A zsugorod\u00e1s nagyobb, 5,6 sz\u00e1zal\u00e9k volt az els\u0151 negyed\u00e9vben.<br \/>\nA legnagyobb n\u00f6veked\u00e9st Lettorsz\u00e1g \u00e9rte el \u00e9ves szinten, 4,3 sz\u00e1zal\u00e9kot, ez ugyanakkor lassul\u00e1s az els\u0151 negyed\u00e9vi 5,6 sz\u00e1zal\u00e9kos b\u0151v\u00fcl\u00e9shez k\u00e9pest.<br \/>\nAz EU hat orsz\u00e1g\u00e1nak m\u00e1sodik negyed\u00e9vi adatai m\u00e9g nem \u00e1llnak rendelkez\u00e9sre.(MTI)<\/p>\n","protected":false},"excerpt":{"rendered":"<p>Kil\u00e9pett a recesszi\u00f3b\u00f3l az eur\u00f3\u00f6vezet \u00e9s az Eur\u00f3pai Uni\u00f3, miut\u00e1n mindk\u00e9t csoport GDP-je 0,3 sz\u00e1zal\u00e9kkal n\u0151tt a m\u00e1sodik negyed\u00e9vben az el\u0151z\u0151 h\u00e1rom h\u00f3naphoz k\u00e9pest &#8211; k\u00f6z\u00f6lte az Eurostat, az EU statisztikai hivatala szerd\u00e1n el\u0151zetes sz\u00e1mk\u00e9nt.<\/p>\n","protected":false},"author":1,"featured_media":0,"comment_status":"open","ping_status":"closed","sticky":false,"template":"","format":"standard","meta":[],"categories":[12],"tags":[],"_links":{"self":[{"href":"https:\/\/gazdasagportal.hu\/index.php\/wp-json\/wp\/v2\/posts\/13925"}],"collection":[{"href":"https:\/\/gazdasagportal.hu\/index.php\/wp-json\/wp\/v2\/posts"}],"about":[{"href":"https:\/\/gazdasagportal.hu\/index.php\/wp-json\/wp\/v2\/types\/post"}],"author":[{"embeddable":true,"href":"https:\/\/gazdasagportal.hu\/index.php\/wp-json\/wp\/v2\/users\/1"}],"replies":[{"embeddable":true,"href":"https:\/\/gazdasagportal.hu\/index.php\/wp-json\/wp\/v2\/comments?post=13925"}],"version-history":[{"count":2,"href":"https:\/\/gazdasagportal.hu\/index.php\/wp-json\/wp\/v2\/posts\/13925\/revisions"}],"predecessor-version":[{"id":13927,"href":"https:\/\/gazdasagportal.hu\/index.php\/wp-json\/wp\/v2\/posts\/13925\/revisions\/13927"}],"wp:attachment":[{"href":"https:\/\/gazdasagportal.hu\/index.php\/wp-json\/wp\/v2\/media?parent=13925"}],"wp:term":[{"taxonomy":"category","embeddable":true,"href":"https:\/\/gazdasagportal.hu\/index.php\/wp-json\/wp\/v2\/categories?post=13925"},{"taxonomy":"post_tag","embeddable":true,"href":"https:\/\/gazdasagportal.hu\/index.php\/wp-json\/wp\/v2\/tags?post=13925"}],"curies":[{"name":"wp","href":"https:\/\/api.w.org\/{rel}","templated":true}]}}