{"id":139239,"date":"2022-01-14T14:17:59","date_gmt":"2022-01-14T13:17:59","guid":{"rendered":"https:\/\/gazdasagportal.hu\/?p=139239"},"modified":"2022-01-14T14:17:59","modified_gmt":"2022-01-14T13:17:59","slug":"varakozason-felul-teljesitett-az-epitoipar-az-elemzok-szerint","status":"publish","type":"post","link":"https:\/\/gazdasagportal.hu\/index.php\/varakozason-felul-teljesitett-az-epitoipar-az-elemzok-szerint\/","title":{"rendered":"V\u00e1rakoz\u00e1son fel\u00fcl teljes\u00edtett az \u00e9p\u00edt\u0151ipar az elemz\u0151k szerint"},"content":{"rendered":"<p><strong>Meghaladta a v\u00e1rakoz\u00e1sokat az \u00e9p\u00edt\u0151ipar novemberi teljes\u00edtm\u00e9nye, kevesebb \u00faj szerz\u0151d\u00e9s mellett is van el\u00e9g megrendel\u00e9s &#8211; reag\u00e1ltak a K\u00f6zponti Statisztikai Hivatal (KSH) p\u00e9nteken k\u00f6z\u00f6lt adataira az MTI-nek nyilatkoz\u00f3 elemz\u0151k.<\/strong><!--more--><\/p>\n<div class=\"ads-in-post2\"><script async src=\"https:\/\/pagead2.googlesyndication.com\/pagead\/js\/adsbygoogle.js\"><\/script>\r\n<ins class=\"adsbygoogle\"\r\n     style=\"display:block\"\r\n     data-ad-format=\"fluid\"\r\n     data-ad-layout-key=\"-6t+ed+2i-1n-4w\"\r\n     data-ad-client=\"ca-pub-1959107119989764\"\r\n     data-ad-slot=\"4008251320\"><\/ins>\r\n<script>\r\n     (adsbygoogle = window.adsbygoogle || []).push({});\r\n<\/script><\/div>\n<p>    Novemberben 12,3 sz\u00e1zal\u00e9kkal, 2021 els\u0151 tizenegy h\u00f3napj\u00e1ban 11,2 sz\u00e1zal\u00e9kkal n\u0151tt az \u00e9p\u00edt\u0151ipar termel\u00e9se az el\u0151z\u0151 \u00e9v azonos id\u0151szak\u00e1hoz k\u00e9pest. Az el\u0151z\u0151 h\u00f3naphoz m\u00e9rve 4,9 sz\u00e1zal\u00e9k a termel\u00e9si volumen emelked\u00e9se a szezon\u00e1lisan \u00e9s munkanaphat\u00e1ssal kiigaz\u00edtott indexek alapj\u00e1n. A megk\u00f6t\u00f6tt \u00faj szerz\u0151d\u00e9sek volumene 50,0 sz\u00e1zal\u00e9kkal cs\u00f6kkent &#8211; jelentette a KSH.<br \/>\n    Az elemz\u0151k a visszafogottabb szerz\u0151d\u00e9s\u00e1llom\u00e1nyt r\u00e9szben az \u00e1llami beruh\u00e1z\u00e1sok cs\u00f6kken\u00e9s\u00e9nek tulajdon\u00edtj\u00e1k. A m\u00e9rs\u00e9kl\u0151d\u00e9s az Sz\u00e1zadv\u00e9g Konjunkt\u00farakutat\u00f3 Zrt. makrogazdas\u00e1gi \u00fczlet\u00e1g\u00e1nak vezet\u0151je szerint indokolt, mert a kereslet ezzel egy\u00fctt is kiemelked\u0151. Reg\u0151s G\u00e1bor hangs\u00falyozta, hogy az \u00e9p\u00edt\u0151ipari termel\u00e9s felfel\u00e9 h\u00fazhatta a gazdas\u00e1gi teljes\u00edtm\u00e9nyt a negyedik negyed\u00e9vben. Az adatok annak ellen\u00e9re kedvez\u0151ek, hogy az \u00e9p\u00edt\u0151ipar az el\u0151z\u0151 \u00e9v azonos id\u0151szak\u00e1ban is j\u00f3l teljes\u00edtett, nem magyar\u00e1zhat\u00f3 teh\u00e1t b\u00e1zishat\u00e1ssal az emelked\u00e9s &#8211; tette hozz\u00e1.<br \/>\n<div class=\"ads-in-post2\"><script async src=\"https:\/\/pagead2.googlesyndication.com\/pagead\/js\/adsbygoogle.js\"><\/script>\r\n<ins class=\"adsbygoogle\"\r\n     style=\"display:block\"\r\n     data-ad-format=\"fluid\"\r\n     data-ad-layout-key=\"-6t+ed+2i-1n-4w\"\r\n     data-ad-client=\"ca-pub-1959107119989764\"\r\n     data-ad-slot=\"4008251320\"><\/ins>\r\n<script>\r\n     (adsbygoogle = window.adsbygoogle || []).push({});\r\n<\/script><\/div>\n    A Takar\u00e9kbank vezet\u0151 elemz\u0151je \u00fagy v\u00e9li, hogy az otthonteremt\u00e9si \u00e9s fel\u00faj\u00edt\u00e1si t\u00e1mogat\u00e1sok kedvez\u0151en hatottak az \u00e9p\u00edt\u0151iparra, \u00e9s visszat\u00e9rni l\u00e1tszanak a magyar piacra a k\u00fclf\u00f6ldi befektet\u0151k is. Horv\u00e1th Andr\u00e1s szerint a keresletet a hitelkamatok emelked\u00e9se f\u00e9kezheti, b\u00e1r ezt a z\u00f6ldhitel r\u00e9szben ellens\u00falyozhatja. Nagyobb kih\u00edv\u00e1snak tartja az alapanyag-ell\u00e1t\u00e1st \u00e9s azok dr\u00e1gul\u00e1s\u00e1t, ami kivitelez\u00e9sek \u00e9s beruh\u00e1z\u00e1sok cs\u00fasz\u00e1s\u00e1t is okozhatja. Az exportkorl\u00e1toz\u00e1s n\u00e9mileg jav\u00edtott a helyzeten, de a kor\u00e1bbi alacsony \u00e1rak v\u00e1rhat\u00f3an nem t\u00e9rnek m\u00e1r vissza &#8211; tette hozz\u00e1. Az elemz\u0151 szerint a neh\u00e9zs\u00e9gek ellen\u00e9re a magyar \u00e9p\u00edt\u0151ipar 2022-ben is j\u00f3 \u00e9vet z\u00e1rhat.(MTI)<\/p>\n","protected":false},"excerpt":{"rendered":"<p>Meghaladta a v\u00e1rakoz\u00e1sokat az \u00e9p\u00edt\u0151ipar novemberi teljes\u00edtm\u00e9nye, kevesebb \u00faj szerz\u0151d\u00e9s mellett is van el\u00e9g megrendel\u00e9s &#8211; reag\u00e1ltak a K\u00f6zponti Statisztikai Hivatal (KSH) p\u00e9nteken k\u00f6z\u00f6lt adataira az MTI-nek nyilatkoz\u00f3 elemz\u0151k.<\/p>\n","protected":false},"author":1001006,"featured_media":0,"comment_status":"open","ping_status":"open","sticky":false,"template":"","format":"standard","meta":[],"categories":[19],"tags":[],"_links":{"self":[{"href":"https:\/\/gazdasagportal.hu\/index.php\/wp-json\/wp\/v2\/posts\/139239"}],"collection":[{"href":"https:\/\/gazdasagportal.hu\/index.php\/wp-json\/wp\/v2\/posts"}],"about":[{"href":"https:\/\/gazdasagportal.hu\/index.php\/wp-json\/wp\/v2\/types\/post"}],"author":[{"embeddable":true,"href":"https:\/\/gazdasagportal.hu\/index.php\/wp-json\/wp\/v2\/users\/1001006"}],"replies":[{"embeddable":true,"href":"https:\/\/gazdasagportal.hu\/index.php\/wp-json\/wp\/v2\/comments?post=139239"}],"version-history":[{"count":1,"href":"https:\/\/gazdasagportal.hu\/index.php\/wp-json\/wp\/v2\/posts\/139239\/revisions"}],"predecessor-version":[{"id":139240,"href":"https:\/\/gazdasagportal.hu\/index.php\/wp-json\/wp\/v2\/posts\/139239\/revisions\/139240"}],"wp:attachment":[{"href":"https:\/\/gazdasagportal.hu\/index.php\/wp-json\/wp\/v2\/media?parent=139239"}],"wp:term":[{"taxonomy":"category","embeddable":true,"href":"https:\/\/gazdasagportal.hu\/index.php\/wp-json\/wp\/v2\/categories?post=139239"},{"taxonomy":"post_tag","embeddable":true,"href":"https:\/\/gazdasagportal.hu\/index.php\/wp-json\/wp\/v2\/tags?post=139239"}],"curies":[{"name":"wp","href":"https:\/\/api.w.org\/{rel}","templated":true}]}}