{"id":139237,"date":"2022-01-14T11:58:16","date_gmt":"2022-01-14T10:58:16","guid":{"rendered":"https:\/\/gazdasagportal.hu\/?p=139237"},"modified":"2022-01-14T11:58:16","modified_gmt":"2022-01-14T10:58:16","slug":"januarban-minden-hetvegen-lesz-oltasi-akcionap","status":"publish","type":"post","link":"https:\/\/gazdasagportal.hu\/index.php\/januarban-minden-hetvegen-lesz-oltasi-akcionap\/","title":{"rendered":"Janu\u00e1rban minden h\u00e9tv\u00e9g\u00e9n lesz olt\u00e1si akci\u00f3nap"},"content":{"rendered":"<p><strong>Janu\u00e1rban minden h\u00e9tv\u00e9g\u00e9n lesz olt\u00e1si akci\u00f3nap &#8211; k\u00f6z\u00f6lte a Kossuth r\u00e1di\u00f3 J\u00f3 reggelt, Magyarorsz\u00e1g! c\u00edm\u0171 m\u0171sor\u00e1ban p\u00e9nteken a minisztereln\u00f6k.<\/strong><!--more--><\/p>\n<div class=\"ads-in-post2\"><script async src=\"https:\/\/pagead2.googlesyndication.com\/pagead\/js\/adsbygoogle.js\"><\/script>\r\n<ins class=\"adsbygoogle\"\r\n     style=\"display:block\"\r\n     data-ad-format=\"fluid\"\r\n     data-ad-layout-key=\"-6t+ed+2i-1n-4w\"\r\n     data-ad-client=\"ca-pub-1959107119989764\"\r\n     data-ad-slot=\"4008251320\"><\/ins>\r\n<script>\r\n     (adsbygoogle = window.adsbygoogle || []).push({});\r\n<\/script><\/div>\n<p>    Orb\u00e1n Viktor jelezte: cs\u00fct\u00f6rt\u00f6k\u00f6n, p\u00e9nteken \u00e9s szombaton lehet id\u0151pontfoglal\u00e1s n\u00e9lk\u00fcl felvenni az olt\u00e1st a k\u00f3rh\u00e1zi olt\u00f3pontokon \u00e9s a j\u00e1r\u00e1sk\u00f6zponti szakrendel\u0151kben. Cs\u00fct\u00f6rt\u00f6k\u00f6n \u00e9s p\u00e9nteken 14 \u00e9s 18 \u00f3ra k\u00f6z\u00f6tt, szombaton pedig 10 \u00e9s 18 \u00f3ra k\u00f6z\u00f6tt van erre lehet\u0151s\u00e9g, tov\u00e1bb\u00e1 a h\u00e1ziorvosok is fognak tartani valamelyik h\u00e9tv\u00e9gi napon, a szok\u00e1sos rendel\u00e9sen t\u00fal olt\u00e1st &#8211; tette hozz\u00e1.<br \/>\n    A korm\u00e1nyf\u0151 hangs\u00falyozta: az \u00e1llam, a k\u00f6zigazgat\u00e1s, az eg\u00e9szs\u00e9g\u00fcgyi rendszer k\u00e9szen \u00e1ll arra, hogy mindenkit beoltsanak; k\u00e9tmilli\u00f3n\u00e1l t\u00f6bb Pfizer- \u00e9s 700 ezer Moderna-vakcina \u00e1ll rendelkez\u00e9sre.<br \/>\n    Kifejtette: az \u00faj vari\u00e1ns, az omikron minden orvosszak\u00e9rt\u0151 szerint gyeng\u00e9bb, mint az el\u0151z\u0151, a delta, de ez nem jelenti azt, hogy nem kellene v\u00e9dekezn\u00fcnk. Hozz\u00e1tette: &#8222;van a kez\u00fcnkben egy adu\u00e1sz&#8221;, amely mindk\u00e9t vari\u00e1ns ellen j\u00f3, az olt\u00e1s.<br \/>\n    A minisztereln\u00f6k mindenkit arra biztatott, hogy vegye fel az olt\u00e1st, &#8222;ha kett\u0151t vett f\u00f6l, vegye f\u00f6l a harmadikat&#8221;, a sz\u00fcl\u0151k pedig fontolj\u00e1k meg a gyermekek beoltat\u00e1s\u00e1t.<br \/>\n<div class=\"ads-in-post2\"><script async src=\"https:\/\/pagead2.googlesyndication.com\/pagead\/js\/adsbygoogle.js\"><\/script>\r\n<ins class=\"adsbygoogle\"\r\n     style=\"display:block\"\r\n     data-ad-format=\"fluid\"\r\n     data-ad-layout-key=\"-6t+ed+2i-1n-4w\"\r\n     data-ad-client=\"ca-pub-1959107119989764\"\r\n     data-ad-slot=\"4008251320\"><\/ins>\r\n<script>\r\n     (adsbygoogle = window.adsbygoogle || []).push({});\r\n<\/script><\/div>\n    Megjegyezte: a karant\u00e9n hossza t\u00edz napr\u00f3l h\u00e9tre cs\u00f6kken, negat\u00edv teszttel pedig \u00f6t nap ut\u00e1n elhagyhat\u00f3.<br \/>\n    Kit\u00e9rt arra is, hogy febru\u00e1r 15. ut\u00e1n m\u00e1r csak olt\u00e1s alapj\u00e1n j\u00e1r a v\u00e9detts\u00e9gi igazolv\u00e1ny, a v\u00e9detts\u00e9gi igazolv\u00e1nyb\u00f3l teh\u00e1t olt\u00e1si igazolv\u00e1ny lesz.<br \/>\n    Kiemelte: a szakemberek azt javasolt\u00e1k a korm\u00e1nynak, hogy t\u00e1mogassa a negyedik olt\u00e1s felv\u00e9tel\u00e9t, ezt a h\u00e1ziorvos\u00e1val folytatott konzult\u00e1ci\u00f3 ut\u00e1n b\u00e1rki megteheti.<br \/>\n    Orb\u00e1n Viktor mindenkit a vakcina felv\u00e9tel\u00e9re biztatva arr\u00f3l besz\u00e9lt, hogy m\u00e1r a harmadik olt\u00e1s nagyon er\u0151sen n\u00f6veli a v\u00e9detts\u00e9get, ut\u00e1na pedig n\u00e9gy h\u00f3nappal lehet, hat h\u00f3nappal pedig javasolt a negyedik d\u00f3zis beadat\u00e1sa.<br \/>\n    Megeml\u00edtette: a tavalyi &#8222;m\u00e1r majdnem olyan kar\u00e1csony volt, amilyet elk\u00e9pzel az ember&#8221;, hiszen itt volt ugyan a v\u00edrus \u00e1rny\u00e9ka, de m\u00e1r \u00f6sszej\u00f6hettek a csal\u00e1dok. Hozz\u00e1tette: m\u00e9g nem \u00e9rezhetj\u00fck \u00fagy, hogy t\u00fal vagyunk a j\u00e1rv\u00e1nyon.<br \/>\n    A korm\u00e1nyf\u0151 kijelentette: fantasztikusak a hazai k\u00f3rh\u00e1zi, k\u00fcl\u00f6n\u00f6sen a hum\u00e1nkapacit\u00e1sok, hozz\u00e1t\u00e9ve, hogy a legfrissebb jelent\u00e9s szerint koronav\u00edrus-fert\u0151z\u00e9s miatt 243-an vannak invaz\u00edv l\u00e9legeztet\u0151g\u00e9pen, 2611-en k\u00f3rh\u00e1zban.<br \/>\n    Az ut\u00f3bbi adattal kapcsolatban megeml\u00edtette, hogy &#8222;volt m\u00e1r ez a sz\u00e1m t\u00edzezer f\u00f6l\u00f6tt is&#8221;, r\u00e1ad\u00e1sul sz\u00fcks\u00e9g eset\u00e9n ann\u00e1l is j\u00f3val t\u00f6bb k\u00f3rh\u00e1zi \u00e1gy \u00e1ll rendelkez\u00e9sre.<br \/>\n<div class=\"ads-in-post2\"><script async src=\"https:\/\/pagead2.googlesyndication.com\/pagead\/js\/adsbygoogle.js\"><\/script>\r\n<ins class=\"adsbygoogle\"\r\n     style=\"display:block\"\r\n     data-ad-format=\"fluid\"\r\n     data-ad-layout-key=\"-6t+ed+2i-1n-4w\"\r\n     data-ad-client=\"ca-pub-1959107119989764\"\r\n     data-ad-slot=\"4008251320\"><\/ins>\r\n<script>\r\n     (adsbygoogle = window.adsbygoogle || []).push({});\r\n<\/script><\/div>\n    A minisztereln\u00f6k arr\u00f3l is besz\u00e9lt, hogy olyan infl\u00e1ci\u00f3 van jelenleg eg\u00e9sz Eur\u00f3p\u00e1ban, amely elt\u00e9r\u00edti a gazdas\u00e1got a norm\u00e1lis m\u0171k\u00f6d\u00e9st\u0151l, \u00e9s j\u00f3 volna ugyan az infl\u00e1ci\u00f3t meg\u00e1ll\u00edtani az orsz\u00e1ghat\u00e1rokon, de ez nem lehets\u00e9ges, ez\u00e9rt az infl\u00e1ci\u00f3 negat\u00edv hat\u00e1sainak tomp\u00edt\u00e1s\u00e1t kell c\u00e9lul kit\u0171zni. K\u00e9t ir\u00e1nyba kell v\u00e9dekezni: az egyik a b\u00e9rek, nyugd\u00edjak emel\u00e9se, a m\u00e1sik, hogy ahol lehets\u00e9ges, megfogj\u00e1k az \u00e1rak emelked\u00e9s\u00e9t &#8211; k\u00f6z\u00f6lte.<br \/>\n    Eml\u00e9keztetett: a korm\u00e1ny bevezette a rezsics\u00f6kkent\u00e9st, meg\u00e1ll\u00edtotta az \u00fczemanyag\u00e1rak emelked\u00e9s\u00e9t \u00e9s kamatstopot l\u00e9ptetett \u00e9letbe. Mivel n\u0151nek az \u00e9lelmiszer\u00e1rak, el\u0151\u00edrj\u00e1k, hogy okt\u00f3ber 15-ei szinten kell r\u00f6gz\u00edteni alapvet\u0151 \u00e9lelmiszerek \u00e1r\u00e1t, \u00e9s ezekb\u0151l az \u00e1rukb\u00f3l mindig kell lenni a polcon, ezt ellen\u0151rizni is fogj\u00e1k &#8211; k\u00f6z\u00f6lte. Hozz\u00e1tette: rem\u00e9lhet\u0151leg mire a kit\u0171z\u00f6tt 90 napos id\u0151szak letelik, addigra az eur\u00f3pai infl\u00e1ci\u00f3 szintje is lejjebb megy.<br \/>\n    Orb\u00e1n Viktor azt mondta: nem tudni, Br\u00fcsszel mit fog tenni, &#8222;mert ott nem a j\u00f3zan \u00e9sz az uralkod\u00f3 ir\u00e1nyzat, hanem sokkal ink\u00e1bb a piaci dogm\u00e1k&#8221;, amelyek \u00e9rv\u00e9nyess\u00e9g\u00e9t \u0151 sok tekintetben elfogadja, de a kiz\u00e1r\u00f3lagoss\u00e1gukat nem. A korm\u00e1nynak nemcsak piaci szempontokat kell k\u00e9pviselni, hanem nemzeti, \u00f6sszn\u00e9pi, t\u00e1rsadalmi szempontokat is, &#8222;nek\u00fcnk a csal\u00e1dok biztons\u00e1ga az els\u0151&#8221; &#8211; jelentette ki. Hozz\u00e1f\u0171zte: &#8222;nek\u00fcnk a csal\u00e1dokat kell v\u00e9deni, \u00e9s nem t\u00e1rhatjuk sz\u00e9t a kez\u00fcnket, ha valami rossz dolog zajlik a piacon, mondv\u00e1n, hogy h\u00e1t ilyen a piacgazdas\u00e1g&#8221;, hanem meg kell pr\u00f3b\u00e1lni beavatkozni.<br \/>\n    K\u00f6z\u00f6lte: Br\u00fcsszelben nem \u00edgy gondolj\u00e1k, \u00e9s felk\u00e9sz\u00fclt arra, hogy meg kell v\u00e9deni ezt az int\u00e9zked\u00e9st.<br \/>\n    Eml\u00e9keztetett: az alapvet\u0151 \u00e9lelmiszerek \u00e1f\u00e1j\u00e1t m\u00e1r levitt\u00e9k \u00f6t sz\u00e1zal\u00e9kra, azonban ezt a baloldal nem szavazta meg.<br \/>\n<div class=\"ads-in-post2\"><script async src=\"https:\/\/pagead2.googlesyndication.com\/pagead\/js\/adsbygoogle.js\"><\/script>\r\n<ins class=\"adsbygoogle\"\r\n     style=\"display:block\"\r\n     data-ad-format=\"fluid\"\r\n     data-ad-layout-key=\"-6t+ed+2i-1n-4w\"\r\n     data-ad-client=\"ca-pub-1959107119989764\"\r\n     data-ad-slot=\"4008251320\"><\/ins>\r\n<script>\r\n     (adsbygoogle = window.adsbygoogle || []).push({});\r\n<\/script><\/div>\n    \u00dagy v\u00e9lte, &#8222;Br\u00fcsszelben abban hisznek, hogy a legt\u00f6bb \u00e9sz ott van&#8221;, azt gondolj\u00e1k, Br\u00fcsszel &#8222;egy birodalmi k\u00f6zpont, Eur\u00f3pa politikai f\u0151v\u00e1rosa&#8221;, a legt\u00f6bb tud\u00e1s ott gy\u0171lik \u00f6ssze, teh\u00e1t azt hiszik, meg is mondhatj\u00e1k, hogy hol kinek mit kellene csin\u00e1lnia. Azonban &#8222;a mi f\u00f6lfog\u00e1sunk nem ilyen&#8221; &#8211; f\u0171zte hozz\u00e1.<br \/>\n    Azt mondta: lesznek t\u00e1mad\u00e1sok a csal\u00e1dokat v\u00e9d\u0151 int\u00e9zked\u00e9sek miatt Br\u00fcsszelb\u0151l, de ezeket ki tudj\u00e1k v\u00e9deni, mert vannak eur\u00f3pai jogszab\u00e1lyok, &#8222;amelyek a mi jogainkat is garant\u00e1lj\u00e1k&#8221;, \u00e9s az elm\u00falt id\u0151szakban, &#8222;t\u00edz-egyn\u00e9h\u00e1ny \u00e9vben a magyarok bebizony\u00edtott\u00e1k, hogy nem vagyunk gy\u00e1v\u00e1k, nem sz\u00e1ll inunkba a b\u00e1tors\u00e1gunk, ki\u00e1llunk a g\u00e1tra \u00e9s megv\u00e9dj\u00fck a saj\u00e1t \u00e9rdekeinket; itt is ez lesz majd&#8221;.<br \/>\n    Hangs\u00falyozta: Magyarorsz\u00e1g szabad orsz\u00e1g, ahol a feln\u0151ttek maguk v\u00e1laszthatj\u00e1k meg \u00e9letform\u00e1jukat, \u00e1m el kell ismerni a sz\u00fcl\u0151k azon jog\u00e1t, hogy \u0151k mondj\u00e1k meg, hogyan akarj\u00e1k nevelni gyermek\u00fcket, p\u00e9ld\u00e1ul olyan \u00e9rz\u00e9keny k\u00e9rd\u00e9sben, mint a szexualit\u00e1s.<br \/>\n    N\u00e9metorsz\u00e1g civiliz\u00e1lt \u00e1llam, m\u00e9gis ott bukott le nemr\u00e9g egy t\u00f6bb sz\u00e1z f\u0151s pedofil h\u00e1l\u00f3zat &#8211; eml\u00edtette meg Orb\u00e1n Viktor, hozz\u00e1t\u00e9ve, hogy az ilyen k\u00e9rd\u00e9seket a magyar t\u00f6rv\u00e9nyek j\u00f3l kezelik.(MTI)<\/p>\n","protected":false},"excerpt":{"rendered":"<p>Janu\u00e1rban minden h\u00e9tv\u00e9g\u00e9n lesz olt\u00e1si akci\u00f3nap &#8211; k\u00f6z\u00f6lte a Kossuth r\u00e1di\u00f3 J\u00f3 reggelt, Magyarorsz\u00e1g! c\u00edm\u0171 m\u0171sor\u00e1ban p\u00e9nteken a minisztereln\u00f6k.<\/p>\n","protected":false},"author":1001006,"featured_media":0,"comment_status":"open","ping_status":"open","sticky":false,"template":"","format":"standard","meta":[],"categories":[427],"tags":[],"_links":{"self":[{"href":"https:\/\/gazdasagportal.hu\/index.php\/wp-json\/wp\/v2\/posts\/139237"}],"collection":[{"href":"https:\/\/gazdasagportal.hu\/index.php\/wp-json\/wp\/v2\/posts"}],"about":[{"href":"https:\/\/gazdasagportal.hu\/index.php\/wp-json\/wp\/v2\/types\/post"}],"author":[{"embeddable":true,"href":"https:\/\/gazdasagportal.hu\/index.php\/wp-json\/wp\/v2\/users\/1001006"}],"replies":[{"embeddable":true,"href":"https:\/\/gazdasagportal.hu\/index.php\/wp-json\/wp\/v2\/comments?post=139237"}],"version-history":[{"count":1,"href":"https:\/\/gazdasagportal.hu\/index.php\/wp-json\/wp\/v2\/posts\/139237\/revisions"}],"predecessor-version":[{"id":139238,"href":"https:\/\/gazdasagportal.hu\/index.php\/wp-json\/wp\/v2\/posts\/139237\/revisions\/139238"}],"wp:attachment":[{"href":"https:\/\/gazdasagportal.hu\/index.php\/wp-json\/wp\/v2\/media?parent=139237"}],"wp:term":[{"taxonomy":"category","embeddable":true,"href":"https:\/\/gazdasagportal.hu\/index.php\/wp-json\/wp\/v2\/categories?post=139237"},{"taxonomy":"post_tag","embeddable":true,"href":"https:\/\/gazdasagportal.hu\/index.php\/wp-json\/wp\/v2\/tags?post=139237"}],"curies":[{"name":"wp","href":"https:\/\/api.w.org\/{rel}","templated":true}]}}