{"id":139191,"date":"2022-01-10T15:16:40","date_gmt":"2022-01-10T14:16:40","guid":{"rendered":"https:\/\/gazdasagportal.hu\/?p=139191"},"modified":"2022-01-10T15:16:40","modified_gmt":"2022-01-10T14:16:40","slug":"lendulet-az-evkezdeshez-6-gb-extra-mobilnet-a-telekom-kkv-ugyfeleinek-a-digitalis-elkepzelesekhez","status":"publish","type":"post","link":"https:\/\/gazdasagportal.hu\/index.php\/lendulet-az-evkezdeshez-6-gb-extra-mobilnet-a-telekom-kkv-ugyfeleinek-a-digitalis-elkepzelesekhez\/","title":{"rendered":"Lend\u00fclet az \u00e9vkezd\u00e9shez: 6 gb extra mobilnet a telekom kkv \u00fcgyfeleinek a digit\u00e1lis elk\u00e9pzel\u00e9sekhez"},"content":{"rendered":"<p><strong>Ahogy a mag\u00e1n\u00e9letben, az \u00fczleti \u00e9letben is el\u0151t\u00e9rbe ker\u00fclnek az \u00e9v els\u0151 napjaiban az \u00faj\u00e9vi fogadalmak: a Telekom most d\u00edjmentes extra mobilnettel seg\u00edti a v\u00e1llalkoz\u00e1sok \u00faj\u00e9vi elhat\u00e1roz\u00e1sainak megval\u00f3s\u00edt\u00e1s\u00e1t, digit\u00e1lis c\u00e9ljainak el\u00e9r\u00e9s\u00e9t. <\/strong><\/p>\n<p>A Telekom KKV \u00fcgyfeleinek 2021-es \u00e1tlagos havi mobiladathaszn\u00e1lata az el\u0151z\u0151 \u00e9vhez k\u00e9pest 44%-os n\u00f6veked\u00e9st mutat: a k\u00fcls\u0151 k\u00f6rnyezet v\u00e1ltoz\u00e1s\u00e1ra a v\u00e1llalkoz\u00e1sok egyre ink\u00e1bb felismert\u00e9k a digit\u00e1lis megold\u00e1sok haszn\u00e1lat\u00e1nak el\u0151nyeit, amely sokak sz\u00e1m\u00e1ra biztos\u00edtotta az \u00fczletmenet folytonoss\u00e1g\u00e1t. Az elm\u00falt id\u0151szak adatai azt mutatj\u00e1k, hogy a Telekom KKV \u00fcgyfeleinek k\u00f6zel 90%-a rendelkezik minimum 1 GB-os adatkerettel, \u00e9s a m\u00falt \u00e9vben 12%-kal n\u0151tt a Telekom azon kis- \u00e9s k\u00f6z\u00e9pv\u00e1llalkoz\u00f3i \u00fcgyfeleinek sz\u00e1ma, akik 1 GB-n\u00e1l t\u00f6bb mobilnetet forgalmaztak. Tapasztalataink alapj\u00e1n a felh\u0151-, videokonferencia-, valamint irodai rendszerekhez kapcsol\u00f3d\u00f3 alkalmaz\u00e1sok haszn\u00e1lata n\u0151tt legink\u00e1bb 2021-ben a kis-\u00e9s k\u00f6z\u00e9pv\u00e1llalkoz\u00e1sok k\u00f6r\u00e9ben.<\/p>\n<p>A megn\u00f6vekedett adathaszn\u00e1lat \u00f6sszef\u00fcgg a fogyaszt\u00f3i elv\u00e1r\u00e1sokkal is: egyre ink\u00e1bb alapelv\u00e1r\u00e1s, hogy egy v\u00e1llalkoz\u00e1s a digit\u00e1lis t\u00e9rben akt\u00edvan jelen legyen, \u00edgy van l\u00e9tjogosults\u00e1ga a digit\u00e1lis elk\u00e9pzel\u00e9seknek \u2013 \u00faj \u00e9v l\u00e9v\u00e9n pedig a fogadalmaknak &#8211; tov\u00e1bbra is.<\/p><div id=\"gazda-3357551977\" class=\"gazda-tartalomban gazda-entity-placement\"><script async src=\"https:\/\/pagead2.googlesyndication.com\/pagead\/js\/adsbygoogle.js\"><\/script>\r\n<ins class=\"adsbygoogle\"\r\n     style=\"display:block\"\r\n     data-ad-format=\"fluid\"\r\n     data-ad-layout-key=\"-6t+ed+2i-1n-4w\"\r\n     data-ad-client=\"ca-pub-1959107119989764\"\r\n     data-ad-slot=\"4008251320\"><\/ins>\r\n<script>\r\n     (adsbygoogle = window.adsbygoogle || []).push({});\r\n<\/script><\/div>\n<p>A Telekom megb\u00edz\u00e1s\u00e1b\u00f3l, az NRC Kutat\u00f3c\u00e9g \u00e1ltal k\u00e9sz\u00edtett <a href=\"https:\/\/www.telekom.hu\/rolunk\/sajtoszoba\/sajtokozlemenyek\/2020\/oktober_20_2\" target=\"_blank\" rel=\"noopener\">V\u00e1llalkoz\u00e1sok a neten kutat\u00e1s\u00e1b\u00f3l<\/a>* egy\u00e9rtelm\u0171en l\u00e1tszik, hogy a vev\u0151k nagyra \u00e9rt\u00e9kelik az online foglal\u00e1s lehet\u0151s\u00e9geit, ha m\u00e1r el\u0151re l\u00e1tj\u00e1k \u00e9s tervezni tudnak az \u00e1rakkal, ha k\u00edv\u00e1ncsiak a v\u00e9lem\u00e9ny\u00fckre, \u00e9s ak\u00e1r egy \u00f3r\u00e1n bel\u00fcl v\u00e1laszt kapnak online feltett k\u00e9rd\u00e9seikre. A v\u00e1llalkoz\u00e1sok digit\u00e1lis felk\u00e9sz\u00fclts\u00e9ge olyan elv\u00e1r\u00e1ss\u00e1 v\u00e1lt a fogyaszt\u00f3k r\u00e9sz\u00e9r\u0151l, amely alapfelt\u00e9tele lehet a tart\u00f3s sikernek: ahogy a fent eml\u00edtett kutat\u00e1s is mutatja, a v\u00e1s\u00e1rl\u00f3k, a fogyaszt\u00f3k sz\u00e1m\u00e1ra elv\u00e1r\u00e1s az online el\u00e9r\u00e9s lehet\u0151s\u00e9ge, \u00e9s a t\u00f6bbs\u00e9g akkor is ragaszkodik hozz\u00e1, amikor m\u00e1r nem g\u00e1tolj\u00e1k k\u00fcl\u00f6nf\u00e9le korl\u00e1toz\u00e1sok a szem\u00e9lyes kontaktusokat.<\/p>\n<p>A Telekom c\u00e9lja, hogy az \u00e9ves megn\u00f6vekedett \u00fczleti adatfelehaszn\u00e1l\u00e1st figyelembev\u00e9ve, \u00e9s a v\u00e1llalkoz\u00e1sok fogyaszt\u00f3i ig\u00e9nyekhez val\u00f3 alkalmazkod\u00e1s\u00e1t seg\u00edtve extra mobilinternettel t\u00e1mogassa KKV \u00fcgyfeleit a digit\u00e1lis c\u00e9ljaik el\u00e9r\u00e9s\u00e9ben, \u00edgy 2022. janu\u00e1r 15-t\u0151l majd egy h\u00f3napon kereszt\u00fcl a c\u00e9g az \u00fczleti mobil szolg\u00e1ltat\u00e1sait ig\u00e9nybe vev\u0151 valamennyi KKV felhaszn\u00e1l\u00f3 sz\u00e1m\u00e1ra d\u00edjmentesen biztos\u00edt 6 GB mobiladat-keretet v\u00e1llalkoz\u00e1suk tov\u00e1bbi digit\u00e1lis fejleszt\u00e9s\u00e9hez. A plusz mobilinternet b\u00e1rmilyen digit\u00e1lis fejleszt\u00e9st, terv megval\u00f3sul\u00e1s\u00e1t el\u0151seg\u00edtheti, legyen sz\u00f3 ak\u00e1r egy \u00faj webshopr\u00f3l, vagy tudatosabb online jelenl\u00e9tr\u0151l, vagy a hibrid munkav\u00e9gz\u00e9sr\u0151l vagy \u00e9pp az id\u0151gazd\u00e1lkod\u00e1sr\u00f3l, b\u00e1rmir\u0151l, amely egy v\u00e1llalkoz\u00e1s m\u0171k\u00f6d\u00e9s\u00e9t hat\u00e9konyabb\u00e1, jobb\u00e1 teheti a 2022-es \u00e9vben. \u00c9s mivel az \u00fczlet nem ismer hat\u00e1rokat, ez\u00e9rt a d\u00edjmentes adatmennyis\u00e9g Magyarorsz\u00e1gon k\u00edv\u00fcl, az EU-tag\u00e1llamokban is felhaszn\u00e1lhat\u00f3.\u00a0 Az aj\u00e1nlat r\u00e9szletei itt tal\u00e1lhat\u00f3k:<\/p>\n<p><a href=\"http:\/\/www.telekom.hu\/ujeviajanlat\" target=\"_blank\" rel=\"noopener\">www.telekom.hu\/ujeviajanlat<\/a><\/p>\n<p>&nbsp;<\/p>\n<p>A d\u00edjmentes 6 GB mobilnet felhaszn\u00e1l\u00e1s\u00e1hoz bennefoglalt adatmennyis\u00e9get tartalmaz\u00f3 akt\u00edv \u00fczleti mobilinternet szolg\u00e1ltat\u00e1s, \u00e9s az EU-ban t\u00f6rt\u00e9n\u0151 felhaszn\u00e1l\u00e1s\u00e1hoz pedig akt\u00edv roamingszolg\u00e1ltat\u00e1s sz\u00fcks\u00e9ges.<\/p>\n<p>Az \u00e9rintett \u00fcgyfeleknek a kedvezm\u00e9ny ig\u00e9nybev\u00e9tel\u00e9vel kapcsolatban nincs teend\u0151j\u00fck: a Telekom SMS-ben \u00e9rtes\u00edti \u0151ket az adatmennyis\u00e9g rendelkez\u00e9sre \u00e1ll\u00e1s\u00e1r\u00f3l, \u00e9s automatikusan \u00e9les\u00edti a hozz\u00e1f\u00e9r\u00e9st. Ez a gyakorlatban azt jelenti, hogy az aj\u00e1nlat ideje alatt, 2022. janu\u00e1r 15. \u00e9s febru\u00e1r 13. k\u00f6z\u00f6tt az \u00fcgyfelek adatforgalma el\u0151sz\u00f6r a 6 GB-os d\u00edjmentes keretet haszn\u00e1lja fel \u2013 itthon, illetve az EU ter\u00fclet\u00e9n egyar\u00e1nt -, \u00e9s csak ennek elfogy\u00e1sa ut\u00e1n t\u00e9r \u00e1t az el\u0151fizet\u00e9sben szerepl\u0151 adatcsomagra. A mobilinternet egyenleg a kor\u00e1bban megszokott m\u00f3don, a Telekom alkalmaz\u00e1sban ellen\u0151rizhet\u0151.<\/p>\n<p><em>A Telekom kiemelt c\u00e9lj\u00e1nak tekinti a v\u00e1llalkoz\u00e1sok digit\u00e1lis el\u0151rel\u00e9p\u00e9s\u00e9nek t\u00e1mogat\u00e1s\u00e1t, ez\u00e9rt szeretn\u00e9nk most is seg\u00edteni \u0151ket abban, hogy a digit\u00e1lis eszk\u00f6z\u00f6k \u00e9s lehet\u0151s\u00e9gek haszn\u00e1lat\u00e1val m\u00e9g hat\u00e9konyabban tudjanak m\u0171k\u00f6dni. <\/em><em>Aj\u00e1nlatunkkal szeretn\u00e9nk t\u00e1mogatni \u00fczleti \u00fcgyfeleink elk\u00e9pzel\u00e9seinek megval\u00f3sul\u00e1s\u00e1t, l\u00f6k\u00e9st adva a v\u00e1llalkoz\u00e1sok tov\u00e1bbi digit\u00e1lis fejleszt\u00e9seinek azzal, hogy most d\u00edjmentesen extra mobiladatmennyis\u00e9get adunk sz\u00e1mukra<\/em><em> \u2013 mondta Iski Istv\u00e1n, a Telekom SoHo-SMB Experience Unit vezet\u0151je.<\/em><\/p>\n<p><em>\u00a0<\/em><strong>\u00a0<\/strong><\/p>\n<p><strong>*<em>A 800 f\u0151s \u2013 a magyar internetez\u0151kre nem, kor, v\u00e9gzetts\u00e9g \u00e9s lak\u00f3helyt\u00edpus szerint reprezentat\u00edv \u2013 kutat\u00e1sban 18-65 \u00e9v k\u00f6z\u00f6ttieket k\u00e9rdeztek meg online k\u00e9rd\u0151\u00edves m\u00f3dszerrel. <\/em><\/strong><\/p>\n","protected":false},"excerpt":{"rendered":"<p>Ahogy a mag\u00e1n\u00e9letben, az \u00fczleti \u00e9letben is el\u0151t\u00e9rbe ker\u00fclnek az \u00e9v els\u0151 napjaiban az \u00faj\u00e9vi fogadalmak: a Telekom most d\u00edjmentes extra mobilnettel seg\u00edti a v\u00e1llalkoz\u00e1sok \u00faj\u00e9vi elhat\u00e1roz\u00e1sainak megval\u00f3s\u00edt\u00e1s\u00e1t, digit\u00e1lis c\u00e9ljainak el\u00e9r\u00e9s\u00e9t. A Telekom KKV \u00fcgyfeleinek 2021-es \u00e1tlagos havi mobiladathaszn\u00e1lata az el\u0151z\u0151 \u00e9vhez k\u00e9pest 44%-os n\u00f6veked\u00e9st mutat: a k\u00fcls\u0151 k\u00f6rnyezet v\u00e1ltoz\u00e1s\u00e1ra a v\u00e1llalkoz\u00e1sok egyre ink\u00e1bb felismert\u00e9k &#8230;<\/p>\n","protected":false},"author":1001006,"featured_media":0,"comment_status":"open","ping_status":"open","sticky":false,"template":"","format":"standard","meta":[],"categories":[19],"tags":[],"_links":{"self":[{"href":"https:\/\/gazdasagportal.hu\/index.php\/wp-json\/wp\/v2\/posts\/139191"}],"collection":[{"href":"https:\/\/gazdasagportal.hu\/index.php\/wp-json\/wp\/v2\/posts"}],"about":[{"href":"https:\/\/gazdasagportal.hu\/index.php\/wp-json\/wp\/v2\/types\/post"}],"author":[{"embeddable":true,"href":"https:\/\/gazdasagportal.hu\/index.php\/wp-json\/wp\/v2\/users\/1001006"}],"replies":[{"embeddable":true,"href":"https:\/\/gazdasagportal.hu\/index.php\/wp-json\/wp\/v2\/comments?post=139191"}],"version-history":[{"count":1,"href":"https:\/\/gazdasagportal.hu\/index.php\/wp-json\/wp\/v2\/posts\/139191\/revisions"}],"predecessor-version":[{"id":139192,"href":"https:\/\/gazdasagportal.hu\/index.php\/wp-json\/wp\/v2\/posts\/139191\/revisions\/139192"}],"wp:attachment":[{"href":"https:\/\/gazdasagportal.hu\/index.php\/wp-json\/wp\/v2\/media?parent=139191"}],"wp:term":[{"taxonomy":"category","embeddable":true,"href":"https:\/\/gazdasagportal.hu\/index.php\/wp-json\/wp\/v2\/categories?post=139191"},{"taxonomy":"post_tag","embeddable":true,"href":"https:\/\/gazdasagportal.hu\/index.php\/wp-json\/wp\/v2\/tags?post=139191"}],"curies":[{"name":"wp","href":"https:\/\/api.w.org\/{rel}","templated":true}]}}