{"id":139126,"date":"2022-01-05T14:55:29","date_gmt":"2022-01-05T13:55:29","guid":{"rendered":"https:\/\/gazdasagportal.hu\/?p=139126"},"modified":"2022-01-05T14:55:29","modified_gmt":"2022-01-05T13:55:29","slug":"koronavirus-jelentosen-megugrott-a-fertozottek-szama-a-nyugat-balkanon-a-szilveszteri-mulatsagok-utan","status":"publish","type":"post","link":"https:\/\/gazdasagportal.hu\/index.php\/koronavirus-jelentosen-megugrott-a-fertozottek-szama-a-nyugat-balkanon-a-szilveszteri-mulatsagok-utan\/","title":{"rendered":"Koronav\u00edrus &#8211; Jelent\u0151sen megugrott a fert\u0151z\u00f6ttek sz\u00e1ma a Nyugat-Balk\u00e1non a szilveszteri mulats\u00e1gok ut\u00e1n"},"content":{"rendered":"<p><strong>Az \u00faj \u00e9v els\u0151 napjaiban jelent\u0151sen megugrott az \u00fajonnan regisztr\u00e1lt koronav\u00edrus-fert\u0151z\u00f6ttek sz\u00e1ma a nyugat-balk\u00e1ni orsz\u00e1gokban, m\u00edg egy h\u00e9ttel ezel\u0151tt a t\u00e9rs\u00e9gben 24 \u00f3ra alatt 3953 \u00faj fert\u0151z\u00f6ttet azonos\u00edtottak, szerd\u00e1ra 9576-ot vettek nyilv\u00e1ntart\u00e1sba.<\/strong><!--more--><\/p>\n<div class=\"ads-in-post2\"><script async src=\"https:\/\/pagead2.googlesyndication.com\/pagead\/js\/adsbygoogle.js\"><\/script>\r\n<ins class=\"adsbygoogle\"\r\n     style=\"display:block\"\r\n     data-ad-format=\"fluid\"\r\n     data-ad-layout-key=\"-6t+ed+2i-1n-4w\"\r\n     data-ad-client=\"ca-pub-1959107119989764\"\r\n     data-ad-slot=\"4008251320\"><\/ins>\r\n<script>\r\n     (adsbygoogle = window.adsbygoogle || []).push({});\r\n<\/script><\/div>\n<p>    A szerbiai k\u00f6zszolg\u00e1lati telev\u00edzi\u00f3 reggeli m\u0171sor\u00e1ban szak\u00e9rt\u0151k azt mondt\u00e1k, hogy az esetsz\u00e1mok n\u00f6veked\u00e9s\u00e9nek h\u00e1tter\u00e9ben egyr\u00e9szt a koronav\u00edrus omikron vari\u00e1ns\u00e1nak gyors terjed\u00e9se, m\u00e1sr\u00e9szt az \u00faj\u00e9vi \u00fcnneps\u00e9geken az el\u0151vigy\u00e1zatoss\u00e1gi int\u00e9zked\u00e9sek semmibev\u00e9tele \u00e1ll.<br \/>\n    Radmilo Jankovic, a d\u00e9l-szerbiai Nis klinikai k\u00f6zpontj\u00e1nak igazgat\u00f3helyettese kiemelte: a sz\u00e1mok a napokban tov\u00e1bb fognak emelkedni, az ortodox kar\u00e1csonyi \u00fcnnepek ut\u00e1n, azaz a j\u00f6v\u0151 h\u00e9ten ak\u00e1r t\u00f6bb t\u00edzezer \u00faj fert\u0151z\u00f6tt is lehet.<br \/>\n    A regisztr\u00e1lt koronav\u00edrus-fert\u0151z\u00f6ttek sz\u00e1ma Szerbi\u00e1ban szerd\u00e1ra 5224-gyel 1 310 845-re, Koszov\u00f3ban 108-cal 161 706-ra, \u00c9szak-Maced\u00f3ni\u00e1ban 1197-tel 227 168-ra, Montenegr\u00f3ban 2590-nel 177 455-re, Bosznia-Hercegovin\u00e1ban pedig 457-tel 293 684-re n\u00f6vekedett.<br \/>\n<div class=\"ads-in-post2\"><script async src=\"https:\/\/pagead2.googlesyndication.com\/pagead\/js\/adsbygoogle.js\"><\/script>\r\n<ins class=\"adsbygoogle\"\r\n     style=\"display:block\"\r\n     data-ad-format=\"fluid\"\r\n     data-ad-layout-key=\"-6t+ed+2i-1n-4w\"\r\n     data-ad-client=\"ca-pub-1959107119989764\"\r\n     data-ad-slot=\"4008251320\"><\/ins>\r\n<script>\r\n     (adsbygoogle = window.adsbygoogle || []).push({});\r\n<\/script><\/div>\n    A j\u00e1rv\u00e1ny hal\u00e1los \u00e1ldozatainak sz\u00e1ma Szerbi\u00e1ban az ut\u00f3bbi 24 \u00f3r\u00e1ban 19-cel 12 806-ra, \u00c9szak-Maced\u00f3ni\u00e1ban 12-vel 7996-ra, Montenegr\u00f3ban kett\u0151vel 2422-re, Bosznia-Hercegovin\u00e1ban pedig h\u00fasszal 13 517-re n\u00f6vekedett. Koszov\u00f3ban az elm\u00falt napon nem volt hal\u00e1los \u00e1ldozata a k\u00f3rnak, \u00edgy a halottak sz\u00e1ma 2991 maradt.(MTI)<\/p>\n","protected":false},"excerpt":{"rendered":"<p>Az \u00faj \u00e9v els\u0151 napjaiban jelent\u0151sen megugrott az \u00fajonnan regisztr\u00e1lt koronav\u00edrus-fert\u0151z\u00f6ttek sz\u00e1ma a nyugat-balk\u00e1ni orsz\u00e1gokban, m\u00edg egy h\u00e9ttel ezel\u0151tt a t\u00e9rs\u00e9gben 24 \u00f3ra alatt 3953 \u00faj fert\u0151z\u00f6ttet azonos\u00edtottak, szerd\u00e1ra 9576-ot vettek nyilv\u00e1ntart\u00e1sba.<\/p>\n","protected":false},"author":1001006,"featured_media":0,"comment_status":"open","ping_status":"open","sticky":false,"template":"","format":"standard","meta":[],"categories":[427],"tags":[],"_links":{"self":[{"href":"https:\/\/gazdasagportal.hu\/index.php\/wp-json\/wp\/v2\/posts\/139126"}],"collection":[{"href":"https:\/\/gazdasagportal.hu\/index.php\/wp-json\/wp\/v2\/posts"}],"about":[{"href":"https:\/\/gazdasagportal.hu\/index.php\/wp-json\/wp\/v2\/types\/post"}],"author":[{"embeddable":true,"href":"https:\/\/gazdasagportal.hu\/index.php\/wp-json\/wp\/v2\/users\/1001006"}],"replies":[{"embeddable":true,"href":"https:\/\/gazdasagportal.hu\/index.php\/wp-json\/wp\/v2\/comments?post=139126"}],"version-history":[{"count":1,"href":"https:\/\/gazdasagportal.hu\/index.php\/wp-json\/wp\/v2\/posts\/139126\/revisions"}],"predecessor-version":[{"id":139127,"href":"https:\/\/gazdasagportal.hu\/index.php\/wp-json\/wp\/v2\/posts\/139126\/revisions\/139127"}],"wp:attachment":[{"href":"https:\/\/gazdasagportal.hu\/index.php\/wp-json\/wp\/v2\/media?parent=139126"}],"wp:term":[{"taxonomy":"category","embeddable":true,"href":"https:\/\/gazdasagportal.hu\/index.php\/wp-json\/wp\/v2\/categories?post=139126"},{"taxonomy":"post_tag","embeddable":true,"href":"https:\/\/gazdasagportal.hu\/index.php\/wp-json\/wp\/v2\/tags?post=139126"}],"curies":[{"name":"wp","href":"https:\/\/api.w.org\/{rel}","templated":true}]}}