{"id":138947,"date":"2021-12-15T08:55:00","date_gmt":"2021-12-15T07:55:00","guid":{"rendered":"https:\/\/gazdasagportal.hu\/?p=138947"},"modified":"2021-12-15T08:55:00","modified_gmt":"2021-12-15T07:55:00","slug":"tozsde-kisebb-emelkedessel-kezdhet-a-bux","status":"publish","type":"post","link":"https:\/\/gazdasagportal.hu\/index.php\/tozsde-kisebb-emelkedessel-kezdhet-a-bux\/","title":{"rendered":"T\u0151zsde &#8211; Kisebb emelked\u00e9ssel kezdhet a BUX"},"content":{"rendered":"<p><strong>Az elm\u00falt napok cs\u00f6kken\u00e9s\u00e9t korrig\u00e1lva szerd\u00e1n kisebb emelked\u00e9ssel kezdhet a Budapesti \u00c9rt\u00e9kt\u0151zsde (B\u00c9T) r\u00e9szv\u00e9nyindexe, a BUX &#8211; \u00edrta az MTI-nek k\u00fcld\u00f6tt el\u0151rejelz\u00e9s\u00e9ben az Equilor Befektet\u00e9si Zrt. elemz\u0151je.<\/strong><!--more--><\/p>\n<div class=\"ads-in-post2\"><script async src=\"https:\/\/pagead2.googlesyndication.com\/pagead\/js\/adsbygoogle.js\"><\/script>\r\n<ins class=\"adsbygoogle\"\r\n     style=\"display:block\"\r\n     data-ad-format=\"fluid\"\r\n     data-ad-layout-key=\"-6t+ed+2i-1n-4w\"\r\n     data-ad-client=\"ca-pub-1959107119989764\"\r\n     data-ad-slot=\"4008251320\"><\/ins>\r\n<script>\r\n     (adsbygoogle = window.adsbygoogle || []).push({});\r\n<\/script><\/div>\n<p>    Varga Zolt\u00e1n a nyit\u00e1st k\u00f6vet\u0151en bizonytalan folytat\u00e1sra sz\u00e1m\u00edt, hiszen az amerikai kamatd\u00f6nt\u00e9s vil\u00e1gszerte befoly\u00e1solhatja a t\u0151zsdei hangulatot a nap m\u00e1sodik fel\u00e9ben. Az \u00e1rfolyamokban nem v\u00e1r jelent\u0151s elmozdul\u00e1st, a vezet\u0151 r\u00e9szv\u00e9nyek k\u00f6z\u00fcl OTP eset\u00e9ben ink\u00e1bb gyeng\u00fcl\u00e9st val\u00f3sz\u00edn\u0171s\u00edt.<br \/>\n    A BUX 428,29 pontos, 0,85 sz\u00e1zal\u00e9kos cs\u00f6kken\u00e9ssel, 50 153 ponton z\u00e1rt kedden. A r\u00e9szv\u00e9nypiac forgalma 12,2 milli\u00e1rd forint volt, a vezet\u0151 r\u00e9szv\u00e9nyek a Mol kiv\u00e9tel\u00e9vel cs\u00f6kkentek az el\u0151z\u0151 napi z\u00e1r\u00e1shoz k\u00e9pest. A Mol 8 forinttal, 0,33 sz\u00e1zal\u00e9kkal 2430 forintra er\u0151s\u00f6d\u00f6tt, 956,2 milli\u00f3 forintos forgalomban. Az OTP-r\u00e9szv\u00e9nyek \u00e1ra 260 forinttal, 1,52 sz\u00e1zal\u00e9kkal 16 895 forintra cs\u00f6kkent, forgalmuk 9,0 milli\u00e1rd forintot tett ki. A Magyar Telekom \u00e1rfolyama 1,0 forinttal, 0,25 sz\u00e1zal\u00e9kkal 406 forintra esett, forgalma 260,7 milli\u00f3 forint volt. A Richter-pap\u00edrok \u00e1rfolyama 70 forinttal, 0,82 sz\u00e1zal\u00e9kkal 8440 forintra gyeng\u00fclt, a r\u00e9szv\u00e9nyek forgalma 1,6 milli\u00e1rd forintot \u00e9rt el.(MTI)<\/p>\n","protected":false},"excerpt":{"rendered":"<p>Az elm\u00falt napok cs\u00f6kken\u00e9s\u00e9t korrig\u00e1lva szerd\u00e1n kisebb emelked\u00e9ssel kezdhet a Budapesti \u00c9rt\u00e9kt\u0151zsde (B\u00c9T) r\u00e9szv\u00e9nyindexe, a BUX &#8211; \u00edrta az MTI-nek k\u00fcld\u00f6tt el\u0151rejelz\u00e9s\u00e9ben az Equilor Befektet\u00e9si Zrt. elemz\u0151je.<\/p>\n","protected":false},"author":1001006,"featured_media":0,"comment_status":"open","ping_status":"open","sticky":false,"template":"","format":"standard","meta":[],"categories":[7],"tags":[],"_links":{"self":[{"href":"https:\/\/gazdasagportal.hu\/index.php\/wp-json\/wp\/v2\/posts\/138947"}],"collection":[{"href":"https:\/\/gazdasagportal.hu\/index.php\/wp-json\/wp\/v2\/posts"}],"about":[{"href":"https:\/\/gazdasagportal.hu\/index.php\/wp-json\/wp\/v2\/types\/post"}],"author":[{"embeddable":true,"href":"https:\/\/gazdasagportal.hu\/index.php\/wp-json\/wp\/v2\/users\/1001006"}],"replies":[{"embeddable":true,"href":"https:\/\/gazdasagportal.hu\/index.php\/wp-json\/wp\/v2\/comments?post=138947"}],"version-history":[{"count":1,"href":"https:\/\/gazdasagportal.hu\/index.php\/wp-json\/wp\/v2\/posts\/138947\/revisions"}],"predecessor-version":[{"id":138948,"href":"https:\/\/gazdasagportal.hu\/index.php\/wp-json\/wp\/v2\/posts\/138947\/revisions\/138948"}],"wp:attachment":[{"href":"https:\/\/gazdasagportal.hu\/index.php\/wp-json\/wp\/v2\/media?parent=138947"}],"wp:term":[{"taxonomy":"category","embeddable":true,"href":"https:\/\/gazdasagportal.hu\/index.php\/wp-json\/wp\/v2\/categories?post=138947"},{"taxonomy":"post_tag","embeddable":true,"href":"https:\/\/gazdasagportal.hu\/index.php\/wp-json\/wp\/v2\/tags?post=138947"}],"curies":[{"name":"wp","href":"https:\/\/api.w.org\/{rel}","templated":true}]}}