{"id":138871,"date":"2021-12-07T04:44:03","date_gmt":"2021-12-07T03:44:03","guid":{"rendered":"https:\/\/gazdasagportal.hu\/?p=138871"},"modified":"2021-12-07T20:54:56","modified_gmt":"2021-12-07T19:54:56","slug":"2022-re-keszulnek-az-e-kereskedok","status":"publish","type":"post","link":"https:\/\/gazdasagportal.hu\/index.php\/2022-re-keszulnek-az-e-kereskedok\/","title":{"rendered":"2022-re k\u00e9sz\u00fclnek az e-keresked\u0151k"},"content":{"rendered":"<p><strong><a href=\"https:\/\/gazdasagportal.hu\/wp-content\/uploads\/2021\/12\/ekerkeskedelem.jpeg\"><img decoding=\"async\" loading=\"lazy\" class=\"alignleft size-medium wp-image-138872\" src=\"https:\/\/gazdasagportal.hu\/wp-content\/uploads\/2021\/12\/ekerkeskedelem-300x215.jpeg\" alt=\"\" width=\"300\" height=\"215\" srcset=\"https:\/\/gazdasagportal.hu\/wp-content\/uploads\/2021\/12\/ekerkeskedelem-300x215.jpeg 300w, https:\/\/gazdasagportal.hu\/wp-content\/uploads\/2021\/12\/ekerkeskedelem-1024x734.jpeg 1024w, https:\/\/gazdasagportal.hu\/wp-content\/uploads\/2021\/12\/ekerkeskedelem-768x551.jpeg 768w, https:\/\/gazdasagportal.hu\/wp-content\/uploads\/2021\/12\/ekerkeskedelem.jpeg 1046w\" sizes=\"(max-width: 300px) 100vw, 300px\" \/><\/a>Optimista v\u00e1rakoz\u00e1sok jellemzik a hazai e-kereskedelmi szektort. Az idei \u00e9v m\u00e1sodik fel\u00e9ben prognosztiz\u00e1lt lassul\u00e1st k\u00f6vet\u0151en az online piac stabil \u00e9s kisz\u00e1m\u00edthat\u00f3 n\u00f6veked\u00e9si p\u00e1ly\u00e1ra \u00e1llhat, ami kedvez\u0151 gazdas\u00e1gi k\u00f6r\u00fclm\u00e9nyeket teremthet az \u00faj bel\u00e9p\u0151 v\u00e1llalkoz\u00e1sok sz\u00e1m\u00e1ra is.<\/strong><!--more--><\/p>\n<p>V\u00e9get \u00e9rt a november, ezzel egy\u00fctt a Black Friday le\u00e1raz\u00e1s sorozatnak is b\u00facs\u00fat mondhatunk. A GKI Digital \u00e9s az \u00c1rukeres\u0151 k\u00f6z\u00f6s kutat\u00e1sa szerint az online \u00e1ruh\u00e1zak 64%-a tartott Black Friday-t. Magyarorsz\u00e1gon egyre kev\u00e9sb\u00e9 jellemz\u0151 az egynapos fekete p\u00e9ntek; a piacvezet\u0151 szerepl\u0151k k\u00f6z\u00fcl egyed\u00fcl az eMAG \u00e9s az\u00a0<u><a href=\"https:\/\/edigital.hu\/\" target=\"_blank\" rel=\"noopener\">Extreme Digital<\/a><\/u>\u00a0volt k\u00e9pes k\u00f6z\u00f6sen egyetlen nap alatt mozg\u00f3s\u00edtani a v\u00e1s\u00e1rl\u00f3it. Sokkal jellemz\u0151bb, hogy a web\u00e1ruh\u00e1zak eg\u00e9sz h\u00e9tv\u00e9g\u00e9n akci\u00f3znak; a jelent\u00e9s szerint az online keresked\u0151k 50%-a d\u00f6nt\u00f6tt \u00edgy. A keresked\u0151k tov\u00e1bbi 25%-a egy hetes akci\u00f3val sz\u00e1mol, azaz eset\u00fckben m\u00e1r ink\u00e1bb Black Friday h\u00e9tr\u0151l besz\u00e9lhet\u00fcnk, amit napi aj\u00e1nlatokkal igyekeztek sz\u00ednesebb\u00e9 \u00e9s aktu\u00e1lisabb\u00e1 tenni a visszat\u00e9r\u0151 l\u00e1togatotts\u00e1g n\u00f6vel\u00e9se \u00e9rdek\u00e9ben. Csup\u00e1n a keresked\u0151k 13%-a d\u00f6nt\u00f6tt \u00fagy, hogy egy napos Black Friday-t tart.<\/p>\n<p>A GKI Digital \u00e9s az \u00c1rukeres\u0151 jelent\u00e9se kit\u00e9r a k\u00fcl\u00f6nb\u00f6z\u0151 kateg\u00f3ri\u00e1k n\u00f6veked\u00e9s\u00e9re a Q3 sor\u00e1n. A legnagyobb ter\u00fcletnek sz\u00e1m\u00edt\u00f3 m\u0171szaki cikkek piaca 34%-os n\u00f6veked\u00e9st \u00e9rt el a harmadik negyed\u00e9vben. Enn\u00e9l is nagyobbat n\u0151tt a ruh\u00e1zat, divat \u00e9s sport piaca. A legkisebb n\u00f6veked\u00e9si szintet a j\u00e1t\u00e9k-kult\u00fara kateg\u00f3ria \u00e9rte el a maga 9,9%-os b\u0151v\u00fcl\u00e9s\u00e9vel. A piac n\u00f6veked\u00e9si \u00fcteme 31,7% volt a harmadik negyed\u00e9vben, ami csattan\u00f3s v\u00e1lasz a k\u00f6zz\u00e9tett pesszimista el\u0151rejelz\u00e9sekre vonatkoz\u00f3an.<\/p><div id=\"gazda-3814340088\" class=\"gazda-tartalomban gazda-entity-placement\"><script async src=\"https:\/\/pagead2.googlesyndication.com\/pagead\/js\/adsbygoogle.js\"><\/script>\r\n<ins class=\"adsbygoogle\"\r\n     style=\"display:block\"\r\n     data-ad-format=\"fluid\"\r\n     data-ad-layout-key=\"-6t+ed+2i-1n-4w\"\r\n     data-ad-client=\"ca-pub-1959107119989764\"\r\n     data-ad-slot=\"4008251320\"><\/ins>\r\n<script>\r\n     (adsbygoogle = window.adsbygoogle || []).push({});\r\n<\/script><\/div>\n<p>\u00dajra ki lehet jelenteni, hogy a hazai e-kereskedelem meg\u00e1ll\u00edthatatlanul fejl\u0151dik. Jelen id\u0151szakban nem lehet megfeledkezni a m\u00e9g mindig tart\u00f3 hitelmorat\u00f3rium, a nyugd\u00edjpr\u00e9mium, valamint a j\u00f6v\u0151 febru\u00e1ri SZJA visszat\u00e9r\u00edt\u00e9s miatt rendelkez\u00e9sre \u00e1ll\u00f3 szabadon elk\u00f6lthet\u0151 p\u00e9nz\u00f6sszegekr\u0151l, amelyek bizonyosan megjelennek az e-kereskedelmi \u00f6sszes\u00edtett eredm\u00e9nyekben.<\/p>\n<p>A megk\u00e9rdezett marketingszak\u00e9rt\u0151 szerint nyomon k\u00f6vethet\u0151 a hazai online piac gyors fejl\u0151d\u00e9se, ami t\u00falmutat a bev\u00e9telek n\u00f6veked\u00e9s\u00e9n. Ezt t\u00e1masztja al\u00e1 a GKI Digital \u00e1ltal k\u00f6z\u00f6lt Online Kiskereskedelmi Index is, ami minden eddigin\u00e9l magasabb pontsz\u00e1mot volt k\u00e9pes felmutatni. A felgyorsult esem\u00e9nyek j\u00f3t tesznek a teljes szektornak, hiszen a piacvezet\u0151 szerepl\u0151ket min\u00e9l gyorsabb szolg\u00e1ltat\u00e1sfejleszt\u00e9sre \u00f6szt\u00f6nzik \u00e9s k\u00e9nyszer\u00edtik, a vel\u00fck konkur\u00e1lni k\u00edv\u00e1n\u00f3 kis web\u00e1ruh\u00e1zak is r\u00e1k\u00e9nyszer\u00fclnek a min\u00e9l kisz\u00e1m\u00edthat\u00f3bb \u00fcgymenet kialak\u00edt\u00e1s\u00e1ra, ez pedig \u00e9rtelemszer\u0171en j\u00f3 a v\u00e1s\u00e1rl\u00f3knak is.<\/p>\n<p>Sok e-keresked\u0151 m\u00e1r ma is annak a v\u00e9lem\u00e9ny\u00e9nek ad hangot, hogy a hossz\u00fat\u00e1v\u00fa fennmarad\u00e1s \u00e9s n\u00f6veked\u00e9s biztos\u00edt\u00e1sa csakis a k\u00fclpiacok megh\u00f3d\u00edt\u00e1s\u00e1val lehets\u00e9ges. Ez r\u00e9szben annak az eshet\u0151s\u00e9gnek k\u00f6sz\u00f6nhet\u0151, hogy az Amazon a k\u00f6vetkez\u0151 \u00e9vekben megjelenhet a magyar piacon, neh\u00e9z helyzetbe hozva egyes piaci \u00e9rdekelts\u00e9geket. A glob\u00e1lis \u00f3ri\u00e1sokkal szembeni piacv\u00e9delem nem csak a piacvezet\u0151k, hanem minden hazai e-keresked\u0151 k\u00f6z\u00f6s feladata.<\/p>\n","protected":false},"excerpt":{"rendered":"<p>Optimista v\u00e1rakoz\u00e1sok jellemzik a hazai e-kereskedelmi szektort. Az idei \u00e9v m\u00e1sodik fel\u00e9ben prognosztiz\u00e1lt lassul\u00e1st k\u00f6vet\u0151en az online piac stabil \u00e9s kisz\u00e1m\u00edthat\u00f3 n\u00f6veked\u00e9si p\u00e1ly\u00e1ra \u00e1llhat, ami kedvez\u0151 gazdas\u00e1gi k\u00f6r\u00fclm\u00e9nyeket teremthet az \u00faj bel\u00e9p\u0151 v\u00e1llalkoz\u00e1sok sz\u00e1m\u00e1ra is.<\/p>\n","protected":false},"author":1001006,"featured_media":138872,"comment_status":"open","ping_status":"open","sticky":false,"template":"","format":"standard","meta":[],"categories":[19,436],"tags":[],"_links":{"self":[{"href":"https:\/\/gazdasagportal.hu\/index.php\/wp-json\/wp\/v2\/posts\/138871"}],"collection":[{"href":"https:\/\/gazdasagportal.hu\/index.php\/wp-json\/wp\/v2\/posts"}],"about":[{"href":"https:\/\/gazdasagportal.hu\/index.php\/wp-json\/wp\/v2\/types\/post"}],"author":[{"embeddable":true,"href":"https:\/\/gazdasagportal.hu\/index.php\/wp-json\/wp\/v2\/users\/1001006"}],"replies":[{"embeddable":true,"href":"https:\/\/gazdasagportal.hu\/index.php\/wp-json\/wp\/v2\/comments?post=138871"}],"version-history":[{"count":2,"href":"https:\/\/gazdasagportal.hu\/index.php\/wp-json\/wp\/v2\/posts\/138871\/revisions"}],"predecessor-version":[{"id":138884,"href":"https:\/\/gazdasagportal.hu\/index.php\/wp-json\/wp\/v2\/posts\/138871\/revisions\/138884"}],"wp:featuredmedia":[{"embeddable":true,"href":"https:\/\/gazdasagportal.hu\/index.php\/wp-json\/wp\/v2\/media\/138872"}],"wp:attachment":[{"href":"https:\/\/gazdasagportal.hu\/index.php\/wp-json\/wp\/v2\/media?parent=138871"}],"wp:term":[{"taxonomy":"category","embeddable":true,"href":"https:\/\/gazdasagportal.hu\/index.php\/wp-json\/wp\/v2\/categories?post=138871"},{"taxonomy":"post_tag","embeddable":true,"href":"https:\/\/gazdasagportal.hu\/index.php\/wp-json\/wp\/v2\/tags?post=138871"}],"curies":[{"name":"wp","href":"https:\/\/api.w.org\/{rel}","templated":true}]}}