{"id":138812,"date":"2021-11-30T14:23:59","date_gmt":"2021-11-30T13:23:59","guid":{"rendered":"https:\/\/gazdasagportal.hu\/?p=138812"},"modified":"2021-11-30T14:23:59","modified_gmt":"2021-11-30T13:23:59","slug":"tovabb-duborog-az-autowallis-nagyon-eros-kilenc-honapot-zart-a-tozsde-autos-vallalata","status":"publish","type":"post","link":"https:\/\/gazdasagportal.hu\/index.php\/tovabb-duborog-az-autowallis-nagyon-eros-kilenc-honapot-zart-a-tozsde-autos-vallalata\/","title":{"rendered":"Tov\u00e1bb d\u00fcb\u00f6r\u00f6g az AutoWallis: Nagyon er\u0151s kilenc h\u00f3napot z\u00e1rt a t\u0151zsde aut\u00f3s v\u00e1llalata"},"content":{"rendered":"<p><b>Er\u0151s kilenc h\u00f3napon van t\u00fal az AutoWallis: a t\u00e1rsas\u00e1g EBITDA-ja meghaladta az 5,7 milli\u00e1rd forintot, \u00edgy v\u00e1rhat\u00f3an t\u00falsz\u00e1rnyalja \u00e9ves 5,5-6,2 milli\u00e1rd forintos terv\u00e9t a t\u0151zsde aut\u00f3s v\u00e1llalata. A Csoport \u00e1rbev\u00e9tele 145,4 milli\u00e1rd forint volt az \u00e9v els\u0151 kilenc h\u00f3napj\u00e1ban, fedezettermel\u00e9se k\u00f6zel 10 sz\u00e1zal\u00e9kkal b\u0151v\u00fclt, mik\u00f6zben EBITDA marginja 3-r\u00f3l 3,9 sz\u00e1zal\u00e9kra n\u0151tt.<\/b><!--more--><\/p>\n<div class=\"ads-in-post2\"><script async src=\"https:\/\/pagead2.googlesyndication.com\/pagead\/js\/adsbygoogle.js\"><\/script>\r\n<ins class=\"adsbygoogle\"\r\n     style=\"display:block\"\r\n     data-ad-format=\"fluid\"\r\n     data-ad-layout-key=\"-6t+ed+2i-1n-4w\"\r\n     data-ad-client=\"ca-pub-1959107119989764\"\r\n     data-ad-slot=\"4008251320\"><\/ins>\r\n<script>\r\n     (adsbygoogle = window.adsbygoogle || []).push({});\r\n<\/script><\/div>\n<p><span style=\"font-weight: 400;\">Tov\u00e1bb halad a strat\u00e9gi\u00e1ban lefektetett c\u00e9ljai fel\u00e9 az AutoWallis Csoport, miut\u00e1n \u00fajabb er\u0151s negyed\u00e9vet z\u00e1rt: <\/span><b>a t\u0151zsde aut\u00f3s v\u00e1llalat\u00e1nak \u00e1rbev\u00e9tele az els\u0151 h\u00e1romnegyed \u00e9vben 145,4 milli\u00e1rd forint volt<\/b><span style=\"font-weight: 400;\">, ami t\u00f6bb mint dupl\u00e1ja a kor\u00e1bbinak, azaz 132 sz\u00e1zal\u00e9kkal haladja meg az egy \u00e9vvel kor\u00e1bbi adatot. A n\u00f6veked\u00e9shez a Csoport mindk\u00e9t \u00fczlet\u00e1ga hozz\u00e1j\u00e1rult annak ellen\u00e9re, hogy a koronav\u00edrus-j\u00e1rv\u00e1ny egym\u00e1st k\u00f6vet\u0151 hull\u00e1mai miatt id\u0151r\u0151l id\u0151re bevezetett korl\u00e1toz\u00e1sok, az aut\u00f3ipari termel\u00e9s \u00e9s ell\u00e1t\u00e1s chiphi\u00e1ny miatti lassul\u00e1sa, valamint a turizmus lass\u00fa visszarendez\u0151d\u00e9se is negat\u00edv hat\u00e1st gyakoroltak a gazdas\u00e1gi k\u00f6rnyezet\u00e9re. <\/span><b>Az AutoWallis az EU \u00e9s a r\u00e9gi\u00f3 aut\u00f3piac\u00e1nak n\u00f6veked\u00e9s\u00e9t is jelent\u0151sen meghaladta<\/b><span style=\"font-weight: 400;\">: az EU szem\u00e9lyg\u00e9pkocsi-piac\u00e1n 6,6, m\u00edg az AutoWallis Csoport szempontj\u00e1b\u00f3l relev\u00e1ns k\u00f6z\u00e9p-kelet-eur\u00f3pai piacon 10,8 sz\u00e1zal\u00e9kos volt a b\u0151v\u00fcl\u00e9s. Ehhez k\u00e9pest a t\u00e1rsas\u00e1g csaknem n\u00e9gyszeres\u00e9re (271 sz\u00e1zal\u00e9kkal) 17.587 darabra n\u00f6velte az \u00faj g\u00e9pj\u00e1rm\u0171 \u00e9rt\u00e9kes\u00edt\u00e9s\u00e9t, melyb\u0151l a 2020-as tranzakci\u00f3k, akviz\u00edci\u00f3k hat\u00e1sa 231, az organikus hat\u00e1s pedig 40 sz\u00e1zal\u00e9kpont volt. Ut\u00f3bbi adat \u00f6nmag\u00e1ban is t\u00f6bbsz\u00f6r\u00f6sen meghaladja az \u00e1tlagos r\u00e9gi\u00f3s piaci n\u00f6veked\u00e9st. <\/span><b>Ormosy G\u00e1bor, az AutoWallis vez\u00e9rigazgat\u00f3ja ezzel kapcsolatban kiemelte, hogy a g\u00e9pj\u00e1rm\u0171\u00e9rt\u00e9kes\u00edt\u00e9s ter\u00fclet\u00e9n az aut\u00f3rendel\u00e9si volumenek bizakod\u00e1sra adnak okot<\/b><span style=\"font-weight: 400;\">, egyes m\u00e1rk\u00e1k \u00e1tmeneti vagy ak\u00e1r tart\u00f3sabb chipell\u00e1t\u00e1si neh\u00e9zs\u00e9gei azonban negat\u00edvan \u00e9rinthetik a k\u00f6vetkez\u0151 id\u0151szak v\u00e1rhat\u00f3 \u00e9rt\u00e9kes\u00edt\u00e9si, azaz t\u00e9nylegesen \u00e1t is adott aut\u00f3k sz\u00e1mait. A vez\u00e9rigazgat\u00f3 r\u00e1mutatott, hogy <\/span><b>az \u00e1rbev\u00e9tel-n\u00f6veked\u00e9s\u00e9n\u00e9l is nagyobb \u00fctemben n\u0151tt a v\u00e1llalat eredm\u00e9nye, hat\u00e9konys\u00e1ga<\/b><span style=\"font-weight: 400;\">: a menedzsment meg\u00edt\u00e9l\u00e9se szerint a t\u00e1rsas\u00e1g eredm\u00e9nytermel\u0151 k\u00e9pess\u00e9g\u00e9t legjobban bemutat\u00f3 <\/span><b>EBITDA<\/b><span style=\"font-weight: 400;\"> t\u00f6bb mint a h\u00e1romszoros\u00e1ra (+201%) 5,7 milli\u00e1rd forintra ugrott. A pozit\u00edv trendet al\u00e1t\u00e1masztja, hogy <\/span><b>a Csoport fedezettermel\u00e9s\u00e9t is jav\u00edtani tudta<\/b><span style=\"font-weight: 400;\">, amely t\u00edz sz\u00e1zal\u00e9kkal, 12,3-r\u00f3l 13,4 sz\u00e1zal\u00e9kra n\u00f6vekedett. Ez els\u0151sorban annak k\u00f6sz\u00f6nhet\u0151, hogy az AutoWallis sikeres \u00e9s hat\u00e9kony \u00e1raz\u00e1si politik\u00e1t tudott \u00e9rv\u00e9nyes\u00edteni a piaci ig\u00e9nyeket \u00e9s \u00e1r\u00e9rz\u00e9kenys\u00e9get figyelembe v\u00e9ve mind beszerz\u00e9si, mind \u00e9rt\u00e9kes\u00edt\u00e9si oldalon. <\/span><span style=\"font-weight: 400;\">Ezen hat\u00e1sok eredm\u00e9nyek\u00e9ppen a Csoport <\/span><b>teljes \u00e1tfog\u00f3 eredm\u00e9nye<\/b><span style=\"font-weight: 400;\"> 2,2 milli\u00e1rd forint nyeres\u00e9g volt, szemben a tavalyi vesztes\u00e9ggel, m\u00edg az <\/span><b>egy r\u00e9szv\u00e9nyre jut\u00f3 e<\/b><b>redm\u00e9ny<\/b> <b>(EPS) <\/b><span style=\"font-weight: 400;\">6,43 forint lett. <\/span><span style=\"font-weight: 400;\">A t\u00e1rsas\u00e1g 191-212 milli\u00e1rd forint k\u00f6z\u00f6tti \u00e1rbev\u00e9tellel \u00e9s 5,5-6,2 milli\u00e1rd forint k\u00f6z\u00f6tti EBITDA-val sz\u00e1molt ez\u00e9vre vonatkoz\u00f3 legut\u00f3bbi nyeres\u00e9gel\u0151rejelz\u00e9s\u00e9ben. A koronav\u00edrus negyedik hull\u00e1ma \u00e9s a chiphi\u00e1ny miatt a rendel\u00e9s\u00e1llom\u00e1ny er\u0151ss\u00e9ge ellen\u00e9re a kitol\u00f3d\u00f3 gy\u00e1rt\u00e1si id\u0151k miatt cs\u00fasznak a j\u00e1rm\u0171 \u00e1tad\u00e1sok is, aminek k\u00f6vetkezt\u00e9ben az \u00e9ves \u00e1rbev\u00e9tel v\u00e1rhat\u00f3an 190 milli\u00e1rd forint alatt lesz, ugyanakkor <\/span><b>a t\u00e1rsas\u00e1g v\u00e1rakoz\u00e1sa szerint a fedezet- \u00e9s eredm\u00e9nytermel\u0151 k\u00e9pess\u00e9g tov\u00e1bbra is javul, \u00edgy 6 milli\u00e1rd forint k\u00f6r\u00fcli EBITDA v\u00e1rhat\u00f3<\/b><span style=\"font-weight: 400;\">.\u00a0<\/span><\/p>\n<p><span style=\"font-weight: 400;\">Az AutoWallis Csoport <\/span><b>Nagykereskedelmi \u00fczlet\u00e1g\u00e1nak<\/b><span style=\"font-weight: 400;\"> \u00e1rbev\u00e9tele k\u00f6zel a h\u00e1romszoros\u00e1ra, 86,2 milli\u00e1rd forintra ugrott (+192%). <\/span><span style=\"font-weight: 400;\">A n\u00f6veked\u00e9s f\u0151 hajt\u00f3ereje az eladott \u00faj g\u00e9pj\u00e1rm\u0171vek volumenn\u00f6veked\u00e9se volt, kiemelten az Opel \u00e9s SsangYong m\u00e1rk\u00e1khoz kapcsol\u00f3d\u00f3an. <\/span><span style=\"font-weight: 400;\">A <\/span><b>Kiskereskedelmi \u00dczlet\u00e1g <\/b><span style=\"font-weight: 400;\">\u00e1rbev\u00e9tele az \u00e9v els\u0151 kilenc h\u00f3napj\u00e1ban 79 sz\u00e1zal\u00e9kkal 59,2 milli\u00e1rd forintra n\u0151tt. Az \u00e9v elej\u00e9n a <\/span><span style=\"font-weight: 400;\">koronav\u00edrus miatti korl\u00e1toz\u00e1sok m\u00e9g visszafogt\u00e1k az aut\u00f3b\u00e9rbead\u00e1si ter\u00fclet lehet\u0151s\u00e9geit, azonban a korl\u00e1toz\u00e1sok felold\u00e1s\u00e1val, illetve enyh\u00edt\u00e9s\u00e9vel \u00e9s a turizmus n\u00f6veked\u00e9s\u00e9vel a b\u00e9rleti napok sz\u00e1ma n\u00f6veked\u00e9snek indult. A ter\u00fclet az els\u0151 kilenc h\u00f3napban igen jelent\u0151s, 101 sz\u00e1zal\u00e9kos n\u00f6veked\u00e9st produk\u00e1lt a b\u00e9rleti napok, m\u00edg 51 sz\u00e1zal\u00e9kos n\u00f6veked\u00e9st a b\u00e9rleti esem\u00e9nyek sz\u00e1m\u00e1ban. <\/span><span style=\"font-weight: 400;\">A Kiskereskedelmi \u00fczlet\u00e1g fedezettermel\u0151 k\u00e9pess\u00e9ge is tov\u00e1bb javult, \u00e9s 2021-ben el\u00e9rte a 17,6 sz\u00e1zal\u00e9kot a tavalyi 15,5 sz\u00e1zal\u00e9kkal szemben, melynek f\u0151 hajt\u00f3ereje a Nagykereskedelmi \u00fczlet\u00e1gban is alkalmazott hat\u00e9kony \u00e1raz\u00e1si politika volt.<\/span><\/p><div id=\"gazda-1327422379\" class=\"gazda-tartalomban gazda-entity-placement\"><script async src=\"https:\/\/pagead2.googlesyndication.com\/pagead\/js\/adsbygoogle.js\"><\/script>\r\n<ins class=\"adsbygoogle\"\r\n     style=\"display:block\"\r\n     data-ad-format=\"fluid\"\r\n     data-ad-layout-key=\"-6t+ed+2i-1n-4w\"\r\n     data-ad-client=\"ca-pub-1959107119989764\"\r\n     data-ad-slot=\"4008251320\"><\/ins>\r\n<script>\r\n     (adsbygoogle = window.adsbygoogle || []).push({});\r\n<\/script><\/div>\n<div class=\"ads-in-post2\"><script async src=\"https:\/\/pagead2.googlesyndication.com\/pagead\/js\/adsbygoogle.js\"><\/script>\r\n<ins class=\"adsbygoogle\"\r\n     style=\"display:block\"\r\n     data-ad-format=\"fluid\"\r\n     data-ad-layout-key=\"-6t+ed+2i-1n-4w\"\r\n     data-ad-client=\"ca-pub-1959107119989764\"\r\n     data-ad-slot=\"4008251320\"><\/ins>\r\n<script>\r\n     (adsbygoogle = window.adsbygoogle || []).push({});\r\n<\/script><\/div>\n<span style=\"font-weight: 400;\">Az els\u0151 h\u00e1rom negyed\u00e9vben az AutoWallis Csoport tov\u00e1bbra is n\u00f6vekv\u0151 hat\u00e9konys\u00e1g mellett m\u0171k\u00f6d\u00f6tt: az <\/span><b>eladott \u00e1ruk beszerz\u00e9si \u00e9rt\u00e9k\u00e9nek (EL\u00c1B\u00c9) <\/b><span style=\"font-weight: 400;\">n\u00f6veked\u00e9si<\/span> <span style=\"font-weight: 400;\">\u00fcteme 3 sz\u00e1zal\u00e9kkal elmaradt az \u00e1rbev\u00e9tel b\u0151v\u00fcl\u00e9s\u00e9t\u0151l, melynek eredm\u00e9nyek\u00e9ppen a t\u00e1rsas\u00e1g fedezettermel\u00e9se 12,2 sz\u00e1zal\u00e9kr\u00f3l 13,4 sz\u00e1zal\u00e9kra n\u00f6vekedett. A <\/span><b>szem\u00e9lyi jelleg\u0171 r\u00e1ford\u00edt\u00e1sok<\/b><span style=\"font-weight: 400;\"> 181 sz\u00e1zal\u00e9kos emelked\u00e9se els\u0151sorban a tavaly v\u00e9grehajtott tranzakci\u00f3k eredm\u00e9nye, amelyek k\u00f6vetkezt\u00e9ben egyr\u00e9szt emelkedett az \u00e1tlagb\u00e9r, m\u00e1sr\u00e9szt az AutoWallis Csoport \u00e1tlagos statisztikai l\u00e9tsz\u00e1ma 150 f\u0151vel 706-ra n\u0151tt. A <\/span><b>p\u00e9nz\u00fcgyi bev\u00e9telek \u00e9s r\u00e1ford\u00edt\u00e1sok<\/b><span style=\"font-weight: 400;\"> 62 sz\u00e1zal\u00e9kkal 355 milli\u00f3 forintra cs\u00f6kkentek.\u00a0<\/span><\/p>\n<p><b>AutoWallis Csoport<\/b><\/p>\n<p><span style=\"font-weight: 400;\">A Budapesti \u00c9rt\u00e9kt\u0151zsde Pr\u00e9mium kateg\u00f3ri\u00e1j\u00e1ban, valamint a BUX \u00e9s BUMIX indexekben jegyzett AutoWallis Nyrt. c\u00e9lja, hogy az \u00e9vtized v\u00e9g\u00e9re a k\u00f6z\u00e9p-kelet-eur\u00f3pai r\u00e9gi\u00f3 meghat\u00e1roz\u00f3 aut\u00f3kereskedelmi \u00e9s mobilit\u00e1si szolg\u00e1ltat\u00f3ja legyen,<\/span> <span style=\"font-weight: 400;\">tov\u00e1bb\u00e1 aut\u00f3ipari befektet\u00e9sekre f\u00f3kusz\u00e1l\u00f3 befektet\u00e9si portf\u00f3li\u00f3j\u00e1t \u00fczletfejleszt\u00e9sekkel \u00e9s akviz\u00edci\u00f3kkal sz\u00e9les\u00edtse. Az AutoWallis Csoport a k\u00f6z\u00e9p-kelet-eur\u00f3pai r\u00e9gi\u00f3 14 orsz\u00e1g\u00e1ban (Alb\u00e1nia, Bosznia-Hercegovina, Csehorsz\u00e1g, Bulg\u00e1ria, Horv\u00e1torsz\u00e1g, Koszov\u00f3, Lengyelorsz\u00e1g, Rom\u00e1nia, Szerbia, Szlov\u00e1kia, Szlov\u00e9nia, \u00c9szak-Maced\u00f3nia, Magyarorsz\u00e1g, Montenegr\u00f3) g\u00e9pj\u00e1rm\u0171- \u00e9s alkatr\u00e9sz kis- \u00e9s nagykereskedelemmel, szerviz szolg\u00e1ltat\u00e1sokkal, r\u00f6vid- \u00e9s hossz\u00fa t\u00e1v\u00fa g\u00e9pj\u00e1rm\u0171-k\u00f6lcs\u00f6nz\u00e9ssel van jelen. A Csoport \u00e1ltal k\u00e9pviselt m\u00e1rk\u00e1k k\u00f6z\u00e9 tartoznak a BMW szem\u00e9lyaut\u00f3k \u00e9s motorker\u00e9kp\u00e1rok, a Dacia, az Isuzu, a Jaguar, a Land Rover, a Maserati, a MINI, a Nissan, az Opel, a Peugeot, a Renault, a SsangYong, a Suzuki, a Toyota, a Saab alkatr\u00e9szek ut\u00e1np\u00f3tl\u00e1sa \u00e9s a Sixt rent-a-car. Az AutoWallis a Budapesti \u00c9rt\u00e9kt\u0151zsde Legek 2020 D\u00edj\u00e1tad\u00f3n elnyerte \u201eAz \u00e9v alapt\u0151ke-emel\u00e9se\u201d d\u00edjat<\/span><\/p>\n<p>&nbsp;<\/p>\n<p><span style=\"font-weight: 400;\">Jelen t\u00e1j\u00e9koztat\u00e1s a T\u00e1rsas\u00e1g v\u00e9lem\u00e9ny\u00e9re \u00e9s v\u00e1rakoz\u00e1saira vonatkoz\u00f3, el\u0151retekint\u0151 \u00e1ll\u00edt\u00e1sokat, j\u00f6v\u0151re vonatkoz\u00f3 kijelent\u00e9seket is tartalmaz, melyeket a T\u00e1rsas\u00e1g j\u00f3hiszem\u0171en \u00e9s megalapozottan ad \u00e1t. Ezen kijelent\u00e9sek a jelenlegi terveken, v\u00e1rakoz\u00e1sokon \u00e9s el\u0151rejelz\u00e9seken alapulnak, \u00e9s azokat befoly\u00e1solhatj\u00e1k ismert \u00e9s ismeretlen kock\u00e1zatok, bizonytalans\u00e1gok \u00e9s egy\u00e9b t\u00e9nyez\u0151k, melyek a T\u00e1rsas\u00e1g, vagy az ipar\u00e1g konkr\u00e9t eredm\u00e9nyei, p\u00e9nz\u00fcgyi helyzete, teljes\u00edtm\u00e9nye vagy el\u00e9rt c\u00e9ljai tekintet\u00e9ben jelent\u0151s k\u00fcl\u00f6nbs\u00e9get eredm\u00e9nyezhetnek az el\u0151retekint\u0151 \u00e1ll\u00edt\u00e1sokban kifejezetten vagy r\u00e1utal\u00e1ssal le\u00edrt eredm\u00e9nyekhez, p\u00e9nz\u00fcgyi helyzethez, teljes\u00edtm\u00e9nyhez vagy kit\u0171z\u00f6tt c\u00e9lokhoz k\u00e9pest. A T\u00e1rsas\u00e1g nem v\u00e1llal k\u00f6telezetts\u00e9get arra vonatkoz\u00f3an, hogy a kijelent\u00e9sek b\u00e1rmelyik\u00e9t \u00faj inform\u00e1ci\u00f3k vagy j\u00f6v\u0151beli esem\u00e9nyek alapj\u00e1n friss\u00edtse, m\u00f3dos\u00edtsa, \u00e9s e v\u00e1ltoztat\u00e1sokat k\u00f6zz\u00e9tegye. E kock\u00e1zatok, bizonytalans\u00e1gok \u00e9s egy\u00e9b t\u00e9nyez\u0151k tudat\u00e1ban figyelmeztetj\u00fck a befektet\u0151ket, hogy ne t\u00e1maszkodjanak befektet\u00e9si d\u00f6nt\u00e9seik meghozatalakor \u00f6nmag\u00e1ban csak ezekre az el\u0151retekint\u0151 \u00e1ll\u00edt\u00e1sokra.<\/span><\/p>\n","protected":false},"excerpt":{"rendered":"<p>Er\u0151s kilenc h\u00f3napon van t\u00fal az AutoWallis: a t\u00e1rsas\u00e1g EBITDA-ja meghaladta az 5,7 milli\u00e1rd forintot, \u00edgy v\u00e1rhat\u00f3an t\u00falsz\u00e1rnyalja \u00e9ves 5,5-6,2 milli\u00e1rd forintos terv\u00e9t a t\u0151zsde aut\u00f3s v\u00e1llalata. A Csoport \u00e1rbev\u00e9tele 145,4 milli\u00e1rd forint volt az \u00e9v els\u0151 kilenc h\u00f3napj\u00e1ban, fedezettermel\u00e9se k\u00f6zel 10 sz\u00e1zal\u00e9kkal b\u0151v\u00fclt, mik\u00f6zben EBITDA marginja 3-r\u00f3l 3,9 sz\u00e1zal\u00e9kra n\u0151tt.<\/p>\n","protected":false},"author":1001005,"featured_media":0,"comment_status":"open","ping_status":"open","sticky":false,"template":"","format":"standard","meta":[],"categories":[7],"tags":[],"_links":{"self":[{"href":"https:\/\/gazdasagportal.hu\/index.php\/wp-json\/wp\/v2\/posts\/138812"}],"collection":[{"href":"https:\/\/gazdasagportal.hu\/index.php\/wp-json\/wp\/v2\/posts"}],"about":[{"href":"https:\/\/gazdasagportal.hu\/index.php\/wp-json\/wp\/v2\/types\/post"}],"author":[{"embeddable":true,"href":"https:\/\/gazdasagportal.hu\/index.php\/wp-json\/wp\/v2\/users\/1001005"}],"replies":[{"embeddable":true,"href":"https:\/\/gazdasagportal.hu\/index.php\/wp-json\/wp\/v2\/comments?post=138812"}],"version-history":[{"count":1,"href":"https:\/\/gazdasagportal.hu\/index.php\/wp-json\/wp\/v2\/posts\/138812\/revisions"}],"predecessor-version":[{"id":138813,"href":"https:\/\/gazdasagportal.hu\/index.php\/wp-json\/wp\/v2\/posts\/138812\/revisions\/138813"}],"wp:attachment":[{"href":"https:\/\/gazdasagportal.hu\/index.php\/wp-json\/wp\/v2\/media?parent=138812"}],"wp:term":[{"taxonomy":"category","embeddable":true,"href":"https:\/\/gazdasagportal.hu\/index.php\/wp-json\/wp\/v2\/categories?post=138812"},{"taxonomy":"post_tag","embeddable":true,"href":"https:\/\/gazdasagportal.hu\/index.php\/wp-json\/wp\/v2\/tags?post=138812"}],"curies":[{"name":"wp","href":"https:\/\/api.w.org\/{rel}","templated":true}]}}