{"id":138614,"date":"2021-11-11T14:55:41","date_gmt":"2021-11-11T13:55:41","guid":{"rendered":"https:\/\/gazdasagportal.hu\/?p=138614"},"modified":"2021-11-11T14:55:41","modified_gmt":"2021-11-11T13:55:41","slug":"november-15-tol-480-forintban-maximaljak-a-benzin-es-a-gazolaj-arat","status":"publish","type":"post","link":"https:\/\/gazdasagportal.hu\/index.php\/november-15-tol-480-forintban-maximaljak-a-benzin-es-a-gazolaj-arat\/","title":{"rendered":"November 15-t\u0151l 480 forintban maxim\u00e1lj\u00e1k a benzin \u00e9s a g\u00e1zolaj \u00e1r\u00e1t"},"content":{"rendered":"<p><strong>A korm\u00e1ny \u00fagy d\u00f6nt\u00f6tt, november 15-t\u0151l a 95-\u00f6s benzin \u00e9s a g\u00e1zolaj \u00e1r\u00e1t 480 forintos fels\u0151 hat\u00e1rral r\u00f6gz\u00edti &#8211; jelentette be Guly\u00e1s Gergely Minisztereln\u00f6ks\u00e9get vezet\u0151 miniszter a cs\u00fct\u00f6rt\u00f6ki Korm\u00e1nyinf\u00f3n.<\/strong><!--more--><\/p>\n<div class=\"ads-in-post2\"><script async src=\"https:\/\/pagead2.googlesyndication.com\/pagead\/js\/adsbygoogle.js\"><\/script>\r\n<ins class=\"adsbygoogle\"\r\n     style=\"display:block\"\r\n     data-ad-format=\"fluid\"\r\n     data-ad-layout-key=\"-6t+ed+2i-1n-4w\"\r\n     data-ad-client=\"ca-pub-1959107119989764\"\r\n     data-ad-slot=\"4008251320\"><\/ins>\r\n<script>\r\n     (adsbygoogle = window.adsbygoogle || []).push({});\r\n<\/script><\/div>\n<p>    Mint mondta, ez azt jelenti, hogy enn\u00e9l a 480 forintn\u00e1l olcs\u00f3bb lehet a benzin \u00e9s a g\u00e1zolaj, de dr\u00e1g\u00e1bb nem.<br \/>\n    Jelezte: abban b\u00edznak, az \u00e1r fels\u0151 hat\u00e1r\u00e1nak r\u00f6gz\u00edt\u00e9se seg\u00edts\u00e9get jelent a gazdas\u00e1gnak \u00e9s hozz\u00e1 tud j\u00e1rulni az infl\u00e1ci\u00f3 m\u00e9rs\u00e9kl\u00e9s\u00e9hez is.<br \/>\n    A miniszter elmondta, a benzin\u00e1r ugr\u00e1sszer\u0171en n\u0151tt egy \u00e9v alatt, \u00f6sszess\u00e9gben azonban az \u00fczemanyag Magyarorsz\u00e1gon a hatodik-hetedik legolcs\u00f3bb az uni\u00f3ban: n\u00e9gy orsz\u00e1gban egy\u00e9rtelm\u0171en olcs\u00f3bb, M\u00e1lt\u00e1n \u00e9s Cipruson pedig nagyj\u00e1b\u00f3l hasonl\u00f3 az \u00e1ruk, mint Magyarorsz\u00e1gon. Hozz\u00e1tette: az eur\u00f3pai uni\u00f3s orsz\u00e1gok k\u00f6z\u00fcl egyed\u00fcl Horv\u00e1torsz\u00e1gban r\u00f6gz\u00edtettek &#8211; 550 forintos &#8211; fels\u0151 \u00e1rat a benzin\u00e1rak f\u00e9ken tart\u00e1s\u00e1ra.<br \/>\n    Kiemelte: a benzin \u00e9s a g\u00e1zolaj \u00e1ra a gazdas\u00e1g m\u0171k\u00f6d\u00e9s\u00e9re \u00e9s \u00e1ltal\u00e1noss\u00e1gban az \u00e1rakra is hat\u00e1ssal van, ez\u00e9rt d\u00f6nt\u00f6tt a korm\u00e1ny a fels\u0151 hat\u00e1rr\u00f3l.<br \/>\n    Guly\u00e1s Gergely t\u00e1j\u00e9koztat\u00e1sa szerint a korm\u00e1ny t\u00e1rgyalt a rezsi\u00e1rakr\u00f3l is, mint mondta, Eur\u00f3p\u00e1ban &#8222;az energia\u00fcgyek rosszul \u00e1llnak&#8221;, \u00e9s Eur\u00f3p\u00e1ban energiav\u00e1ls\u00e1g van. Hozz\u00e1tette: a f\u00f6ldg\u00e1z \u00e1ra az eur\u00f3pai piacokon egy \u00e9v alatt \u00e1tlagosan 400 sz\u00e1zal\u00e9kkal n\u0151tt, ez \u00f6nmag\u00e1ban a villamosenergia \u00e1r\u00e1t is &#8222;felfel\u00e9 tolta&#8221;, Eur\u00f3p\u00e1ban a piaci \u00e1ram\u00e1r 100 sz\u00e1zal\u00e9kkal n\u0151tt egy \u00e9v alatt.<br \/>\n    Hozz\u00e1tette: az energiav\u00e1ls\u00e1g olyan rezsiv\u00e1ls\u00e1got eredm\u00e9nyezett, amit az eur\u00f3pai orsz\u00e1gok &#8211; Magyarorsz\u00e1g kiv\u00e9tel\u00e9vel &#8211; nem tudtak elker\u00fclni, Magyarorsz\u00e1gon k\u00edv\u00fcl minden eur\u00f3pai orsz\u00e1gban emelkedett a rezsi \u00e1ra.<br \/>\n<div class=\"ads-in-post2\"><script async src=\"https:\/\/pagead2.googlesyndication.com\/pagead\/js\/adsbygoogle.js\"><\/script>\r\n<ins class=\"adsbygoogle\"\r\n     style=\"display:block\"\r\n     data-ad-format=\"fluid\"\r\n     data-ad-layout-key=\"-6t+ed+2i-1n-4w\"\r\n     data-ad-client=\"ca-pub-1959107119989764\"\r\n     data-ad-slot=\"4008251320\"><\/ins>\r\n<script>\r\n     (adsbygoogle = window.adsbygoogle || []).push({});\r\n<\/script><\/div>\n    Guly\u00e1s Gergely hangs\u00falyozta: k\u00e1rosnak tartj\u00e1k az olyan baloldali nyilatkozatokat, amelyek szerint a rezsics\u00f6kkent\u00e9s nem fenntarthat\u00f3. A miniszter hangs\u00falyozta: a korm\u00e1ny tov\u00e1bbra is elk\u00f6telezett abban, hogy a fogyaszt\u00f3k, h\u00e1ztart\u00e1sok r\u00e9sz\u00e9re fenntartsa a rezsics\u00f6kkentett \u00e1rakat, ezt egy\u00e9bk\u00e9nt az \u00e1llam legfontosabb feladatai k\u00f6z\u00e9 sorolta. Kiemelte: a rezsi\u00e1rak alacsonyan tart\u00e1sa olyan versenyk\u00e9pess\u00e9gi el\u0151ny is, ami a gazdas\u00e1g teljes\u00edtm\u00e9ny\u00e9ben, a n\u00f6veked\u00e9sben is l\u00e1tszik.<br \/>\n    A Minisztereln\u00f6ks\u00e9get vezet\u0151 miniszter k\u00f6z\u00f6lte, a korm\u00e1ny t\u00e1rgyalt a migr\u00e1ci\u00f3s helyzetr\u0151l is, \u00fagy l\u00e1tj\u00e1k, az energiav\u00e1ls\u00e1ggal migr\u00e1ci\u00f3s v\u00e1ls\u00e1g is kialakult Eur\u00f3p\u00e1ban; ennek r\u00e9sze az afganiszt\u00e1ni &#8222;szerencs\u00e9tlen kivonul\u00e1s&#8221; humanit\u00e1rius k\u00f6vetkezm\u00e9nye \u00e9s a feh\u00e9rorosz-lengyel hat\u00e1ron kialakult helyzet is, amely a legnagyobb nyom\u00e1st jelenti most Eur\u00f3pai Uni\u00f3ra (EU).<br \/>\n    Hangs\u00falyozta: Magyarorsz\u00e1g szolid\u00e1ris Lengyelorsz\u00e1ggal. &#8222;Fontosnak tartjuk&#8221;, hogy Lengyelorsz\u00e1g a hat\u00e1rv\u00e9delme sor\u00e1n megkapja mindazt a t\u00e1mogat\u00e1st, amit Magyarorsz\u00e1g nemcsak nem kapott meg 2015-ben, amikor az EU d\u00e9li hat\u00e1r\u00e1t v\u00e9dte, de m\u00e9g vitatt\u00e1k is a hat\u00e1rv\u00e9delmi int\u00e9zked\u00e9seit &#8211; jegyezte meg.<br \/>\n    Guly\u00e1s Gergely szerint az EU-nak meg kell t\u00e9r\u00edtenie a k\u00fcls\u0151 hat\u00e1rokat v\u00e9delmez\u0151 orsz\u00e1goknak a hat\u00e1rv\u00e9delem k\u00f6lts\u00e9geit. Mint mondta, m\u00e9g nem \u00e9rkezett v\u00e1lasz Ursula von der Leyent\u0151l, az Eur\u00f3pai Bizotts\u00e1g eln\u00f6k\u00e9t\u0151l Orb\u00e1n Viktor minisztereln\u00f6k level\u00e9re, amiben a korm\u00e1nyf\u0151 k\u00e9rte a hat\u00e1rv\u00e9delemmel \u00f6sszef\u00fcgg\u0151 t\u00f6bb mint 580 milli\u00e1rd forintos magyar kiad\u00e1s megt\u00e9r\u00edt\u00e9s\u00e9t.<br \/>\n    Felh\u00edvta a figyelmet arra, hogy a hat\u00e1rv\u00e9delem legeredm\u00e9nyesebb m\u00f3dja fizikai hat\u00e1rtorlaszok \u00e9p\u00edt\u00e9se, a ker\u00edt\u00e9s\u00e9p\u00edt\u00e9s, \u00e9s amikor Magyarorsz\u00e1g ezt tette, az &#8222;humanit\u00e1rius szempontb\u00f3l az EU-ban elfogadhatatlan int\u00e9zked\u00e9snek l\u00e1tszott&#8221;, viszont az\u00f3ta ker\u00edt\u00e9st \u00e9p\u00edtett vagy \u00e9p\u00edt G\u00f6r\u00f6gorsz\u00e1g, Spanyolorsz\u00e1g, Bulg\u00e1ria, Szlov\u00e9nia, \u00c9sztorsz\u00e1g, Litv\u00e1nia, Lettorsz\u00e1g \u00e9s Lengyelorsz\u00e1g.<br \/>\n<div class=\"ads-in-post2\"><script async src=\"https:\/\/pagead2.googlesyndication.com\/pagead\/js\/adsbygoogle.js\"><\/script>\r\n<ins class=\"adsbygoogle\"\r\n     style=\"display:block\"\r\n     data-ad-format=\"fluid\"\r\n     data-ad-layout-key=\"-6t+ed+2i-1n-4w\"\r\n     data-ad-client=\"ca-pub-1959107119989764\"\r\n     data-ad-slot=\"4008251320\"><\/ins>\r\n<script>\r\n     (adsbygoogle = window.adsbygoogle || []).push({});\r\n<\/script><\/div>\n    \u00dagy v\u00e9lte, az uni\u00f3s politikai kult\u00far\u00e1nak nem r\u00e9sze a bocs\u00e1natk\u00e9r\u00e9s, ez\u00e9rt elfogadj\u00e1k, hogy nem k\u00e9rnek bocs\u00e1natot Magyarorsz\u00e1gt\u00f3l, de a hat\u00e1rv\u00e9delemre ford\u00edtott p\u00e9nzt Magyarorsz\u00e1g k\u00e9ri.<br \/>\n    A miniszter elmondta azt is, a Bel\u00fcgyminiszt\u00e9rium meg fogja er\u0151s\u00edteni a hat\u00e1rv\u00e9delmet, \u00f6nk\u00e9nteseket fog felvenni, akiket gyors kik\u00e9pz\u00e9s ut\u00e1n vetnek be a hat\u00e1rv\u00e9delemben. Jelezte: a k\u00fcls\u0151 hat\u00e1rok megv\u00e9d\u00e9se hazafias k\u00f6telezetts\u00e9g, a korm\u00e1ny biztos\u00edtja a hat\u00e1rv\u00e9delem forr\u00e1sait.<br \/>\n    Jelezte: a jogellenes hat\u00e1r\u00e1tl\u00e9p\u00e9si k\u00eds\u00e9rletek sz\u00e1ma ugr\u00e1sszer\u0171en n\u0151tt, napi szinten ezer felett van ma, m\u00edg 2020-ban ez a sz\u00e1m 350 volt.<br \/>\n<strong><br \/>\nA koronav\u00edrus elleni harmadik olt\u00e1s felv\u00e9tel\u00e9re buzd\u00edtotta a m\u00e1r beoltottakat a Minisztereln\u00f6ks\u00e9get vezet\u0151 miniszter a Korm\u00e1nyinf\u00f3n.<\/strong><br \/>\n<div class=\"ads-in-post2\"><script async src=\"https:\/\/pagead2.googlesyndication.com\/pagead\/js\/adsbygoogle.js\"><\/script>\r\n<ins class=\"adsbygoogle\"\r\n     style=\"display:block\"\r\n     data-ad-format=\"fluid\"\r\n     data-ad-layout-key=\"-6t+ed+2i-1n-4w\"\r\n     data-ad-client=\"ca-pub-1959107119989764\"\r\n     data-ad-slot=\"4008251320\"><\/ins>\r\n<script>\r\n     (adsbygoogle = window.adsbygoogle || []).push({});\r\n<\/script><\/div>\n<p>    Az olt\u00e1sok hat\u00e9konys\u00e1ga hat h\u00f3nap ut\u00e1n elkezd cs\u00f6kkenni, h\u00e9t-nyolc h\u00f3nap ut\u00e1n drasztikusan, ez\u00e9rt a korm\u00e1ny azt javasolja mindenkinek, hogy vegye fel a harmadik, eml\u00e9keztet\u0151 olt\u00e1st is, mert \u00edgy a v\u00e9detts\u00e9gi szint megmarad &#8211; k\u00f6z\u00f6lte Guly\u00e1s Gergely.<br \/>\n    Elmondta: a jelenlegi adatok alapj\u00e1n ez a j\u00e1rv\u00e1nyhull\u00e1m annyiban k\u00fcl\u00f6nb\u00f6zik a kor\u00e1bbiakt\u00f3l, hogy &#8222;van fegyver a v\u00edrus ellen&#8221;, ez pedig az olt\u00e1s. Aki olt\u00e1st kap, azok k\u00f6z\u00fcl minden sz\u00e1z emberb\u0151l egy betegszik meg, \u0151 is l\u00e9nyegesen enyh\u00e9bb t\u00fcnetekkel v\u00e9szeli \u00e1t a fert\u0151z\u00e9st.<br \/>\n    A m\u00falt h\u00e9ten a Pfizer is nyilv\u00e1noss\u00e1gra hozta kutat\u00e1si adatait, melyek szerint az olt\u00e1sok hat\u00e9konys\u00e1ga hat h\u00f3nap ut\u00e1n elkezd cs\u00f6kkenni, ez\u00e9rt is sz\u00fcks\u00e9ges a harmadik olt\u00e1s. &#8222;Aki olt\u00e1st kapott, az a nyolcadik-kilencedik h\u00f3nap ut\u00e1n is jobb helyzetben van, mint aki nem oltatta be mag\u00e1t&#8221; &#8211; tette hozz\u00e1 a miniszter.<br \/>\n    Felid\u00e9zte, hogy november 22-t\u0151l olt\u00e1si akci\u00f3hetet ind\u00edtanak, amelynek keret\u00e9ben 101 olt\u00f3ponton el\u0151zetes bejelentkez\u00e9s n\u00e9lk\u00fcl is b\u00e1rki olt\u00e1st kaphat, ak\u00e1r az els\u0151t, a m\u00e1sodikat \u00e9s a harmadikat is. K\u00fcl\u00f6n\u00f6sen fontos, hogy a harmadik olt\u00e1sok sz\u00e1ma szint\u00e9n radik\u00e1lisan n\u00f6vekedjen, f\u0151k\u00e9nt az id\u0151sebb, legyeng\u00fcltebb immunrendszer\u0171 p\u00e1ciensek eset\u00e9ben, de a fiataloknak is javasolt a harmadszori olt\u00e1s.<br \/>\n    &#8222;Az eg\u00e9szs\u00e9g\u00fcgyi kapacit\u00e1sok b\u0151s\u00e9gesen rendelkez\u00e9sre \u00e1llnak, ell\u00e1t\u00e1si zavar, illetve vesz\u00e9lyhelyzet sehol nem \u00e1ll fenn.&#8221; \u00c1ltal\u00e1nosan Magyarorsz\u00e1gon tov\u00e1bbra &#8222;sem k\u00edv\u00e1nunk k\u00f6telez\u0151 olt\u00e1st elrendelni, de lehet\u0151s\u00e9get adtunk&#8221; a munk\u00e1ltat\u00f3k sz\u00e1m\u00e1ra, hogy err\u0151l d\u00f6ntsenek &#8211; fogalmazott Guly\u00e1s Gergely.<br \/>\n    A Minisztereln\u00f6ks\u00e9g vezet\u0151je k\u00fcl\u00f6n\u00f6sen fontosnak nevezte, hogy az \u00e1llami munkat\u00e1rsak, akik sokakkal tartanak kapcsolatot, oltass\u00e1k be magukat, ez\u00e9rt teszik k\u00f6telez\u0151v\u00e9 p\u00e9ld\u00e1ul a Minisztereln\u00f6ks\u00e9g al\u00e1 tartoz\u00f3 ter\u00fcleti k\u00f6zigazgat\u00e1sban, hogy akik a korm\u00e1nyablakokban, \u00fcgyf\u00e9lszolg\u00e1latn\u00e1l teljes\u00edtenek szolg\u00e1latot, december 15-ig, akik k\u00f6zvetlen\u00fcl nem tal\u00e1lkoznak naponta sok emberrel, nekik janu\u00e1r 31-ig k\u00f6telez\u0151 az els\u0151 olt\u00e1s felv\u00e9tele.<br \/>\n<div class=\"ads-in-post2\"><script async src=\"https:\/\/pagead2.googlesyndication.com\/pagead\/js\/adsbygoogle.js\"><\/script>\r\n<ins class=\"adsbygoogle\"\r\n     style=\"display:block\"\r\n     data-ad-format=\"fluid\"\r\n     data-ad-layout-key=\"-6t+ed+2i-1n-4w\"\r\n     data-ad-client=\"ca-pub-1959107119989764\"\r\n     data-ad-slot=\"4008251320\"><\/ins>\r\n<script>\r\n     (adsbygoogle = window.adsbygoogle || []).push({});\r\n<\/script><\/div>\n    Az eg\u00e9szs\u00e9g\u00fcgyben dolgoz\u00f3k \u00e1toltotts\u00e1ga nagyon j\u00f3, van, ahol k\u00f6zel\u00edti a sz\u00e1z sz\u00e1zal\u00e9kot, de k\u00f6r\u00fckben is \u00e9rdemes n\u00f6velni a harmadik olt\u00e1sok ar\u00e1ny\u00e1t. A jogszab\u00e1lyok jelenleg k\u00e9t olt\u00e1st \u00edrnak el\u0151 k\u00f6telez\u0151en, a harmadik csak aj\u00e1nlott &#8211; jelezte a miniszter.<br \/>\n    Guly\u00e1s Gergely a tan\u00e1ri \u00e9rdekk\u00e9pviseletekt\u0151l, szakszervezetekt\u0151l annak a bel\u00e1t\u00e1s\u00e1t k\u00e9rte, hogy mivel \u0151k gyerekekkel foglalkoznak, nagyon fontos, hogy be legyenek oltva. Kor\u00e1bban a pedag\u00f3gusoknak szervezett olt\u00e1sok legnagyobb t\u00e1mogat\u00f3i \u00e9ppen a tan\u00e1ri \u00e9rdekk\u00e9pviseletek voltak, ez\u00e9rt szeretn\u00e9k, ha nem a korm\u00e1ny ellenfelei lenn\u00e9nek, hanem a sz\u00f6vets\u00e9gesei abban, hogy oltass\u00e1k be magukat.<br \/>\n    A mostani adatok alapj\u00e1n nem lehet pontosan megmondani, mikor k\u00f6vetkezik be a negyedik hull\u00e1m cs\u00facsa, de az biztos, hogy min\u00e9l t\u00f6bben oltatj\u00e1k be magukat \u00e9s veszik fel a harmadik olt\u00e1st, ann\u00e1l gyorsabban &#8222;lesz\u00fcnk t\u00fal a negyedik hull\u00e1mon&#8221;. &#8222;Miut\u00e1n tov\u00e1bbi hull\u00e1mok sem z\u00e1rhat\u00f3k ki, ez\u00e9rt egy esetleges \u00f6t\u00f6dik hull\u00e1m eset\u00e9n az lesz v\u00e9dett, aki a harmadik olt\u00e1st is megkapta&#8221; &#8211; jelentette ki Guly\u00e1s Gergely.(MTI)<\/p>\n","protected":false},"excerpt":{"rendered":"<p>A korm\u00e1ny \u00fagy d\u00f6nt\u00f6tt, november 15-t\u0151l a 95-\u00f6s benzin \u00e9s a g\u00e1zolaj \u00e1r\u00e1t 480 forintos fels\u0151 hat\u00e1rral r\u00f6gz\u00edti &#8211; jelentette be Guly\u00e1s Gergely Minisztereln\u00f6ks\u00e9get vezet\u0151 miniszter a cs\u00fct\u00f6rt\u00f6ki Korm\u00e1nyinf\u00f3n.<\/p>\n","protected":false},"author":1001005,"featured_media":49977,"comment_status":"open","ping_status":"open","sticky":false,"template":"","format":"standard","meta":[],"categories":[19,436],"tags":[],"_links":{"self":[{"href":"https:\/\/gazdasagportal.hu\/index.php\/wp-json\/wp\/v2\/posts\/138614"}],"collection":[{"href":"https:\/\/gazdasagportal.hu\/index.php\/wp-json\/wp\/v2\/posts"}],"about":[{"href":"https:\/\/gazdasagportal.hu\/index.php\/wp-json\/wp\/v2\/types\/post"}],"author":[{"embeddable":true,"href":"https:\/\/gazdasagportal.hu\/index.php\/wp-json\/wp\/v2\/users\/1001005"}],"replies":[{"embeddable":true,"href":"https:\/\/gazdasagportal.hu\/index.php\/wp-json\/wp\/v2\/comments?post=138614"}],"version-history":[{"count":1,"href":"https:\/\/gazdasagportal.hu\/index.php\/wp-json\/wp\/v2\/posts\/138614\/revisions"}],"predecessor-version":[{"id":138615,"href":"https:\/\/gazdasagportal.hu\/index.php\/wp-json\/wp\/v2\/posts\/138614\/revisions\/138615"}],"wp:featuredmedia":[{"embeddable":true,"href":"https:\/\/gazdasagportal.hu\/index.php\/wp-json\/wp\/v2\/media\/49977"}],"wp:attachment":[{"href":"https:\/\/gazdasagportal.hu\/index.php\/wp-json\/wp\/v2\/media?parent=138614"}],"wp:term":[{"taxonomy":"category","embeddable":true,"href":"https:\/\/gazdasagportal.hu\/index.php\/wp-json\/wp\/v2\/categories?post=138614"},{"taxonomy":"post_tag","embeddable":true,"href":"https:\/\/gazdasagportal.hu\/index.php\/wp-json\/wp\/v2\/tags?post=138614"}],"curies":[{"name":"wp","href":"https:\/\/api.w.org\/{rel}","templated":true}]}}