{"id":138595,"date":"2021-11-10T10:59:23","date_gmt":"2021-11-10T09:59:23","guid":{"rendered":"https:\/\/gazdasagportal.hu\/?p=138595"},"modified":"2021-11-10T10:59:23","modified_gmt":"2021-11-10T09:59:23","slug":"koronavirus-elhunyt-98-beteg-8434-uj-fertozottet-talaltak-magyarorszagon","status":"publish","type":"post","link":"https:\/\/gazdasagportal.hu\/index.php\/koronavirus-elhunyt-98-beteg-8434-uj-fertozottet-talaltak-magyarorszagon\/","title":{"rendered":"Koronav\u00edrus &#8211; Elhunyt 98 beteg, 8434 \u00faj fert\u0151z\u00f6ttet tal\u00e1ltak Magyarorsz\u00e1gon"},"content":{"rendered":"<p><strong>Meghalt 98, t\u00f6bbs\u00e9g\u00e9ben id\u0151s, kr\u00f3nikus beteg, \u00e9s \u00fajabb 8434 koronav\u00edrus-fert\u0151z\u00f6ttet tal\u00e1ltak Magyarorsz\u00e1gon &#8211; k\u00f6z\u00f6lte a koronavirus.gov.hu szerd\u00e1n. Hozz\u00e1tett\u00e9k: eddig 5 981 915 embert oltottak be Magyarorsz\u00e1gon, k\u00f6z\u00fcl\u00fck 5 760 912-en a m\u00e1sodik, 1 milli\u00f3 431 ezren pedig m\u00e1r a harmadik adag vakcin\u00e1t is megkapt\u00e1k.<\/strong><!--more--><\/p>\n<div class=\"ads-in-post2\"><script async src=\"https:\/\/pagead2.googlesyndication.com\/pagead\/js\/adsbygoogle.js\"><\/script>\r\n<ins class=\"adsbygoogle\"\r\n     style=\"display:block\"\r\n     data-ad-format=\"fluid\"\r\n     data-ad-layout-key=\"-6t+ed+2i-1n-4w\"\r\n     data-ad-client=\"ca-pub-1959107119989764\"\r\n     data-ad-slot=\"4008251320\"><\/ins>\r\n<script>\r\n     (adsbygoogle = window.adsbygoogle || []).push({});\r\n<\/script><\/div>\n<p>    A korm\u00e1nyzati port\u00e1lon azt \u00edrt\u00e1k: 923 020-ra n\u0151tt a Magyarorsz\u00e1gon azonos\u00edtott fert\u0151z\u00f6ttek sz\u00e1ma. Elhunyt 31 619 ember, a gy\u00f3gyultak sz\u00e1ma 813 376-ra emelkedett. Az akt\u00edv fert\u0151z\u00f6ttek sz\u00e1ma 78 025.<br \/>\n    K\u00f3rh\u00e1zban 4830 koronav\u00edrusos beteget \u00e1polnak, k\u00f6z\u00fcl\u00fck 463-an vannak l\u00e9legeztet\u0151g\u00e9pen.<br \/>\n    Hat\u00f3s\u00e1gi h\u00e1zi karant\u00e9nban 32 950-en vannak, a mintav\u00e9telek sz\u00e1ma 7 677 571.<br \/>\n    Kiemelt\u00e9k: a j\u00e1rv\u00e1ny negyedik hull\u00e1m\u00e1nak megf\u00e9kez\u00e9s\u00e9\u00e9rt \u00e9s az \u00e1toltotts\u00e1g n\u00f6vel\u00e9s\u00e9\u00e9rt a korm\u00e1ny november 22-28. k\u00f6z\u00f6tt olt\u00e1si akci\u00f3hetet ind\u00edt, azon a h\u00e9ten az oltatlanok ak\u00e1r el\u0151zetes regisztr\u00e1ci\u00f3, illetve id\u0151pontfoglal\u00e1s n\u00e9lk\u00fcl is mehetnek olt\u00e1sra. A regisztr\u00e1ci\u00f3jukat a helysz\u00ednen v\u00e9gzik el \u00e9s olt\u00e1suk \u00e9rkez\u00e9si sorrendben t\u00f6rt\u00e9nik. Azoknak, akik m\u00e1r kor\u00e1bban regisztr\u00e1ltak az interneten, tov\u00e1bbra is az id\u0151pontfoglal\u00f3t javasolj\u00e1k ak\u00e1r az els\u0151, ak\u00e1r az elmaradt m\u00e1sodik vagy a harmadik olt\u00e1sukat akarj\u00e1k megkapni &#8211; tett\u00e9k hozz\u00e1.<br \/>\n    Hangs\u00falyozt\u00e1k, hogy a koronav\u00edrusos betegek sz\u00e1m\u00e1nak n\u00f6veked\u00e9se miatt &#8211; a j\u00e1rv\u00e1ny el\u0151z\u0151 hull\u00e1mainak felsz\u00e1ll\u00f3 \u00e1g\u00e1hoz hasonl\u00f3an &#8211; a k\u00f3rh\u00e1zakban ism\u00e9t n\u00f6velt\u00e9k a koronav\u00edrusos betegek ell\u00e1t\u00e1s\u00e1ra kijel\u00f6lt \u00e1gyak sz\u00e1m\u00e1t. A betegek v\u00e9delm\u00e9\u00e9rt \u00e9s az eg\u00e9szs\u00e9g\u00fcgyre h\u00e1rul\u00f3 teher cs\u00f6kkent\u00e9s\u00e9\u00e9rt egyes k\u00f3rh\u00e1zakban ism\u00e9t sz\u00fcks\u00e9gess\u00e9 v\u00e1lhat a halaszthat\u00f3 m\u0171t\u00e9tek elnapol\u00e1sa &#8211; \u00edrt\u00e1k.<br \/>\n<div class=\"ads-in-post2\"><script async src=\"https:\/\/pagead2.googlesyndication.com\/pagead\/js\/adsbygoogle.js\"><\/script>\r\n<ins class=\"adsbygoogle\"\r\n     style=\"display:block\"\r\n     data-ad-format=\"fluid\"\r\n     data-ad-layout-key=\"-6t+ed+2i-1n-4w\"\r\n     data-ad-client=\"ca-pub-1959107119989764\"\r\n     data-ad-slot=\"4008251320\"><\/ins>\r\n<script>\r\n     (adsbygoogle = window.adsbygoogle || []).push({});\r\n<\/script><\/div>\n    A korm\u00e1nyzati port\u00e1l eml\u00e9keztetett arra, hogy novembert\u0151l k\u00f6telez\u0151 a maszkvisel\u00e9s a t\u00f6megk\u00f6zleked\u00e9si eszk\u00f6z\u00f6k\u00f6n, valamint az \u00e1toltotts\u00e1g n\u00f6vel\u00e9s\u00e9\u00e9rt a munk\u00e1ltat\u00f3k el\u0151\u00edrhatj\u00e1k az olt\u00e1s felv\u00e9tel\u00e9t dolgoz\u00f3iknak, a kor\u00e1bban beoltottakat pedig a harmadik olt\u00e1s felv\u00e9tel\u00e9re k\u00e9rik. Az \u00e1llami szf\u00e9r\u00e1ban elv\u00e1rt az olt\u00e1s felv\u00e9tele, az \u00f6nkorm\u00e1nyzatokn\u00e1l a k\u00e9rd\u00e9sben a polg\u00e1rmesterek d\u00f6nthetnek.<br \/>\n    K\u00f6z\u00f6lt\u00e9k azt is, hogy a dolgoz\u00f3iknak olt\u00e1st el\u0151\u00edr\u00f3 v\u00e1llalatok a megyei olt\u00e1si munkacsoportokt\u00f3l is k\u00e9rhetnek vakcin\u00e1t, az \u00fczemorvosok rendelkez\u00e9s\u00e9re bocs\u00e1tj\u00e1k az ig\u00e9nyelt mennyis\u00e9g\u0171 olt\u00f3anyagot.<br \/>\n    Felh\u00edvt\u00e1k a figyelmet arra, hogy a v\u00e9d\u0151olt\u00e1s ut\u00e1n kialakul\u00f3 v\u00e9detts\u00e9g  &#8211; minden vakcina eset\u00e9ben &#8211; n\u00e9h\u00e1ny h\u00f3nap eltelt\u00e9vel gyeng\u00fcl, ez\u00e9rt a v\u00edrus elleni er\u0151sebb v\u00e9delem\u00e9rt minden 18 \u00e9v felettinek, akit m\u00e1r t\u00f6bb mint n\u00e9gy h\u00f3napja oltottak, javasolt a harmadik olt\u00e1s.<br \/>\n    Megjegyzik: az \u00faj megbeteged\u00e9seket a delta v\u00edrusvari\u00e1ns okozza, a legnagyobb vesz\u00e9lyben a beoltatlanok vannak, ez\u00e9rt arra k\u00e9rik \u0151ket, hogy regisztr\u00e1ljanak \u00e9s oltass\u00e1k be magukat.<br \/>\n    Hozz\u00e1tett\u00e9k, hogy a beoltottak kevesebb mint 1 sz\u00e1zal\u00e9ka betegszik meg, \u00e9s a betegs\u00e9g lefoly\u00e1sa az oltottakn\u00e1l \u00e1ltal\u00e1ban j\u00f3val enyh\u00e9bb.<br \/>\n<div class=\"ads-in-post2\"><script async src=\"https:\/\/pagead2.googlesyndication.com\/pagead\/js\/adsbygoogle.js\"><\/script>\r\n<ins class=\"adsbygoogle\"\r\n     style=\"display:block\"\r\n     data-ad-format=\"fluid\"\r\n     data-ad-layout-key=\"-6t+ed+2i-1n-4w\"\r\n     data-ad-client=\"ca-pub-1959107119989764\"\r\n     data-ad-slot=\"4008251320\"><\/ins>\r\n<script>\r\n     (adsbygoogle = window.adsbygoogle || []).push({});\r\n<\/script><\/div>\n    Mint \u00edrt\u00e1k, a magyar lakoss\u00e1g t\u00f6bbs\u00e9ge regisztr\u00e1lt v\u00e9d\u0151olt\u00e1sra \u00e9s azt m\u00e1r meg is kapta, aki m\u00e9g nem, tov\u00e1bbra is regisztr\u00e1lhat a www.vakcinainfo.gov.hu honlapon. A regisztr\u00e1ci\u00f3 ut\u00e1n a h\u00e1ziorvosn\u00e1l \u00e9s az interneten is lehet az olt\u00e1sra id\u0151pontot foglalni a www.eeszt.gov.hu honlapon. Az id\u0151pontfoglal\u00f3ban minden \u00e9rv\u00e9nyes regisztr\u00e1ci\u00f3val rendelkez\u0151 foglalhat olt\u00e1sra id\u0151pontot: az els\u0151, az elmaradt m\u00e1sodik \u00e9s a harmadik olt\u00e1sra is.<br \/>\n    Az oldal t\u00e9rk\u00e9pe szerint eddig Budapesten (163 953) \u00e9s Pest megy\u00e9ben (127 679) regisztr\u00e1lt\u00e1k a legt\u00f6bb fert\u0151z\u00f6ttet. Ezt k\u00f6veti Borsod-Aba\u00faj-Zempl\u00e9n (56 180), Hajd\u00fa-Bihar megye (49 101) \u00e9s Gy\u0151r-Moson-Sopron (48 237). A fert\u0151z\u00e9sben legkev\u00e9sb\u00e9 \u00e9rintett megye tov\u00e1bbra is Tolna, 19 310 fert\u0151z\u00f6ttel.(MTI)<\/p>\n","protected":false},"excerpt":{"rendered":"<p>Meghalt 98, t\u00f6bbs\u00e9g\u00e9ben id\u0151s, kr\u00f3nikus beteg, \u00e9s \u00fajabb 8434 koronav\u00edrus-fert\u0151z\u00f6ttet tal\u00e1ltak Magyarorsz\u00e1gon &#8211; k\u00f6z\u00f6lte a koronavirus.gov.hu szerd\u00e1n. Hozz\u00e1tett\u00e9k: eddig 5 981 915 embert oltottak be Magyarorsz\u00e1gon, k\u00f6z\u00fcl\u00fck 5 760 912-en a m\u00e1sodik, 1 milli\u00f3 431 ezren pedig m\u00e1r a harmadik adag vakcin\u00e1t is megkapt\u00e1k.<\/p>\n","protected":false},"author":1001006,"featured_media":0,"comment_status":"open","ping_status":"open","sticky":false,"template":"","format":"standard","meta":[],"categories":[427],"tags":[],"_links":{"self":[{"href":"https:\/\/gazdasagportal.hu\/index.php\/wp-json\/wp\/v2\/posts\/138595"}],"collection":[{"href":"https:\/\/gazdasagportal.hu\/index.php\/wp-json\/wp\/v2\/posts"}],"about":[{"href":"https:\/\/gazdasagportal.hu\/index.php\/wp-json\/wp\/v2\/types\/post"}],"author":[{"embeddable":true,"href":"https:\/\/gazdasagportal.hu\/index.php\/wp-json\/wp\/v2\/users\/1001006"}],"replies":[{"embeddable":true,"href":"https:\/\/gazdasagportal.hu\/index.php\/wp-json\/wp\/v2\/comments?post=138595"}],"version-history":[{"count":1,"href":"https:\/\/gazdasagportal.hu\/index.php\/wp-json\/wp\/v2\/posts\/138595\/revisions"}],"predecessor-version":[{"id":138596,"href":"https:\/\/gazdasagportal.hu\/index.php\/wp-json\/wp\/v2\/posts\/138595\/revisions\/138596"}],"wp:attachment":[{"href":"https:\/\/gazdasagportal.hu\/index.php\/wp-json\/wp\/v2\/media?parent=138595"}],"wp:term":[{"taxonomy":"category","embeddable":true,"href":"https:\/\/gazdasagportal.hu\/index.php\/wp-json\/wp\/v2\/categories?post=138595"},{"taxonomy":"post_tag","embeddable":true,"href":"https:\/\/gazdasagportal.hu\/index.php\/wp-json\/wp\/v2\/tags?post=138595"}],"curies":[{"name":"wp","href":"https:\/\/api.w.org\/{rel}","templated":true}]}}