{"id":138570,"date":"2021-11-09T04:44:24","date_gmt":"2021-11-09T03:44:24","guid":{"rendered":"https:\/\/gazdasagportal.hu\/?p=138570"},"modified":"2021-11-08T23:10:33","modified_gmt":"2021-11-08T22:10:33","slug":"az-elon-musk-sztori-erdekessegek-a-tesla-alapitojarol","status":"publish","type":"post","link":"https:\/\/gazdasagportal.hu\/index.php\/az-elon-musk-sztori-erdekessegek-a-tesla-alapitojarol\/","title":{"rendered":"Az Elon Musk-sztori \u2013 \u00e9rdekess\u00e9gek a Tesla alap\u00edt\u00f3j\u00e1r\u00f3l"},"content":{"rendered":"<p><strong><a href=\"https:\/\/gazdasagportal.hu\/wp-content\/uploads\/2021\/11\/elon-musk.jpg\"><img decoding=\"async\" loading=\"lazy\" class=\"alignleft size-medium wp-image-138571\" src=\"https:\/\/gazdasagportal.hu\/wp-content\/uploads\/2021\/11\/elon-musk-300x196.jpg\" alt=\"\" width=\"300\" height=\"196\" srcset=\"https:\/\/gazdasagportal.hu\/wp-content\/uploads\/2021\/11\/elon-musk-300x196.jpg 300w, https:\/\/gazdasagportal.hu\/wp-content\/uploads\/2021\/11\/elon-musk-1024x669.jpg 1024w, https:\/\/gazdasagportal.hu\/wp-content\/uploads\/2021\/11\/elon-musk-768x502.jpg 768w, https:\/\/gazdasagportal.hu\/wp-content\/uploads\/2021\/11\/elon-musk.jpg 1276w\" sizes=\"(max-width: 300px) 100vw, 300px\" \/><\/a>Mindannyian tudjuk, milyen v\u00edvm\u00e1nyok k\u00f6thet\u0151k a nev\u00e9hez: n\u00e9lk\u00fcle nem lenne PayPal, nem l\u00e9tezne az aut\u00f3z\u00e1st megreform\u00e1l\u00f3 Tesla, \u00e9s a Marsra sz\u00e1ll\u00e1s v\u00e1gy\u00e1lma sem lenne t\u0151l\u00fcnk karny\u00fajt\u00e1snyira a SpaceX-nek k\u00f6sz\u00f6nhet\u0151en. De vajon milyen lehet mag\u00e1nemberk\u00e9nt Elon Musk, ez a 21. sz\u00e1zadi zseni?<\/strong><!--more--><\/p>\n<div class=\"ads-in-post2\"><script async src=\"https:\/\/pagead2.googlesyndication.com\/pagead\/js\/adsbygoogle.js\"><\/script>\r\n<ins class=\"adsbygoogle\"\r\n     style=\"display:block\"\r\n     data-ad-format=\"fluid\"\r\n     data-ad-layout-key=\"-6t+ed+2i-1n-4w\"\r\n     data-ad-client=\"ca-pub-1959107119989764\"\r\n     data-ad-slot=\"4008251320\"><\/ins>\r\n<script>\r\n     (adsbygoogle = window.adsbygoogle || []).push({});\r\n<\/script><\/div>\n<p>Az Elektromos &amp; hibrid aut\u00f3k port\u00e1l <a href=\"https:\/\/www.elektromos-hibrid-autok.hu\/elektromos-autok\/elon-musk-mitosz-1.resz\" target=\"_blank\" rel=\"noopener\">hatr\u00e9szes cikksorozat\u00e1b\u00f3l<\/a> megtudhatjuk, m\u00e1r a feltal\u00e1l\u00f3 gyerekkora sem volt \u00e1tlagosnak mondhat\u00f3 &#8211; \u00e9s ma is olyan \u00e9letet \u00e9l, amir\u0151l legt\u00f6bben nem is \u00e1lmodhatunk. Nem csup\u00e1n \u00fczleti v\u00e1llalkoz\u00e1sai, de csal\u00e1di \u00e9s szerelmi \u00e9lete is a lehet\u0151 legkalandosabban alakult. A mal\u00e1ria legs\u00falyosabb form\u00e1j\u00e1val \u00e9pp \u00fagy meg kellett birk\u00f3znia, mint szadista apja kirohan\u00e1saival, vagy k\u00e9s\u0151bb els\u0151 gyermeke elveszt\u00e9s\u00e9vel.<\/p>\n<p>A d\u00e9l-afrikai sz\u00e1rmaz\u00e1s\u00fa \u00fczletemberr\u0151l elmondhatjuk, eddig minden v\u00e1llalkoz\u00e1sa a lehet\u0151 legsikeresebben alakult, \u00e1m ez j\u00f3r\u00e9szt k\u00f6sz\u00f6nheti kitart\u00e1s\u00e1nak is: m\u00e9g a cs\u0151dk\u00f6zeli pillanatokban sem volt hajland\u00f3 megv\u00e1lni a SpaceX-t\u0151l, ahogy a Tesl\u00e1t\u00f3l sem. \u201cOlyan lett volna, mint egy sz\u00fcl\u0151nek v\u00e1lasztania a gyerekei k\u00f6zt\u201d &#8211; mondja.<\/p><div id=\"gazda-313979821\" class=\"gazda-tartalomban gazda-entity-placement\"><script async src=\"https:\/\/pagead2.googlesyndication.com\/pagead\/js\/adsbygoogle.js\"><\/script>\r\n<ins class=\"adsbygoogle\"\r\n     style=\"display:block\"\r\n     data-ad-format=\"fluid\"\r\n     data-ad-layout-key=\"-6t+ed+2i-1n-4w\"\r\n     data-ad-client=\"ca-pub-1959107119989764\"\r\n     data-ad-slot=\"4008251320\"><\/ins>\r\n<script>\r\n     (adsbygoogle = window.adsbygoogle || []).push({});\r\n<\/script><\/div>\n<p>M\u00e1ra m\u00e1r tudjuk, hogy mindk\u00e9t v\u00e1llalkoz\u00e1s b\u0151s\u00e9gesen megt\u00e9r\u00fclt, hiszen Elon Musk a sz\u00f3 szoros \u00e9rtelemben t\u00f6rt\u00e9nelmet \u00edrt: nem csup\u00e1n a szupermodern, egyre ink\u00e1bb \u00f6nvezet\u0151v\u00e9 v\u00e1l\u00f3 Tesla aut\u00f3k megteremt\u00e9s\u00e9vel reform\u00e1lta meg a k\u00f6zleked\u00e9st, hanem nekiv\u00e1gott a vil\u00e1g\u0171rnek is. Id\u00e9n a nev\u00e9hez k\u00f6thet\u0151 SpaceX mag\u00e1nc\u00e9gk\u00e9nt el\u0151sz\u00f6r k\u00fcld\u00f6tt asztronaut\u00e1kat a Nemzet\u00f6zi \u0170r\u00e1llom\u00e1sra!<\/p>\n<p>Enn\u00e9l is nagyobb c\u00e9l azonban a Mars megh\u00f3d\u00edt\u00e1sa, a v\u00e1llalkoz\u00f3 ugyanis ma m\u00e1r t\u00e9nyk\u00e9nt kezeli: az emberis\u00e9g t\u00fal\u00e9l\u00e9s\u00e9nek kulcsa a v\u00f6r\u00f6s bolyg\u00f3. Nagy \u00e1lma, hogy a Marsot egy nem is t\u00fal t\u00e1voli napon a f\u00f6ldi n\u00f6v\u00e9nyek z\u00f6ldje bor\u00edtsa el. Szeretn\u00e9, ha t\u00f6bb mint 50 \u00e9vvel a Holdra sz\u00e1ll\u00e1s ut\u00e1n v\u00e9gre a Marsra is emberi l\u00e9ny tehetn\u00e9 a l\u00e1b\u00e1t, s\u0151t: szem\u00e9lyes v\u00e1gya, hogy hal\u00e1la ut\u00e1n a v\u00f6r\u00f6s bolyg\u00f3n helyezz\u00e9k \u00f6r\u00f6k nyugalomra.<\/p>\n<div class=\"ads-in-post2\"><script async src=\"https:\/\/pagead2.googlesyndication.com\/pagead\/js\/adsbygoogle.js\"><\/script>\r\n<ins class=\"adsbygoogle\"\r\n     style=\"display:block\"\r\n     data-ad-format=\"fluid\"\r\n     data-ad-layout-key=\"-6t+ed+2i-1n-4w\"\r\n     data-ad-client=\"ca-pub-1959107119989764\"\r\n     data-ad-slot=\"4008251320\"><\/ins>\r\n<script>\r\n     (adsbygoogle = window.adsbygoogle || []).push({});\r\n<\/script><\/div>\nAk\u00e1r el\u0151fut\u00e1r\u00e1nak is tekinthetj\u00fck azt a meggypiros Tesl\u00e1t, amelyet a SpaceX m\u00e9g 2018. febru\u00e1rj\u00e1ban l\u0151tt ki az \u0171rbe, \u00e9s amely &#8211; ha minden j\u00f3l halad &#8211; nem sok\u00e1ra el\u00e9ri a Mars \u00e9s Jupiter k\u00f6z\u00f6tti aszteroid-z\u00f3n\u00e1t is.<\/p>\n<p>\u00cdr\u00e1sunk a <a href=\"https:\/\/www.milyenautot.hu\/elektromos-auto\" target=\"_blank\" rel=\"noopener\">Milyenautot.hu<\/a>, az <a href=\"https:\/\/www.auto-live.hu\/elektromosautok\" target=\"_blank\" rel=\"noopener\">Auto-live.hu<\/a> \u00e9s <a href=\"https:\/\/www.auto-hirek.hu\" target=\"_blank\" rel=\"noopener\">Aut\u00f3 h\u00edrek<\/a> aut\u00f3s port\u00e1l, <a href=\"https:\/\/www.ferfi-magazin.hu\" target=\"_blank\" rel=\"noopener\">F\u00e9rfi magazin<\/a> \u00e9s <a href=\"https:\/\/tizdolog.hu\/\" target=\"_blank\" rel=\"noopener\">T\u00edzdolog.hu<\/a> k\u00f6zrem\u0171k\u00f6d\u00e9s\u00e9vel k\u00e9sz\u00fclt.<\/p>\n","protected":false},"excerpt":{"rendered":"<p>Mindannyian tudjuk, milyen v\u00edvm\u00e1nyok k\u00f6thet\u0151k a nev\u00e9hez: n\u00e9lk\u00fcle nem lenne PayPal, nem l\u00e9tezne az aut\u00f3z\u00e1st megreform\u00e1l\u00f3 Tesla, \u00e9s a Marsra sz\u00e1ll\u00e1s v\u00e1gy\u00e1lma sem lenne t\u0151l\u00fcnk karny\u00fajt\u00e1snyira a SpaceX-nek k\u00f6sz\u00f6nhet\u0151en. De vajon milyen lehet mag\u00e1nemberk\u00e9nt Elon Musk, ez a 21. sz\u00e1zadi zseni?<\/p>\n","protected":false},"author":1001006,"featured_media":138571,"comment_status":"open","ping_status":"open","sticky":false,"template":"","format":"standard","meta":[],"categories":[19,436],"tags":[],"_links":{"self":[{"href":"https:\/\/gazdasagportal.hu\/index.php\/wp-json\/wp\/v2\/posts\/138570"}],"collection":[{"href":"https:\/\/gazdasagportal.hu\/index.php\/wp-json\/wp\/v2\/posts"}],"about":[{"href":"https:\/\/gazdasagportal.hu\/index.php\/wp-json\/wp\/v2\/types\/post"}],"author":[{"embeddable":true,"href":"https:\/\/gazdasagportal.hu\/index.php\/wp-json\/wp\/v2\/users\/1001006"}],"replies":[{"embeddable":true,"href":"https:\/\/gazdasagportal.hu\/index.php\/wp-json\/wp\/v2\/comments?post=138570"}],"version-history":[{"count":1,"href":"https:\/\/gazdasagportal.hu\/index.php\/wp-json\/wp\/v2\/posts\/138570\/revisions"}],"predecessor-version":[{"id":138572,"href":"https:\/\/gazdasagportal.hu\/index.php\/wp-json\/wp\/v2\/posts\/138570\/revisions\/138572"}],"wp:featuredmedia":[{"embeddable":true,"href":"https:\/\/gazdasagportal.hu\/index.php\/wp-json\/wp\/v2\/media\/138571"}],"wp:attachment":[{"href":"https:\/\/gazdasagportal.hu\/index.php\/wp-json\/wp\/v2\/media?parent=138570"}],"wp:term":[{"taxonomy":"category","embeddable":true,"href":"https:\/\/gazdasagportal.hu\/index.php\/wp-json\/wp\/v2\/categories?post=138570"},{"taxonomy":"post_tag","embeddable":true,"href":"https:\/\/gazdasagportal.hu\/index.php\/wp-json\/wp\/v2\/tags?post=138570"}],"curies":[{"name":"wp","href":"https:\/\/api.w.org\/{rel}","templated":true}]}}