{"id":138552,"date":"2021-11-08T08:54:17","date_gmt":"2021-11-08T07:54:17","guid":{"rendered":"https:\/\/gazdasagportal.hu\/?p=138552"},"modified":"2021-11-08T08:54:17","modified_gmt":"2021-11-08T07:54:17","slug":"tozsdenyitas-elott-emelkedest-var-az-elemzo","status":"publish","type":"post","link":"https:\/\/gazdasagportal.hu\/index.php\/tozsdenyitas-elott-emelkedest-var-az-elemzo\/","title":{"rendered":"T\u0151zsdenyit\u00e1s el\u0151tt &#8211; Emelked\u00e9st v\u00e1r az elemz\u0151"},"content":{"rendered":"<p><strong>Miut\u00e1n a p\u00e9nteki keresked\u00e9sben er\u0151teljes negat\u00edv korrekci\u00f3 s\u00f6p\u00f6rt v\u00e9gig Budapesten, h\u00e9tf\u0151n emelked\u00e9sre lehet sz\u00e1m\u00edtani a Budapesti \u00c9rt\u00e9kt\u0151zsd\u00e9n, mivel a nemzetk\u00f6zi befektet\u0151i hangulat \u00f6sszess\u00e9g\u00e9ben pozit\u00edv &#8211; \u00edrta az MTI-nek k\u00fcld\u00f6tt komment\u00e1rj\u00e1ban Varga Zolt\u00e1n, az Equilor Befektet\u00e9si Zrt. senior elemz\u0151je.<\/strong><!--more--><\/p>\n<div class=\"ads-in-post2\"><script async src=\"https:\/\/pagead2.googlesyndication.com\/pagead\/js\/adsbygoogle.js\"><\/script>\r\n<ins class=\"adsbygoogle\"\r\n     style=\"display:block\"\r\n     data-ad-format=\"fluid\"\r\n     data-ad-layout-key=\"-6t+ed+2i-1n-4w\"\r\n     data-ad-client=\"ca-pub-1959107119989764\"\r\n     data-ad-slot=\"4008251320\"><\/ins>\r\n<script>\r\n     (adsbygoogle = window.adsbygoogle || []).push({});\r\n<\/script><\/div>\n<p>    Kiemelte: k\u00fcl\u00f6n\u00f6sen a Richter piac\u00e1n v\u00e1rhat\u00f3 v\u00e9teli nyom\u00e1s, miut\u00e1n a hajnalban k\u00f6zz\u00e9tett negyed\u00e9ves jelent\u00e9s t\u00f6bb soron is meghaladta az el\u0151zetes v\u00e1rakoz\u00e1sokat. A gy\u00f3gyszeripari r\u00e9szv\u00e9nyn\u00e9l fontos ellen\u00e1ll\u00e1si szintek 9 ezer, majd 9100 forintn\u00e1l tal\u00e1lhat\u00f3ak, t\u00e1masz 8700 forintn\u00e1l.<br \/>\n    A Mol \u00e1rfolyam\u00e1ban 2750 forintn\u00e1l h\u00faz\u00f3dik r\u00f6vid t\u00e1v\u00fa t\u00e1masz, m\u00edg 2800 forintn\u00e1l er\u0151teljes ellen\u00e1ll\u00e1si szint &#8211; jegyezte meg. Felid\u00e9zte, hogy a Goldman Sachs 2800 forintr\u00f3l 3000 forintra emelte az olajipari v\u00e1llalat pap\u00edrj\u00e1ra vonatkoz\u00f3 12 havi c\u00e9l\u00e1rfolyam\u00e1t semleges aj\u00e1nl\u00e1s mellett, m\u00edg a Renaissance Capital 2950 forintr\u00f3l 3250 forintra, v\u00e9teli aj\u00e1nl\u00e1s mellett.<br \/>\n    Az OTP \u00e1rfolyam\u00e1ban az elemz\u0151 szerint a 19 ezer forintos szintre \u00e9rdemes figyelni; p\u00e9nteken e szint alatt z\u00e1rt a jegyz\u00e9s, let\u00f6r\u00e9se eset\u00e9n 18 500 forintn\u00e1l h\u00faz\u00f3dik t\u00e1masz. Ellen\u00e1ll\u00e1s 19 250 forintn\u00e1l, majd 19 590 forintn\u00e1l tal\u00e1lhat\u00f3 a bankpap\u00edrn\u00e1l.<br \/>\n<div class=\"ads-in-post2\"><script async src=\"https:\/\/pagead2.googlesyndication.com\/pagead\/js\/adsbygoogle.js\"><\/script>\r\n<ins class=\"adsbygoogle\"\r\n     style=\"display:block\"\r\n     data-ad-format=\"fluid\"\r\n     data-ad-layout-key=\"-6t+ed+2i-1n-4w\"\r\n     data-ad-client=\"ca-pub-1959107119989764\"\r\n     data-ad-slot=\"4008251320\"><\/ins>\r\n<script>\r\n     (adsbygoogle = window.adsbygoogle || []).push({});\r\n<\/script><\/div>\n    A Budapesti \u00c9rt\u00e9kt\u0151zsde r\u00e9szv\u00e9nyindexe, a BUX 825,70 pontos, 1,48 sz\u00e1zal\u00e9kos cs\u00f6kken\u00e9ssel, 55 099,88 ponton z\u00e1rt p\u00e9nteken. A r\u00e9szv\u00e9nypiac forgalma 14,9 milli\u00e1rd forint volt. A Mol 38 forinttal, 1,36 sz\u00e1zal\u00e9kkal 2756 forintra cs\u00f6kkent, 2,7 milli\u00e1rd forintos forgalomban. Az OTP-r\u00e9szv\u00e9nyek \u00e1ra 455 forinttal, 2,35 sz\u00e1zal\u00e9kkal 18 945 forintra esett, forgalmuk 9,2 milli\u00e1rd forintot tett ki. A Magyar Telekom \u00e1rfolyama 2,5 forinttal, 0,57 sz\u00e1zal\u00e9kkal 437,50 forintra er\u0151s\u00f6d\u00f6tt, forgalma 306,7 milli\u00f3 forint volt. A Richter-pap\u00edrok \u00e1rfolyama 80 forinttal, 0,90 sz\u00e1zal\u00e9kkal 8770 forintra gyeng\u00fclt, a r\u00e9szv\u00e9nyek forgalma 2,2 milli\u00e1rd forintot \u00e9rt el.(MTI)<\/p>\n","protected":false},"excerpt":{"rendered":"<p>Miut\u00e1n a p\u00e9nteki keresked\u00e9sben er\u0151teljes negat\u00edv korrekci\u00f3 s\u00f6p\u00f6rt v\u00e9gig Budapesten, h\u00e9tf\u0151n emelked\u00e9sre lehet sz\u00e1m\u00edtani a Budapesti \u00c9rt\u00e9kt\u0151zsd\u00e9n, mivel a nemzetk\u00f6zi befektet\u0151i hangulat \u00f6sszess\u00e9g\u00e9ben pozit\u00edv &#8211; \u00edrta az MTI-nek k\u00fcld\u00f6tt komment\u00e1rj\u00e1ban Varga Zolt\u00e1n, az Equilor Befektet\u00e9si Zrt. senior elemz\u0151je.<\/p>\n","protected":false},"author":1001006,"featured_media":0,"comment_status":"open","ping_status":"open","sticky":false,"template":"","format":"standard","meta":[],"categories":[7],"tags":[],"_links":{"self":[{"href":"https:\/\/gazdasagportal.hu\/index.php\/wp-json\/wp\/v2\/posts\/138552"}],"collection":[{"href":"https:\/\/gazdasagportal.hu\/index.php\/wp-json\/wp\/v2\/posts"}],"about":[{"href":"https:\/\/gazdasagportal.hu\/index.php\/wp-json\/wp\/v2\/types\/post"}],"author":[{"embeddable":true,"href":"https:\/\/gazdasagportal.hu\/index.php\/wp-json\/wp\/v2\/users\/1001006"}],"replies":[{"embeddable":true,"href":"https:\/\/gazdasagportal.hu\/index.php\/wp-json\/wp\/v2\/comments?post=138552"}],"version-history":[{"count":1,"href":"https:\/\/gazdasagportal.hu\/index.php\/wp-json\/wp\/v2\/posts\/138552\/revisions"}],"predecessor-version":[{"id":138553,"href":"https:\/\/gazdasagportal.hu\/index.php\/wp-json\/wp\/v2\/posts\/138552\/revisions\/138553"}],"wp:attachment":[{"href":"https:\/\/gazdasagportal.hu\/index.php\/wp-json\/wp\/v2\/media?parent=138552"}],"wp:term":[{"taxonomy":"category","embeddable":true,"href":"https:\/\/gazdasagportal.hu\/index.php\/wp-json\/wp\/v2\/categories?post=138552"},{"taxonomy":"post_tag","embeddable":true,"href":"https:\/\/gazdasagportal.hu\/index.php\/wp-json\/wp\/v2\/tags?post=138552"}],"curies":[{"name":"wp","href":"https:\/\/api.w.org\/{rel}","templated":true}]}}