{"id":138473,"date":"2021-11-02T15:12:10","date_gmt":"2021-11-02T14:12:10","guid":{"rendered":"https:\/\/gazdasagportal.hu\/?p=138473"},"modified":"2021-11-02T10:13:21","modified_gmt":"2021-11-02T09:13:21","slug":"elindult-az-autowallis-intezmenyi-reszvenyjegyzese","status":"publish","type":"post","link":"https:\/\/gazdasagportal.hu\/index.php\/elindult-az-autowallis-intezmenyi-reszvenyjegyzese\/","title":{"rendered":"Elindult az AutoWallis Int\u00e9zm\u00e9nyi r\u00e9szv\u00e9nyjegyz\u00e9se"},"content":{"rendered":"<p><strong>M\u00e1t\u00f3l adhatj\u00e1k le az int\u00e9zm\u00e9nyi befektet\u0151k aukci\u00f3s v\u00e1s\u00e1rl\u00e1si aj\u00e1nlatukat az AutoWallis r\u00e9szv\u00e9nyekre vonatkoz\u00f3an a forgalmaz\u00f3 OTP Bankn\u00e1l. Az aukci\u00f3s elj\u00e1r\u00e1s november 9-ig tart, \u00e9s az 5-6,5 milli\u00e1rd forint kibocs\u00e1t\u00e1si \u00e9rt\u00e9k\u0171 r\u00e9szv\u00e9nyhez a lakoss\u00e1gi befektet\u0151kh\u00f6z hasonl\u00f3an 107-122 forint k\u00f6z\u00f6tt juthatnak. A magyar t\u0151zsde aut\u00f3s v\u00e1llalata r\u00e9szv\u00e9nyeinek v\u00e9gleges kibocs\u00e1t\u00e1si \u00e1r\u00e1t az int\u00e9zm\u00e9nyi \u00e9rt\u00e9kes\u00edt\u00e9s lez\u00e1r\u00e1s\u00e1t k\u00f6vet\u0151en az AutoWallis \u00e9s a forgalmaz\u00f3 egy\u00fcttesen hat\u00e1rozza meg az \u00e1rs\u00e1von bel\u00fcl. Mint ismert, a lakoss\u00e1gi jegyz\u00e9s az el\u0151zetes v\u00e1rakoz\u00e1sokat jelent\u0151sen meghalad\u00f3 \u00e9rdekl\u0151d\u00e9s miatt m\u00e1r a jegyz\u00e9s harmadik napj\u00e1t k\u00f6vet\u0151en lez\u00e1r\u00e1sra ker\u00fclt, mivel a lakoss\u00e1g sz\u00e1m\u00e1ra maxim\u00e1lisan felaj\u00e1nlott 1,5 milli\u00e1rd forint kibocs\u00e1t\u00e1si \u00e9rt\u00e9k\u0171 r\u00e9szv\u00e9ny csaknem k\u00e9tszeres\u00e9re, 2,8 milli\u00e1rd forintot meghalad\u00f3 \u00f6sszeg\u0171 jegyz\u00e9si ig\u00e9nyt adtak le.<\/strong><!--more--><\/p>\n<div class=\"ads-in-post2\"><script async src=\"https:\/\/pagead2.googlesyndication.com\/pagead\/js\/adsbygoogle.js\"><\/script>\r\n<ins class=\"adsbygoogle\"\r\n     style=\"display:block\"\r\n     data-ad-format=\"fluid\"\r\n     data-ad-layout-key=\"-6t+ed+2i-1n-4w\"\r\n     data-ad-client=\"ca-pub-1959107119989764\"\r\n     data-ad-slot=\"4008251320\"><\/ins>\r\n<script>\r\n     (adsbygoogle = window.adsbygoogle || []).push({});\r\n<\/script><\/div>\n<p>&nbsp;<\/p>\n<p>J\u00f6v\u0151 keddig adhatj\u00e1k le az int\u00e9zm\u00e9nyi befektet\u0151k a forgalmaz\u00f3 OTP Bankn\u00e1l aukci\u00f3s v\u00e1s\u00e1rl\u00e1si aj\u00e1nlatukat az AutoWallis r\u00e9szv\u00e9nyeire a Magyar Nemzeti Bank \u00e1ltal j\u00f3v\u00e1hagyott nyilv\u00e1nos r\u00e9szv\u00e9nykibocs\u00e1t\u00e1si t\u00e1j\u00e9koztat\u00f3ban foglaltak alapj\u00e1n az el\u0151zetesen meghat\u00e1rozott 107-122 forint k\u00f6z\u00f6tti \u00e1rs\u00e1vban. Mint ismert, a 16 naposra tervezett lakoss\u00e1gi r\u00e9szv\u00e9nyjegyz\u00e9s m\u00e1r a jegyz\u00e9s harmadik napj\u00e1t k\u00f6vet\u0151en, 2021. okt\u00f3ber 28-\u00e1n 00:01 perckor v\u00e9get \u00e9rt, miut\u00e1n addig t\u00f6bb mint 2,8 milli\u00e1rd forint \u00f6sszeg\u0171 r\u00e9szv\u00e9nyjegyz\u00e9si ig\u00e9nyt adtak le a lakoss\u00e1gi befektet\u0151k a 122 Ft\/r\u00e9szv\u00e9ny maxim\u00e1lis kibocs\u00e1t\u00e1si \u00e1ron, ezzel meghaladva a sz\u00e1mukra el\u0151zetesen meghat\u00e1rozott maximum 1,5 milli\u00e1rd forintos keretet. <strong>Az AutoWallis a lakoss\u00e1gi \u00e9s az int\u00e9zm\u00e9nyi befektet\u0151kt\u0151l 6-8 milli\u00e1rd forint k\u00f6z\u00f6tti \u00f6sszegben tervez forr\u00e1st bevonni. A t\u00e1rsas\u00e1g tervei szerint ebb\u0151l a lakoss\u00e1gi \u00e9rt\u00e9kes\u00edt\u00e9s 1-1,5 milli\u00e1rd, m\u00edg az int\u00e9zm\u00e9nyi 5-6,5 milli\u00e1rd forint k\u00f6z\u00f6tt alakulhat (t\u00faljegyz\u00e9s eset\u00e9n enn\u00e9l ak\u00e1r 25 sz\u00e1zal\u00e9kkal is magasabb lehet a v\u00e9gs\u0151 kibocs\u00e1t\u00e1si \u00e9rt\u00e9k).<\/strong> <strong>Fontos, hogy a befektet\u00e9si t\u00e1j\u00e9koztat\u00f3 lehet\u0151s\u00e9get biztos\u00edt arra, hogy az AutoWallis az int\u00e9zm\u00e9nyi \u00e9rt\u00e9kes\u00edt\u00e9s c\u00e9lj\u00e1ra sz\u00e1nt mennyis\u00e9gb\u0151l 500 milli\u00f3 forint kibocs\u00e1t\u00e1si \u00e9rt\u00e9k\u0171 r\u00e9szv\u00e9nyt \u00e1tcsoportos\u00edtson a lakoss\u00e1gi \u00e9rt\u00e9kes\u00edt\u00e9s c\u00e9ljaira, tov\u00e1bb\u00e1 arra is, hogy az \u00e1tcsoportos\u00edt\u00e1s eredm\u00e9nyek\u00e9pp megemelt kibocs\u00e1t\u00e1si \u00f6ssz\u00e9rt\u00e9k\u00e9t (2 milli\u00e1rd forint), mint a lakoss\u00e1gi \u00e9rt\u00e9kes\u00edt\u00e9sre vonatkoz\u00f3 maxim\u00e1lis kibocs\u00e1t\u00e1si \u00e9rt\u00e9ket 25 sz\u00e1zal\u00e9kkal megn\u00f6velje <\/strong>(2,5 milli\u00e1rd forintra) \u00e9s az \u00edgy megn\u00f6velt kibocs\u00e1t\u00e1si \u00e9rt\u00e9kig t\u00faljegyz\u00e9st elfogadjon. Err\u0151l az AutoWallis csak a teljes, int\u00e9zm\u00e9nyi befektet\u0151ket is mag\u00e1ban foglal\u00f3 jegyz\u00e9si peri\u00f3dus v\u00e9g\u00e9t k\u00f6vet\u0151 2 munkanapon bel\u00fcl d\u00f6nt a forgalmaz\u00f3val egyet\u00e9rt\u00e9sben, a bevezet\u00e9si t\u00e1j\u00e9koztat\u00f3ban r\u00f6gz\u00edtett felt\u00e9telek szerint. A v\u00e1llalat b\u00edzik benne, hogy jelenlegi r\u00e9szv\u00e9nyesei mell\u00e9 t\u00f6bb sz\u00e1z \u00faj befektet\u0151 csatlakozik azzal a c\u00e9llal, hogy t\u00e1mogass\u00e1k n\u00f6veked\u00e9si strat\u00e9gi\u00e1jukat, \u00e9s r\u00e9szt vegyenek a magyar t\u0151zsde aut\u00f3s v\u00e1llalat\u00e1nak sikersztorij\u00e1ban, amelyen haladva az \u00e9vtized v\u00e9g\u00e9re az AutoWallis Csoport a k\u00f6z\u00e9p-kelet-eur\u00f3pai r\u00e9gi\u00f3 meghat\u00e1roz\u00f3 aut\u00f3kereskedelmi \u00e9s mobilit\u00e1si szolg\u00e1ltat\u00f3j\u00e1v\u00e1 v\u00e1lhat.<br \/>\n<div class=\"ads-in-post2\"><script async src=\"https:\/\/pagead2.googlesyndication.com\/pagead\/js\/adsbygoogle.js\"><\/script>\r\n<ins class=\"adsbygoogle\"\r\n     style=\"display:block\"\r\n     data-ad-format=\"fluid\"\r\n     data-ad-layout-key=\"-6t+ed+2i-1n-4w\"\r\n     data-ad-client=\"ca-pub-1959107119989764\"\r\n     data-ad-slot=\"4008251320\"><\/ins>\r\n<script>\r\n     (adsbygoogle = window.adsbygoogle || []).push({});\r\n<\/script><\/div>\n<p>A t\u00e1rsas\u00e1g a nyilv\u00e1nos lakoss\u00e1gi \u00e9s int\u00e9zm\u00e9nyi r\u00e9szv\u00e9ny\u00e9rt\u00e9kes\u00edt\u00e9s sor\u00e1n t\u00faljegyz\u00e9s eset\u00e9n \u00f6sszesen maximum 93.457.943 darab \u00faj r\u00e9szv\u00e9ny \u00e9rt\u00e9kes\u00edt\u00e9s\u00e9t tervezi. <strong>A lakoss\u00e1gi befektet\u0151k az int\u00e9zm\u00e9nyi k\u00f6nyv\u00e9p\u00edt\u00e9ses aukci\u00f3s elj\u00e1r\u00e1s sor\u00e1n kialakul\u00f3 v\u00e9gleges \u00e1ron, a 107-122 forint k\u00f6z\u00f6tti \u00e1rs\u00e1von bel\u00fcl juthatnak AutoWallis r\u00e9szv\u00e9nyekhez<\/strong>. A lakoss\u00e1gi befektet\u0151k az AutoWallis \u00e1ltal \u00fajonnan kibocs\u00e1tand\u00f3 r\u00e9szv\u00e9nyekre a 107-122 forintos \u00e1rs\u00e1von bel\u00fcl 122 forintos maxim\u00e1lis \u00e1ron tehettek jegyz\u00e9si aj\u00e1nlatot, term\u00e9szetesen azzal, ha a kialakul\u00f3 v\u00e9gleges \u00e1r a maxim\u00e1lis \u00e1rn\u00e1l alacsonyabb lesz, a k\u00fcl\u00f6nb\u00f6zet a lakoss\u00e1gi befektet\u0151k r\u00e9sz\u00e9re visszat\u00e9r\u00edt\u00e9se ker\u00fcl. A r\u00e9szv\u00e9nyek v\u00e9gleges kibocs\u00e1t\u00e1si \u00e1r\u00e1t az int\u00e9zm\u00e9nyi k\u00f6nyv\u00e9p\u00edt\u00e9ses aukci\u00f3s \u00e9rt\u00e9kes\u00edt\u00e9s lez\u00e1r\u00e1s\u00e1t k\u00f6vet\u0151en a kibocs\u00e1t\u00f3 \u00e9s a forgalmaz\u00f3 egy\u00fcttesen hat\u00e1rozza meg az \u00e1rs\u00e1von bel\u00fcl. A r\u00e9szv\u00e9nykibocs\u00e1t\u00e1ssal kapcsolatos r\u00e9szletes inform\u00e1ci\u00f3k a <a href=\"http:\/\/www.otpbank.hu\/autowallis\" target=\"_blank\" rel=\"noopener\">www.otpbank.hu\/autowallis<\/a> oldalon \u00e9rhet\u0151ek el.<\/p>\n<p>&nbsp;<\/p>\n<p><strong>Az AutoWallis r\u00e9szv\u00e9nykibocs\u00e1t\u00e1s\u00e1nak h\u00e1ttere<\/strong><\/p>\n<p>Okt\u00f3ber 25-\u00e9n indult az AutoWallis nyilv\u00e1nos r\u00e9szv\u00e9nykibocs\u00e1t\u00e1sa, mely 2017 \u00f3ta az els\u0151 a Budapesti \u00c9rt\u00e9kt\u0151zsde (B\u00c9T) szab\u00e1lyozott piac\u00e1n, de nemcsak emiatt, hanem a m\u00e9rete miatt is fontos l\u00e9p\u00e9s a magyar t\u0151kepiacon. <strong>A forr\u00e1sbevon\u00e1s h\u00e1tter\u00e9ben az AutoWallis Csoport \u00e1ltal bemutatott n\u00f6veked\u00e9si strat\u00e9gia \u00e1ll, mely 2025-ig 16-38 milli\u00e1rd forint \u00e9rt\u00e9k\u0171 tranzakci\u00f3kkal, akviz\u00edci\u00f3kkal, fejleszt\u00e9sekkel sz\u00e1mol.<\/strong> A v\u00e1llalat dinamikus n\u00f6veked\u00e9s\u00e9t az elm\u00falt \u00e9vekben tapasztalt pozit\u00edv folyamatok \u00e9s sikeres tranzakci\u00f3k t\u00e1mogatj\u00e1k, melyeknek k\u00f6sz\u00f6nhet\u0151en az AutoWallis a 2020-ban el\u00e9rt 88 milli\u00e1rd forintos \u00e1rbev\u00e9tel\u00e9t az idei \u00e9v v\u00e9g\u00e9re t\u00f6bb mint megdupl\u00e1zhatja, m\u00edg a tov\u00e1bbi organikus n\u00f6veked\u00e9snek \u00e9s az \u00e9vi 1-2 tranzakci\u00f3nak k\u00f6sz\u00f6nhet\u0151en a 2020-as \u00e9rt\u00e9k t\u00f6bb mint n\u00e9gyszeres\u00e9re, 400 milli\u00e1rd f\u00f6l\u00e9 n\u00f6velheti az \u00e9vtized k\u00f6zep\u00e9re. A n\u00f6veked\u00e9s a v\u00e1llalat eredm\u00e9nytermel\u0151 k\u00e9pess\u00e9g\u00e9ben is megmutatkozhat: terveik szerint az EBITDA t\u00f6bb mint a hatszoros\u00e1ra, 14-15,2 milli\u00e1rd forint k\u00f6z\u00e9 ugorhat 2025-re.<br \/>\n<div class=\"ads-in-post2\"><script async src=\"https:\/\/pagead2.googlesyndication.com\/pagead\/js\/adsbygoogle.js\"><\/script>\r\n<ins class=\"adsbygoogle\"\r\n     style=\"display:block\"\r\n     data-ad-format=\"fluid\"\r\n     data-ad-layout-key=\"-6t+ed+2i-1n-4w\"\r\n     data-ad-client=\"ca-pub-1959107119989764\"\r\n     data-ad-slot=\"4008251320\"><\/ins>\r\n<script>\r\n     (adsbygoogle = window.adsbygoogle || []).push({});\r\n<\/script><\/div>\n<p>Aut\u00f3kereskedelmi \u00e9s mobilit\u00e1si szolg\u00e1ltat\u00e1si tev\u00e9kenys\u00e9g\u00e9vel <strong>a k\u00f6z\u00e9p-kelet-eur\u00f3pai r\u00e9gi\u00f3 14 orsz\u00e1g\u00e1ban jelenl\u00e9v\u0151 AutoWallis a k\u00f6vetkez\u0151 \u00e9vekben h\u00e1rom f\u0151 ter\u00fcleten k\u00edv\u00e1n n\u00f6vekedni: egyr\u00e9szt szolg\u00e1ltat\u00e1si portfoli\u00f3j\u00e1nak b\u0151v\u00edt\u00e9s\u00e9t, m\u00e1sr\u00e9szt megl\u00e9v\u0151 kiskereskedelmi tev\u00e9kenys\u00e9g\u00e9nek f\u00f6ldrajzi kiterjeszt\u00e9s\u00e9t tervezi, harmadr\u00e9szt pedig nagykereskedelmi tev\u00e9kenys\u00e9g\u00e9t akarja tov\u00e1bb er\u0151s\u00edteni.<\/strong> Ez ut\u00f3bbi esetben is er\u0151s\u00edteni k\u00edv\u00e1nja <strong>region\u00e1lis konszolid\u00e1tori szerep\u00e9t<\/strong>, valamint a jelenlegi \u00f6t mell\u00e9 <strong>tov\u00e1bbi nemzetk\u00f6zi aut\u00f3m\u00e1rk\u00e1kat<\/strong> tervez bevonni az AutoWallis Csoportba. A megl\u00e9v\u0151 kiskereskedelmi \u00fczlet\u00e1g (a Csoport jelenleg 16 aut\u00f3m\u00e1rka mellett a Sixt rent-a-car m\u00e1rk\u00e1t k\u00e9pviseli, illetve \u00e9rt\u00e9kes\u00edti) <strong>organikus b\u0151v\u00fcl\u00e9se<\/strong> mellett a Csoport els\u0151sorban <strong>t\u00f6bbm\u00e1rk\u00e1s, t\u00f6bb telephelyes, illetve strat\u00e9giai lok\u00e1ci\u00f3ban piaci meghat\u00e1roz\u00f3 er\u0151vel b\u00edr\u00f3 egyedi kiskeresked\u00e9sek \u00e9s szervizpontok felv\u00e1s\u00e1rl\u00e1s\u00e1t <\/strong>tervezi, tov\u00e1bb\u00e1 a m\u00e1r megl\u00e9v\u0151k mellett <strong>\u00faj orsz\u00e1gokban k\u00edv\u00e1n megjelenni<\/strong>. Mindezen c\u00e9lok el\u00e9r\u00e9se \u00e9rdek\u00e9ben az AutoWallis olyan <strong>ingatlanberuh\u00e1z\u00e1sokat<\/strong> tervez, melyek a fenntarthat\u00f3s\u00e1gi szempontokat, valamint a t\u00e1rsas\u00e1g Z\u00f6ld Finansz\u00edroz\u00e1si Keretrendszer\u00e9t figyelembe v\u00e9ve t\u00e1mogatj\u00e1k kereskedelmi tev\u00e9kenys\u00e9g\u00e9t. A szolg\u00e1ltat\u00e1sok ter\u00e9n az AutoWallis t\u00f6bbek k\u00f6z\u00f6tt <strong>region\u00e1lis flottakezel\u0151 beind\u00edt\u00e1s\u00e1t<\/strong>, a megl\u00e9v\u0151 szinergi\u00e1kra \u00e9p\u00edt\u0151 <strong>\u00fczletfejleszt\u00e9seket<\/strong> (haszn\u00e1ltaut\u00f3, finansz\u00edroz\u00e1s, biztos\u00edt\u00e1s-k\u00f6zvet\u00edt\u00e9s, k\u00f6z\u00f6s beszerz\u00e9sek), a <strong>digit\u00e1lis \u00e9rt\u00e9kes\u00edt\u00e9si csatorn\u00e1k<\/strong> \u00e9s adatelemz\u00e9si k\u00e9pess\u00e9gek fejleszt\u00e9s\u00e9t, valamint a <strong>szervizszolg\u00e1ltat\u00e1sok<\/strong> \u00e9s a <strong>r\u00f6vidt\u00e1v\u00fa aut\u00f3b\u00e9rl\u00e9s<\/strong> fejleszt\u00e9s\u00e9t tervezi.<\/p>\n<p><strong>\u00a0<\/strong><br \/>\n<div class=\"ads-in-post2\"><script async src=\"https:\/\/pagead2.googlesyndication.com\/pagead\/js\/adsbygoogle.js\"><\/script>\r\n<ins class=\"adsbygoogle\"\r\n     style=\"display:block\"\r\n     data-ad-format=\"fluid\"\r\n     data-ad-layout-key=\"-6t+ed+2i-1n-4w\"\r\n     data-ad-client=\"ca-pub-1959107119989764\"\r\n     data-ad-slot=\"4008251320\"><\/ins>\r\n<script>\r\n     (adsbygoogle = window.adsbygoogle || []).push({});\r\n<\/script><\/div>\n<p><strong>Figyelemfelh\u00edv\u00e1s<\/strong><\/p>\n<p>Jelen k\u00f6zz\u00e9t\u00e9tel a 1129\/2017\/EU rendelet alapj\u00e1n rekl\u00e1mnak min\u0151s\u00fcl. A k\u00f6zz\u00e9t\u00e9tel c\u00e9lja, hogy valamennyi befektet\u0151 hozz\u00e1f\u00e9rjen ugyanazon szab\u00e1lyozott inform\u00e1ci\u00f3khoz \u00e9s \u00edgy a T\u00e1rsas\u00e1g teljes k\u00f6r\u0171 transzparenci\u00e1t biztos\u00edtson, illetve teljes m\u00e9rt\u00e9kben megfeleljen a 1129\/2017\/EU rendelet, az 596\/2014\/EU rendelet, valamint a t\u0151kepiacr\u00f3l sz\u00f3l\u00f3 2001. \u00e9vi CXX. t\u00f6rv\u00e9ny (Tpt.) alapj\u00e1n fenn\u00e1ll\u00f3 t\u0151kepiaci el\u0151\u00edr\u00e1soknak. A jelen k\u00f6zz\u00e9t\u00e9telben foglalt inform\u00e1ci\u00f3kkal kapcsolatban a T\u00e1rsas\u00e1g a 1129\/2017\/EU rendelet alapj\u00e1n \u00e9rt\u00e9kpap\u00edr kibocs\u00e1t\u00e1s\u00e1val kapcsolatos, az MNB \u00e1ltal j\u00f3v\u00e1hagyott t\u00e1j\u00e9koztat\u00f3t tett k\u00f6zz\u00e9, amely el\u00e9rhet\u0151 a bet.hu [<a href=\"https:\/\/www.bet.hu\/newkibdata\/128621182\/AutoWallis_Osszevont%20Tajekoztato_jovahagyott_alairt.pdf\" target=\"_blank\" rel=\"noopener\">https:\/\/www.bet.hu\/newkibdata\/128621182\/AutoWallis_Osszevont%20Tajekoztato_jovahagyott_alairt.pdf<\/a>], a kozzetetelek.mnb.hu [<a href=\"https:\/\/kozzetetelek.mnb.hu\/downloadkozzetetel?id=661680&amp;did=K461665\/2021\" target=\"_blank\" rel=\"noopener\">https:\/\/kozzetetelek.mnb.hu\/downloadkozzetetel?id=661680&amp;did=K461665\/2021<\/a>] oldalakon, illetve a T\u00e1rsas\u00e1g honlapj\u00e1n [<a href=\"https:\/\/smex12-5-en-ctp.trendmicro.com:443\/wis\/clicktime\/v1\/query?url=http%3a%2f%2fwww.autowallis.hu%2freszvenyjegyzes&amp;umid=5aa7e269-ccc4-4af8-9f49-5d6128e23af2&amp;auth=f7b5cc3ac3b1724e6b90ddafbf7204c8561eb06b-77036a51a8f4d820989dd7a875dd850718b23ae4\" target=\"_blank\" rel=\"noopener\">www.autowallis.hu\/reszvenyjegyzes<\/a>], \u00e9s a forgalmaz\u00f3 honlapj\u00e1n [<a href=\"http:\/\/www.otpbank.hu\/autowallis\" target=\"_blank\" rel=\"noopener\">www.otpbank.hu\/autowallis<\/a>].<\/p>\n<p>A t\u00e1j\u00e9koztat\u00f3 MNB \u00e1ltali j\u00f3v\u00e1hagy\u00e1sa nem jelenti a felaj\u00e1nlott \u00e9rt\u00e9kpap\u00edrok j\u00f3v\u00e1hagy\u00e1s\u00e1t. A befektet\u0151knek a r\u00e9szv\u00e9nyek nyilv\u00e1nos \u00e9rt\u00e9kes\u00edt\u00e9s\u00e9vel kapcsolatos befektet\u00e9si d\u00f6nt\u00e9s meghozatala el\u0151tt c\u00e9lszer\u0171 elolvasniuk a t\u00e1j\u00e9koztat\u00f3t a nyilv\u00e1noss\u00e1gra hozatalt k\u00f6vet\u0151en, annak \u00e9rdek\u00e9ben, hogy teljes m\u00e9rt\u00e9kben meg\u00e9rts\u00e9k a vonatkoz\u00f3 befektet\u00e9si d\u00f6nt\u00e9s potenci\u00e1lis kock\u00e1zatait \u00e9s el\u0151nyeit, illetve befektet\u00e9si d\u00f6nt\u00e9s meghozatal\u00e1t megel\u0151z\u0151en \u00e9rdemes k\u00f6r\u00fcltekint\u0151en m\u00e9rlegelni a T\u00e1rsas\u00e1gba, valamint annak \u00e9rt\u00e9kpap\u00edrjaiba t\u00f6rt\u00e9n\u0151 lehets\u00e9ges befektet\u00e9s jogi, ad\u00f3z\u00e1si vagy megt\u00e9r\u00fcl\u00e9si k\u00f6vetkezm\u00e9nyeit, ide\u00e9rtve a befektet\u00e9s el\u0151nyeit \u00e9s a vonatkoz\u00f3 kock\u00e1zatokat. A T\u00e1rsas\u00e1g felh\u00edvja a figyelmet, hogy a T\u00e1rsas\u00e1g \u00e9s k\u00e9pvisel\u0151i nem v\u00e1llalnak felel\u0151ss\u00e9get a befektet\u0151k \u00e1ltal levont k\u00f6vetkeztet\u00e9seken alapul\u00f3 befektet\u00e9si d\u00f6nt\u00e9sek\u00e9rt, azok h\u00e1tr\u00e1nyos jogi k\u00f6vetkezm\u00e9nyei\u00e9rt, illetve p\u00e9nz\u00fcgyi vesztes\u00e9gek\u00e9rt.<\/p>\n<p><strong>AutoWallis Csoport<\/strong><br \/>\n<div class=\"ads-in-post2\"><script async src=\"https:\/\/pagead2.googlesyndication.com\/pagead\/js\/adsbygoogle.js\"><\/script>\r\n<ins class=\"adsbygoogle\"\r\n     style=\"display:block\"\r\n     data-ad-format=\"fluid\"\r\n     data-ad-layout-key=\"-6t+ed+2i-1n-4w\"\r\n     data-ad-client=\"ca-pub-1959107119989764\"\r\n     data-ad-slot=\"4008251320\"><\/ins>\r\n<script>\r\n     (adsbygoogle = window.adsbygoogle || []).push({});\r\n<\/script><\/div>\n<p>A Budapesti \u00c9rt\u00e9kt\u0151zsde Pr\u00e9mium kateg\u00f3ri\u00e1j\u00e1ban, valamint a BUX \u00e9s BUMIX indexekben jegyzett AutoWallis Nyrt. c\u00e9lja, hogy az \u00e9vtized v\u00e9g\u00e9re a k\u00f6z\u00e9p-kelet-eur\u00f3pai r\u00e9gi\u00f3 meghat\u00e1roz\u00f3 aut\u00f3kereskedelmi \u00e9s mobilit\u00e1si szolg\u00e1ltat\u00f3ja legyen. A v\u00e1llalat c\u00e9lja, hogy az aut\u00f3ipari befektet\u00e9sekre f\u00f3kusz\u00e1l\u00f3 befektet\u00e9si portf\u00f3li\u00f3j\u00e1nak folyamatos, akviz\u00edci\u00f3s \u00faton t\u00f6rt\u00e9n\u0151 sz\u00e9les\u00edt\u00e9s\u00e9vel klasszikus, konzervat\u00edv \u00fczletpolitik\u00e1t k\u00e9pvisel\u0151 vagyonkezel\u0151k\u00e9nt m\u0171k\u00f6dj\u00f6n. Az AutoWallis Csoport a k\u00f6z\u00e9p-kelet-eur\u00f3pai r\u00e9gi\u00f3 14 orsz\u00e1g\u00e1ban (Alb\u00e1nia, Bosznia-Hercegovina, Csehorsz\u00e1g, Bulg\u00e1ria, Horv\u00e1torsz\u00e1g, Koszov\u00f3, Lengyelorsz\u00e1g, Rom\u00e1nia, Szerbia, Szlov\u00e1kia, Szlov\u00e9nia, \u00c9szak-Maced\u00f3nia, Magyarorsz\u00e1g, Montenegr\u00f3) g\u00e9pj\u00e1rm\u0171- \u00e9s alkatr\u00e9sz kis- \u00e9s nagykereskedelemmel, szerviz szolg\u00e1ltat\u00e1sokkal, r\u00f6vid- \u00e9s hossz\u00fa t\u00e1v\u00fa g\u00e9pj\u00e1rm\u0171-k\u00f6lcs\u00f6nz\u00e9ssel van jelen. A Csoport \u00e1ltal k\u00e9pviselt m\u00e1rk\u00e1k k\u00f6z\u00e9 tartoznak a BMW szem\u00e9lyaut\u00f3k \u00e9s motorker\u00e9kp\u00e1rok, a Dacia, az Isuzu, a Jaguar, a Kia, a Land Rover, a Maserati, a MINI, a Nissan, az Opel, a Peugeot, a Renault, a SsangYong, a Suzuki, a Toyota, a Saab alkatr\u00e9szek ut\u00e1np\u00f3tl\u00e1sa \u00e9s a Sixt rent-a-car. Az AutoWallis a Budapesti \u00c9rt\u00e9kt\u0151zsde Legek 2020 D\u00edj\u00e1tad\u00f3n elnyerte \u201eAz \u00e9v alapt\u0151ke-emel\u00e9se\u201d d\u00edjat. <a href=\"http:\/\/www.autowallis.hu\" target=\"_blank\" rel=\"noopener\">www.autowallis.hu<\/a> <a href=\"http:\/\/www.facebook.com\/AutoWallis\" target=\"_blank\" rel=\"noopener\">www.facebook.com\/AutoWallis<\/a><\/p>\n","protected":false},"excerpt":{"rendered":"<p>M\u00e1t\u00f3l adhatj\u00e1k le az int\u00e9zm\u00e9nyi befektet\u0151k aukci\u00f3s v\u00e1s\u00e1rl\u00e1si aj\u00e1nlatukat az AutoWallis r\u00e9szv\u00e9nyekre vonatkoz\u00f3an a forgalmaz\u00f3 OTP Bankn\u00e1l. Az aukci\u00f3s elj\u00e1r\u00e1s november 9-ig tart, \u00e9s az 5-6,5 milli\u00e1rd forint kibocs\u00e1t\u00e1si \u00e9rt\u00e9k\u0171 r\u00e9szv\u00e9nyhez a lakoss\u00e1gi befektet\u0151kh\u00f6z hasonl\u00f3an 107-122 forint k\u00f6z\u00f6tt juthatnak. A magyar t\u0151zsde aut\u00f3s v\u00e1llalata r\u00e9szv\u00e9nyeinek v\u00e9gleges kibocs\u00e1t\u00e1si \u00e1r\u00e1t az int\u00e9zm\u00e9nyi \u00e9rt\u00e9kes\u00edt\u00e9s lez\u00e1r\u00e1s\u00e1t k\u00f6vet\u0151en az AutoWallis &#8230;<\/p>\n","protected":false},"author":1,"featured_media":0,"comment_status":"open","ping_status":"open","sticky":false,"template":"","format":"standard","meta":[],"categories":[7],"tags":[],"_links":{"self":[{"href":"https:\/\/gazdasagportal.hu\/index.php\/wp-json\/wp\/v2\/posts\/138473"}],"collection":[{"href":"https:\/\/gazdasagportal.hu\/index.php\/wp-json\/wp\/v2\/posts"}],"about":[{"href":"https:\/\/gazdasagportal.hu\/index.php\/wp-json\/wp\/v2\/types\/post"}],"author":[{"embeddable":true,"href":"https:\/\/gazdasagportal.hu\/index.php\/wp-json\/wp\/v2\/users\/1"}],"replies":[{"embeddable":true,"href":"https:\/\/gazdasagportal.hu\/index.php\/wp-json\/wp\/v2\/comments?post=138473"}],"version-history":[{"count":1,"href":"https:\/\/gazdasagportal.hu\/index.php\/wp-json\/wp\/v2\/posts\/138473\/revisions"}],"predecessor-version":[{"id":138474,"href":"https:\/\/gazdasagportal.hu\/index.php\/wp-json\/wp\/v2\/posts\/138473\/revisions\/138474"}],"wp:attachment":[{"href":"https:\/\/gazdasagportal.hu\/index.php\/wp-json\/wp\/v2\/media?parent=138473"}],"wp:term":[{"taxonomy":"category","embeddable":true,"href":"https:\/\/gazdasagportal.hu\/index.php\/wp-json\/wp\/v2\/categories?post=138473"},{"taxonomy":"post_tag","embeddable":true,"href":"https:\/\/gazdasagportal.hu\/index.php\/wp-json\/wp\/v2\/tags?post=138473"}],"curies":[{"name":"wp","href":"https:\/\/api.w.org\/{rel}","templated":true}]}}