{"id":13837,"date":"2013-08-13T15:48:22","date_gmt":"2013-08-13T13:48:22","guid":{"rendered":"http:\/\/stockportal.hu\/?p=13837"},"modified":"2013-08-13T15:48:22","modified_gmt":"2013-08-13T13:48:22","slug":"nott-az-amerikai-kiskereskedelmi-forgalom-juliusban","status":"publish","type":"post","link":"https:\/\/gazdasagportal.hu\/index.php\/nott-az-amerikai-kiskereskedelmi-forgalom-juliusban\/","title":{"rendered":"N\u0151tt az amerikai kiskereskedelmi forgalom j\u00faliusban"},"content":{"rendered":"<p><strong>N\u0151tt, de a v\u00e1rtn\u00e1l kisebb m\u00e9rt\u00e9kben az amerikai kiskereskedelmi forgalom j\u00faliusban.<!--more--><\/strong><\/p>\n<p>A washingtoni kereskedelmi miniszt\u00e9rium kedden arr\u00f3l sz\u00e1molt be, hogy j\u00faliusban az el\u0151z\u0151 havihoz k\u00e9pest 0,2 sz\u00e1zal\u00e9kkal n\u0151tt a kiskereskedelmi forgalom az Egyes\u00fclt \u00c1llamokban a j\u00faniusi 0,4 sz\u00e1zal\u00e9kr\u00f3l 0,6 sz\u00e1zal\u00e9kra v\u00e1ltoztatott n\u00f6veked\u00e9s ut\u00e1n. Elemz\u0151k 0,3 sz\u00e1zal\u00e9kos n\u00f6veked\u00e9st v\u00e1rtak j\u00faliusra.<br \/>\nJ\u00faliusban m\u00e1r sorban a negyedik h\u00f3napban emelkedett a kiskereskedelmi forgalom az Egyes\u00fclt \u00c1llamokban.<br \/>\nA g\u00e9pj\u00e1rm\u0171-\u00e9rt\u00e9kes\u00edt\u00e9s n\u00e9lk\u00fcl sz\u00e1molt kiskereskedelmi forgalom 0,5 sz\u00e1zal\u00e9kkal n\u0151tt a m\u00falt h\u00f3napban a szak\u00e9r\u0151k \u00e1ltal v\u00e1rt 0,4 sz\u00e1zal\u00e9kkal szemben.(MTI)<\/p>\n","protected":false},"excerpt":{"rendered":"<p>N\u0151tt, de a v\u00e1rtn\u00e1l kisebb m\u00e9rt\u00e9kben az amerikai kiskereskedelmi forgalom j\u00faliusban.<\/p>\n","protected":false},"author":1,"featured_media":0,"comment_status":"open","ping_status":"closed","sticky":false,"template":"","format":"standard","meta":[],"categories":[13],"tags":[],"_links":{"self":[{"href":"https:\/\/gazdasagportal.hu\/index.php\/wp-json\/wp\/v2\/posts\/13837"}],"collection":[{"href":"https:\/\/gazdasagportal.hu\/index.php\/wp-json\/wp\/v2\/posts"}],"about":[{"href":"https:\/\/gazdasagportal.hu\/index.php\/wp-json\/wp\/v2\/types\/post"}],"author":[{"embeddable":true,"href":"https:\/\/gazdasagportal.hu\/index.php\/wp-json\/wp\/v2\/users\/1"}],"replies":[{"embeddable":true,"href":"https:\/\/gazdasagportal.hu\/index.php\/wp-json\/wp\/v2\/comments?post=13837"}],"version-history":[{"count":1,"href":"https:\/\/gazdasagportal.hu\/index.php\/wp-json\/wp\/v2\/posts\/13837\/revisions"}],"predecessor-version":[{"id":13843,"href":"https:\/\/gazdasagportal.hu\/index.php\/wp-json\/wp\/v2\/posts\/13837\/revisions\/13843"}],"wp:attachment":[{"href":"https:\/\/gazdasagportal.hu\/index.php\/wp-json\/wp\/v2\/media?parent=13837"}],"wp:term":[{"taxonomy":"category","embeddable":true,"href":"https:\/\/gazdasagportal.hu\/index.php\/wp-json\/wp\/v2\/categories?post=13837"},{"taxonomy":"post_tag","embeddable":true,"href":"https:\/\/gazdasagportal.hu\/index.php\/wp-json\/wp\/v2\/tags?post=13837"}],"curies":[{"name":"wp","href":"https:\/\/api.w.org\/{rel}","templated":true}]}}