{"id":138192,"date":"2021-10-13T00:21:44","date_gmt":"2021-10-12T22:21:44","guid":{"rendered":"https:\/\/gazdasagportal.hu\/index.php\/kviz-tudod-ki-irta-a-vilagirodalom-klasszikus-muveit\/"},"modified":"2021-10-13T00:21:44","modified_gmt":"2021-10-12T22:21:44","slug":"kviz-tudod-ki-irta-a-vilagirodalom-klasszikus-muveit","status":"publish","type":"post","link":"https:\/\/gazdasagportal.hu\/index.php\/kviz-tudod-ki-irta-a-vilagirodalom-klasszikus-muveit\/","title":{"rendered":"Kv\u00edz \u2013 Tudod ki \u00edrta a vil\u00e1girodalom klasszikus m\u0171veit?"},"content":{"rendered":"<p><a target=\"_blank\" href=\"https:\/\/onlinekviz.hu\/kviz-tudod-ki-irta-a-vilagirodalom-klasszikus-muveit\/?utm_source=rss&#038;utm_medium=rss&#038;utm_campaign=kviz-tudod-ki-irta-a-vilagirodalom-klasszikus-muveit\" rel=\"noopener\"><strong><span style=\"color: #ff0000;\">  Ugras az eredeti oldalra<\/span><br \/>\n<\/strong> <\/a><\/p>\n<p>Az eredeti oldal itt tal\u00e1lhat\u00f3:<strong><span style=\"color: #ff0000;\">  <a target=\"_blank\" href=\"https:\/\/onlinekviz.hu\/kviz-tudod-ki-irta-a-vilagirodalom-klasszikus-muveit\/?utm_source=rss&#038;utm_medium=rss&#038;utm_campaign=kviz-tudod-ki-irta-a-vilagirodalom-klasszikus-muveit\" rel=\"noopener\"> https:\/\/onlinekviz.hu\/kviz-tudod-ki-irta-a-vilagirodalom-klasszikus-muveit\/?utm_source=rss&#038;utm_medium=rss&#038;utm_campaign=kviz-tudod-ki-irta-a-vilagirodalom-klasszikus-muveit<\/a><br \/><\/span><br \/>\n<\/strong><\/p>\n<h1>Kv\u00edz \u2013 Tudod ki \u00edrta a vil\u00e1girodalom klasszikus m\u0171veit?<\/h1>\n<p><img decoding=\"async\" class=\"wpe_imgrss\" src=\"https:\/\/gazdasagportal.hu\/wp-content\/uploads\/2021\/10\/25_1_harom_testor_.jpg\"><\/p>\n","protected":false},"excerpt":{"rendered":"<p>Ugras az eredeti oldalra Az eredeti oldal itt tal\u00e1lhat\u00f3: https:\/\/onlinekviz.hu\/kviz-tudod-ki-irta-a-vilagirodalom-klasszikus-muveit\/?utm_source=rss&#038;utm_medium=rss&#038;utm_campaign=kviz-tudod-ki-irta-a-vilagirodalom-klasszikus-muveit Kv\u00edz \u2013 Tudod ki \u00edrta a vil\u00e1girodalom klasszikus m\u0171veit?<\/p>\n","protected":false},"author":1,"featured_media":138193,"comment_status":"closed","ping_status":"closed","sticky":false,"template":"","format":"standard","meta":[],"categories":[440],"tags":[],"_links":{"self":[{"href":"https:\/\/gazdasagportal.hu\/index.php\/wp-json\/wp\/v2\/posts\/138192"}],"collection":[{"href":"https:\/\/gazdasagportal.hu\/index.php\/wp-json\/wp\/v2\/posts"}],"about":[{"href":"https:\/\/gazdasagportal.hu\/index.php\/wp-json\/wp\/v2\/types\/post"}],"author":[{"embeddable":true,"href":"https:\/\/gazdasagportal.hu\/index.php\/wp-json\/wp\/v2\/users\/1"}],"replies":[{"embeddable":true,"href":"https:\/\/gazdasagportal.hu\/index.php\/wp-json\/wp\/v2\/comments?post=138192"}],"version-history":[{"count":0,"href":"https:\/\/gazdasagportal.hu\/index.php\/wp-json\/wp\/v2\/posts\/138192\/revisions"}],"wp:featuredmedia":[{"embeddable":true,"href":"https:\/\/gazdasagportal.hu\/index.php\/wp-json\/wp\/v2\/media\/138193"}],"wp:attachment":[{"href":"https:\/\/gazdasagportal.hu\/index.php\/wp-json\/wp\/v2\/media?parent=138192"}],"wp:term":[{"taxonomy":"category","embeddable":true,"href":"https:\/\/gazdasagportal.hu\/index.php\/wp-json\/wp\/v2\/categories?post=138192"},{"taxonomy":"post_tag","embeddable":true,"href":"https:\/\/gazdasagportal.hu\/index.php\/wp-json\/wp\/v2\/tags?post=138192"}],"curies":[{"name":"wp","href":"https:\/\/api.w.org\/{rel}","templated":true}]}}