{"id":138141,"date":"2021-10-08T12:04:40","date_gmt":"2021-10-08T10:04:40","guid":{"rendered":"https:\/\/gazdasagportal.hu\/?p=138141"},"modified":"2021-10-08T12:04:40","modified_gmt":"2021-10-08T10:04:40","slug":"sokkal-nagyobb-gdp-novekedest-var-a-kopint-tarki-a-korabbi-elorejelzesehez-kepest","status":"publish","type":"post","link":"https:\/\/gazdasagportal.hu\/index.php\/sokkal-nagyobb-gdp-novekedest-var-a-kopint-tarki-a-korabbi-elorejelzesehez-kepest\/","title":{"rendered":"Sokkal nagyobb GDP-n\u00f6veked\u00e9st v\u00e1r a Kopint-T\u00e1rki a kor\u00e1bbi el\u0151rejelz\u00e9s\u00e9hez k\u00e9pest"},"content":{"rendered":"<p><strong>A Kopint-T\u00e1rki ny\u00e1ron jelzett 5-5,5 sz\u00e1zal\u00e9k helyett j\u00f3val nagyobb, 6,8 sz\u00e1zal\u00e9kos GDP-n\u00f6veked\u00e9st v\u00e1r az id\u00e9n &#8211; ismertette Pal\u00f3cz \u00c9va vez\u00e9rigazgat\u00f3 a kutat\u00f3int\u00e9zet legfrissebb konjunkt\u00farajelent\u00e9s\u00e9t p\u00e9nteken.<\/strong><!--more--><\/p>\n<div class=\"ads-in-post2\"><script async src=\"https:\/\/pagead2.googlesyndication.com\/pagead\/js\/adsbygoogle.js\"><\/script>\r\n<ins class=\"adsbygoogle\"\r\n     style=\"display:block\"\r\n     data-ad-format=\"fluid\"\r\n     data-ad-layout-key=\"-6t+ed+2i-1n-4w\"\r\n     data-ad-client=\"ca-pub-1959107119989764\"\r\n     data-ad-slot=\"4008251320\"><\/ins>\r\n<script>\r\n     (adsbygoogle = window.adsbygoogle || []).push({});\r\n<\/script><\/div>\n<p>    A Kopint-T\u00e1rki online sajt\u00f3t\u00e1j\u00e9koztat\u00f3j\u00e1n elmondta: a 2021-es n\u00f6veked\u00e9s valamennyi \u00f6sszetev\u0151j\u00e9t jelent\u0151s kock\u00e1zat \u00f6vezi. Nem tartj\u00e1k val\u00f3sz\u00edn\u0171nek a 8,0 sz\u00e1zal\u00e9k feletti n\u00f6veked\u00e9st, amit n\u00e9h\u00e1ny kutat\u00f3int\u00e9zet k\u00f6zz\u00e9tett.<br \/>\n    Hozz\u00e1tette, 2022-ben v\u00e1ltozatlanul 5,0 sz\u00e1zal\u00e9k k\u00f6r\u00fcli GDP-n\u00f6veked\u00e9st v\u00e1rnak.<br \/>\n    A tavalyi 3,3 sz\u00e1zal\u00e9kos fogyaszt\u00f3i \u00e1rindex ut\u00e1n id\u00e9n enn\u00e9l magasabb, 4,8 sz\u00e1zal\u00e9kos infl\u00e1ci\u00f3t v\u00e1r a Kopint-T\u00e1rki, ha a nyersanyagok \u00e1ra tov\u00e1bb emelkedik \u00e9v v\u00e9g\u00e9ig, akkor az 5 sz\u00e1zal\u00e9k sem z\u00e1rhat\u00f3 ki &#8211; mondta Pal\u00f3cz \u00c9va.<br \/>\n    K\u00f6z\u00f6lte: az int\u00e9zet szerint a 3 sz\u00e1zal\u00e9kos c\u00e9ls\u00e1vba j\u00f6v\u0151re nem fog visszat\u00e9rni az infl\u00e1ci\u00f3. Az alapkamat j\u00f6v\u0151re legal\u00e1bb 3 sz\u00e1zal\u00e9k lesz. Az ipar \u00e9s az \u00e9p\u00edt\u0151ipar termel\u00e9se n\u00f6vekedni fog a v\u00e1rakoz\u00e1saik szerint. B\u00e1r a havi \u00f6sszevet\u00e9s\u0171 ipari termel\u00e9si adatok kedvez\u0151tlenek, \u00e9ves alapon 11 sz\u00e1zal\u00e9kos lehet a b\u0151v\u00fcl\u00e9s. Az \u00e9p\u00edt\u0151ipar is \u00e9rdemben, 10 sz\u00e1zal\u00e9k felett b\u0151v\u00fclhet id\u00e9n. Jelezt\u00e9k: a lak\u00e1s\u00e9p\u00edt\u00e9s \u00e1fakulcs\u00e1nak ism\u00e9telt lesz\u00e1ll\u00edt\u00e1sa, valamint a bejelentett otthonteremt\u00e9si kedvezm\u00e9nyek \u00e9s az \u00faj z\u00f6ldhitel az indul\u00f3 projektek sz\u00e1m\u00e1nak jelent\u0151s emelked\u00e9s\u00e9t eredm\u00e9nyezi id\u0151vel, \u00e1m ennek hat\u00e1sa tal\u00e1n csak j\u00f6v\u0151re v\u00e1lik l\u00e1that\u00f3v\u00e1. A beruh\u00e1z\u00e1sok ter\u00e9n 7,4 sz\u00e1zal\u00e9kos emelked\u00e9st v\u00e1rnak a vez\u00e9rigazgat\u00f3 ismertet\u00e9se szerint.<br \/>\n    Kit\u00e9rt arra, hogy az \u00e1llamad\u00f3ss\u00e1g GDP-r\u00e1t\u00e1ja \u00e9v v\u00e9g\u00e9re ism\u00e9t emelkedik. A 2020-ban ism\u00e9t 80 sz\u00e1zal\u00e9k f\u00f6l\u00e9 emelked\u0151 \u00e1llamad\u00f3ss\u00e1g finansz\u00edroz\u00e1sa is egyre nagyobb finansz\u00edroz\u00e1si terheket r\u00f3 a k\u00f6lts\u00e9gvet\u00e9sre a vil\u00e1gm\u00e9retekben emelked\u0151 kamatszintek \u00e9s hozamelv\u00e1r\u00e1sok k\u00f6vetkezt\u00e9ben. Az \u00e1llamad\u00f3ss\u00e1g r\u00e1ta 2021-ben bizonyosan cs\u00f6kkenni fog, mivel a GDP foly\u00f3 \u00e1ras n\u00f6veked\u00e9se j\u00f3csk\u00e1n meg fogja haladni a 10 sz\u00e1zal\u00e9kot, ennek ellen\u00e9re az er\u0151sen prociklikus fisk\u00e1lis politika mindenk\u00e9ppen \u00e1tgondol\u00e1sra szorul. A legf\u0151bb negat\u00edv, lefel\u00e9 ir\u00e1nyul\u00f3 kock\u00e1zat az int\u00e9zet szerint a k\u00f6lts\u00e9gvet\u00e9si kiad\u00e1sok n\u00f6veked\u00e9se, tov\u00e1bbi negat\u00edv kock\u00e1zat az uni\u00f3s forr\u00e1sok be\u00e9rkez\u00e9se k\u00f6r\u00fcli bizonytalans\u00e1g.<br \/>\n<div class=\"ads-in-post2\"><script async src=\"https:\/\/pagead2.googlesyndication.com\/pagead\/js\/adsbygoogle.js\"><\/script>\r\n<ins class=\"adsbygoogle\"\r\n     style=\"display:block\"\r\n     data-ad-format=\"fluid\"\r\n     data-ad-layout-key=\"-6t+ed+2i-1n-4w\"\r\n     data-ad-client=\"ca-pub-1959107119989764\"\r\n     data-ad-slot=\"4008251320\"><\/ins>\r\n<script>\r\n     (adsbygoogle = window.adsbygoogle || []).push({});\r\n<\/script><\/div>\n    Az \u00e9v tov\u00e1bbi r\u00e9sz\u00e9ben a kereseti dinamika n\u00e9mileg tov\u00e1bb f\u00e9kez\u0151dhet, de az \u00e9ves \u00e1tlagos index m\u00e9g \u00edgy is j\u00f3 es\u00e9llyel meghaladja majd a 8 sz\u00e1zal\u00e9kot.<br \/>\n    Id\u00e9n az export \u00e9s az import vonatkoz\u00e1s\u00e1ban is a k\u00e9t legnagyobb s\u00faly\u00fa term\u00e9kcsoport &#8211; g\u00e9pek-sz\u00e1ll\u00edt\u00f3eszk\u00f6z\u00f6k \u00e9s feldolgozott term\u00e9kek &#8211; hajtja a n\u00f6veked\u00e9st, \u00f6sszess\u00e9g\u00e9ben k\u00f6zepes \u00fctem\u0171, nagyj\u00e1b\u00f3l azonos export- \u00e9s importn\u00f6veked\u00e9sre sz\u00e1m\u00edt a Kopint-T\u00e1rki. Az \u00e9ves k\u00fclkereskedelmi t\u00f6bblet a tavalyi 5,6 milli\u00e1rd eur\u00f3 ut\u00e1n az id\u00e9n 6,5 milli\u00e1rd eur\u00f3 k\u00f6r\u00fcl alakulhat. Az \u00e9ves \u00e1tlagos forint\/eur\u00f3 \u00e1rfolyam 356 forint lehet az elemz\u00e9s szerint.<br \/>\n    Nagy Katalin, a Kopint Konjunkt\u00farakutat\u00e1si Alap\u00edtv\u00e1ny \u00fcgyvezet\u0151 igazgat\u00f3ja elmondta: a vil\u00e1ggazdas\u00e1gban 5 sz\u00e1zal\u00e9k feletti glob\u00e1lis n\u00f6veked\u00e9s lehet id\u00e9n, gyorsul\u00f3 infl\u00e1ci\u00f3 mellett, ami a legnagyobb kock\u00e1zatot jelenti. Az \u00e9v eleji dinamika al\u00e1bbhagy az utols\u00f3 h\u00f3napokban a j\u00e1rv\u00e1ny \u00fajabb hull\u00e1ma miatt.<br \/>\n    Az \u00e9rt\u00e9kl\u00e1ncok nem \u00e1lltak helyre, \u00e1lland\u00f3 logisztikai-termel\u00e9si fennakad\u00e1sok vannak, ez az \u00e1rakat is felfel\u00e9 nyomja, \u00e9s neh\u00e9z helyzetbe hozza az aut\u00f3ipari \u00e1gazatot is. \u00c9v v\u00e9g\u00e9n a monet\u00e1ris szigor\u00edt\u00e1s els\u0151 jelei v\u00e1rhat\u00f3ak &#8211; jelezte.<br \/>\n<div class=\"ads-in-post2\"><script async src=\"https:\/\/pagead2.googlesyndication.com\/pagead\/js\/adsbygoogle.js\"><\/script>\r\n<ins class=\"adsbygoogle\"\r\n     style=\"display:block\"\r\n     data-ad-format=\"fluid\"\r\n     data-ad-layout-key=\"-6t+ed+2i-1n-4w\"\r\n     data-ad-client=\"ca-pub-1959107119989764\"\r\n     data-ad-slot=\"4008251320\"><\/ins>\r\n<script>\r\n     (adsbygoogle = window.adsbygoogle || []).push({});\r\n<\/script><\/div>\n    A kelet-eur\u00f3pai r\u00e9gi\u00f3 orsz\u00e1gaiban id\u00e9n 5 sz\u00e1zal\u00e9k feletti lehet a GDP-n\u00f6veked\u00e9s, az idei m\u00e1sodik negyed\u00e9vben az els\u0151 h\u00e1rom legnagyobb n\u00f6veked\u00e9st mutat\u00f3 orsz\u00e1g, amely tavaly a m\u00e1sodik negyed\u00e9vben a legnagyobb visszaes\u00e9st mutatta: Magyarorsz\u00e1g, Szlov\u00e9nia, \u00e9s Horv\u00e1torsz\u00e1g voltak. A j\u00f6v\u0151ben sz\u00e1mos kock\u00e1zat leselkedik a kelet-k\u00f6z\u00e9p eur\u00f3pai tag\u00e1llamokra. A glob\u00e1lis alapanyaghi\u00e1ny tov\u00e1bbi gy\u00e1rle\u00e1ll\u00e1sokat okozhat, els\u0151sorban a j\u00e1rm\u0171iparban, ahol m\u00e1r k\u00e9szletre sem tudnak termelni a v\u00e1llalatok. K\u00f6zben a rendel\u00e9s\u00e1llom\u00e1ny t\u00f6bbsz\u00f6r\u00f6sen meghaladja azt a kapacit\u00e1st, amellyel a termel\u0151k rendelkeznek, \u00e9s a teljes\u00edt\u00e9sek is h\u00f3napokkal n\u0151ttek. Ek\u00f6zben \u00fajra munkaer\u0151hi\u00e1nnyal k\u00fczdenek az \u00e1gazatok \u00e9s jelent\u0151s b\u00e9remelked\u00e9si hull\u00e1m is elindult a t\u00e9rs\u00e9gben.<br \/>\n    J\u00f6v\u0151re az idei 5 sz\u00e1zal\u00e9k feletti n\u00f6veked\u00e9si \u00fctem lassulhat, de m\u00e9g \u00edgy is 4-5 sz\u00e1zal\u00e9k k\u00f6r\u00fcli lehet. 2022-ben els\u0151sorban az infl\u00e1ci\u00f3, m\u00e1sodsorban az ad\u00f3ss\u00e1gprobl\u00e9ma ig\u00e9nyel majd kezel\u00e9st, mindkett\u0151 a gazdas\u00e1gi b\u0151v\u00fcl\u00e9s \u00fctem\u00e9nek m\u00e9rs\u00e9kl\u0151d\u00e9s\u00e9vel j\u00e1rhat Nagy Katalin szerint.(MTI)<\/p>\n","protected":false},"excerpt":{"rendered":"<p>A Kopint-T\u00e1rki ny\u00e1ron jelzett 5-5,5 sz\u00e1zal\u00e9k helyett j\u00f3val nagyobb, 6,8 sz\u00e1zal\u00e9kos GDP-n\u00f6veked\u00e9st v\u00e1r az id\u00e9n &#8211; ismertette Pal\u00f3cz \u00c9va vez\u00e9rigazgat\u00f3 a kutat\u00f3int\u00e9zet legfrissebb konjunkt\u00farajelent\u00e9s\u00e9t p\u00e9nteken.<\/p>\n","protected":false},"author":1001006,"featured_media":0,"comment_status":"open","ping_status":"open","sticky":false,"template":"","format":"standard","meta":[],"categories":[19],"tags":[],"_links":{"self":[{"href":"https:\/\/gazdasagportal.hu\/index.php\/wp-json\/wp\/v2\/posts\/138141"}],"collection":[{"href":"https:\/\/gazdasagportal.hu\/index.php\/wp-json\/wp\/v2\/posts"}],"about":[{"href":"https:\/\/gazdasagportal.hu\/index.php\/wp-json\/wp\/v2\/types\/post"}],"author":[{"embeddable":true,"href":"https:\/\/gazdasagportal.hu\/index.php\/wp-json\/wp\/v2\/users\/1001006"}],"replies":[{"embeddable":true,"href":"https:\/\/gazdasagportal.hu\/index.php\/wp-json\/wp\/v2\/comments?post=138141"}],"version-history":[{"count":1,"href":"https:\/\/gazdasagportal.hu\/index.php\/wp-json\/wp\/v2\/posts\/138141\/revisions"}],"predecessor-version":[{"id":138142,"href":"https:\/\/gazdasagportal.hu\/index.php\/wp-json\/wp\/v2\/posts\/138141\/revisions\/138142"}],"wp:attachment":[{"href":"https:\/\/gazdasagportal.hu\/index.php\/wp-json\/wp\/v2\/media?parent=138141"}],"wp:term":[{"taxonomy":"category","embeddable":true,"href":"https:\/\/gazdasagportal.hu\/index.php\/wp-json\/wp\/v2\/categories?post=138141"},{"taxonomy":"post_tag","embeddable":true,"href":"https:\/\/gazdasagportal.hu\/index.php\/wp-json\/wp\/v2\/tags?post=138141"}],"curies":[{"name":"wp","href":"https:\/\/api.w.org\/{rel}","templated":true}]}}