{"id":138124,"date":"2021-10-07T14:27:18","date_gmt":"2021-10-07T12:27:18","guid":{"rendered":"https:\/\/gazdasagportal.hu\/?p=138124"},"modified":"2021-10-07T14:27:18","modified_gmt":"2021-10-07T12:27:18","slug":"boviti-uzemanyagcella-gyarto-kapacitasat-a-hyundai-mobis","status":"publish","type":"post","link":"https:\/\/gazdasagportal.hu\/index.php\/boviti-uzemanyagcella-gyarto-kapacitasat-a-hyundai-mobis\/","title":{"rendered":"B\u0151v\u00edti \u00fczemanyagcella-gy\u00e1rt\u00f3 kapacit\u00e1s\u00e1t a Hyundai Mobis"},"content":{"rendered":"<p><strong>Egymilli\u00e1rd doll\u00e1rt inveszt\u00e1l az \u00fczemanyagcell\u00e1s gy\u00e1rt\u00e1si kapacit\u00e1s\u00e1nak b\u0151v\u00edt\u00e9s\u00e9be a d\u00e9l-koreai Hyundai Mobis aut\u00f3ipari besz\u00e1ll\u00edt\u00f3 v\u00e1llalat.<\/strong><!--more--><\/p>\n<div class=\"ads-in-post2\"><script async src=\"https:\/\/pagead2.googlesyndication.com\/pagead\/js\/adsbygoogle.js\"><\/script>\r\n<ins class=\"adsbygoogle\"\r\n     style=\"display:block\"\r\n     data-ad-format=\"fluid\"\r\n     data-ad-layout-key=\"-6t+ed+2i-1n-4w\"\r\n     data-ad-client=\"ca-pub-1959107119989764\"\r\n     data-ad-slot=\"4008251320\"><\/ins>\r\n<script>\r\n     (adsbygoogle = window.adsbygoogle || []).push({});\r\n<\/script><\/div>\n<p>    A Hyundai Mobis 1,3 ezer milli\u00e1rd wont (1,09 milli\u00e1rd doll\u00e1rt) ford\u00edt k\u00e9t \u00faj \u00fczem l\u00e9tes\u00edt\u00e9s\u00e9re hidrog\u00e9nalap\u00fa \u00fczemanyagcell\u00e1k gy\u00e1rt\u00e1s\u00e1ra. Az egyik \u00fczem, a Sz\u00f6ult\u00f3l nyugatra fekv\u0151 Incheon v\u00e1rosban \u00fczemanyagcell\u00e1kat fog gy\u00e1rtani, a m\u00e1sik \u00fczem Ulsanban az \u00fczemanyagcell\u00e1s hajt\u00e1sl\u00e1ncokat \u00e1ll\u00edtja majd el\u0151. Az \u00fczem 100 ezer a Hyundai Motor Group \u00e1ltal gy\u00e1rtott j\u00e1rm\u0171 hajt\u00e1si l\u00e1nc\u00e1t \u00e1ll\u00edtja majd el\u0151 \u00e9vente \u00e9s 2023-ban kezdi meg a termel\u00e9st. A Hyundai Mobis jelenlegi \u00fczemanyagcella gy\u00e1rt\u00f3 \u00fczeme \u00e9vi 23 ezer meghajt\u00f3 egys\u00e9get \u00e1ll\u00edt el\u0151.<br \/>\n    A Hyundai Motor jelenleg Nexo m\u00e1rkan\u00e9v alatt gy\u00e1rt hidrog\u00e9n \u00fczemanyagcell\u00e1s szem\u00e9lyg\u00e9pkocsit. Az \u00fczemanyagcell\u00e1s meghajt\u00e1st az aut\u00f3gy\u00e1r 2028-ra kiterjeszti az \u00f6sszes haszong\u00e9pj\u00e1rm\u0171 modellj\u00e9re, bele\u00e9rtve a neh\u00e9z teherg\u00e9pj\u00e1rm\u0171veket, aut\u00f3buszokat \u00e9s munkag\u00e9peket. A Hyundai vezet\u0151 szerepre k\u00edv\u00e1n szert tenni a hidrog\u00e9nhajt\u00e1s\u00fa \u00fczemanyagcell\u00e1s j\u00e1rm\u0171vek vil\u00e1gpiac\u00e1n.<br \/>\n<div class=\"ads-in-post2\"><script async src=\"https:\/\/pagead2.googlesyndication.com\/pagead\/js\/adsbygoogle.js\"><\/script>\r\n<ins class=\"adsbygoogle\"\r\n     style=\"display:block\"\r\n     data-ad-format=\"fluid\"\r\n     data-ad-layout-key=\"-6t+ed+2i-1n-4w\"\r\n     data-ad-client=\"ca-pub-1959107119989764\"\r\n     data-ad-slot=\"4008251320\"><\/ins>\r\n<script>\r\n     (adsbygoogle = window.adsbygoogle || []).push({});\r\n<\/script><\/div>\n    Az \u00fczemanyagcell\u00e1s termel\u00e9si kapacit\u00e1s megn\u00f6vel\u00e9s\u00e9r\u0151l hozott d\u00f6nt\u00e9ssel a v\u00e1llalat el\u00e9be ment a hajt\u00e1si rendszer ir\u00e1nt v\u00e1rhat\u00f3an n\u00f6veked\u00e9snek indul\u00f3 keresletnek &#8211; \u00edrja a Hyundai Mobis k\u00f6zlem\u00e9nye.(MTI)<\/p>\n","protected":false},"excerpt":{"rendered":"<p>Egymilli\u00e1rd doll\u00e1rt inveszt\u00e1l az \u00fczemanyagcell\u00e1s gy\u00e1rt\u00e1si kapacit\u00e1s\u00e1nak b\u0151v\u00edt\u00e9s\u00e9be a d\u00e9l-koreai Hyundai Mobis aut\u00f3ipari besz\u00e1ll\u00edt\u00f3 v\u00e1llalat.<\/p>\n","protected":false},"author":1001005,"featured_media":0,"comment_status":"open","ping_status":"open","sticky":false,"template":"","format":"standard","meta":[],"categories":[19,246],"tags":[],"_links":{"self":[{"href":"https:\/\/gazdasagportal.hu\/index.php\/wp-json\/wp\/v2\/posts\/138124"}],"collection":[{"href":"https:\/\/gazdasagportal.hu\/index.php\/wp-json\/wp\/v2\/posts"}],"about":[{"href":"https:\/\/gazdasagportal.hu\/index.php\/wp-json\/wp\/v2\/types\/post"}],"author":[{"embeddable":true,"href":"https:\/\/gazdasagportal.hu\/index.php\/wp-json\/wp\/v2\/users\/1001005"}],"replies":[{"embeddable":true,"href":"https:\/\/gazdasagportal.hu\/index.php\/wp-json\/wp\/v2\/comments?post=138124"}],"version-history":[{"count":1,"href":"https:\/\/gazdasagportal.hu\/index.php\/wp-json\/wp\/v2\/posts\/138124\/revisions"}],"predecessor-version":[{"id":138125,"href":"https:\/\/gazdasagportal.hu\/index.php\/wp-json\/wp\/v2\/posts\/138124\/revisions\/138125"}],"wp:attachment":[{"href":"https:\/\/gazdasagportal.hu\/index.php\/wp-json\/wp\/v2\/media?parent=138124"}],"wp:term":[{"taxonomy":"category","embeddable":true,"href":"https:\/\/gazdasagportal.hu\/index.php\/wp-json\/wp\/v2\/categories?post=138124"},{"taxonomy":"post_tag","embeddable":true,"href":"https:\/\/gazdasagportal.hu\/index.php\/wp-json\/wp\/v2\/tags?post=138124"}],"curies":[{"name":"wp","href":"https:\/\/api.w.org\/{rel}","templated":true}]}}