{"id":138094,"date":"2021-10-05T08:44:37","date_gmt":"2021-10-05T06:44:37","guid":{"rendered":"https:\/\/gazdasagportal.hu\/?p=138094"},"modified":"2021-10-05T08:44:37","modified_gmt":"2021-10-05T06:44:37","slug":"tozsdenyitas-elott-iranykereskedessel-indulhat-a-kereskedes-az-elemzo-szerint-2","status":"publish","type":"post","link":"https:\/\/gazdasagportal.hu\/index.php\/tozsdenyitas-elott-iranykereskedessel-indulhat-a-kereskedes-az-elemzo-szerint-2\/","title":{"rendered":"T\u0151zsdenyit\u00e1s el\u0151tt &#8211; Ir\u00e1nykeresked\u00e9ssel indulhat a keresked\u00e9s az elemz\u0151 szerint"},"content":{"rendered":"<p><strong>Ir\u00e1nykeres\u00e9ssel indulhat a keresked\u00e9s a Budapesti \u00c9rt\u00e9kt\u0151zsd\u00e9n (B\u00c9T) kedden, a nemzetk\u00f6zi befektet\u0151i hangulat bizonytalan az Equilor Befektet\u00e9si Zrt. senior elemz\u0151je szerint.<\/strong><!--more--><\/p>\n<div class=\"ads-in-post2\"><script async src=\"https:\/\/pagead2.googlesyndication.com\/pagead\/js\/adsbygoogle.js\"><\/script>\r\n<ins class=\"adsbygoogle\"\r\n     style=\"display:block\"\r\n     data-ad-format=\"fluid\"\r\n     data-ad-layout-key=\"-6t+ed+2i-1n-4w\"\r\n     data-ad-client=\"ca-pub-1959107119989764\"\r\n     data-ad-slot=\"4008251320\"><\/ins>\r\n<script>\r\n     (adsbygoogle = window.adsbygoogle || []).push({});\r\n<\/script><\/div>\n<p>    Varga Zolt\u00e1n az MTI-nek k\u00fcld\u00f6tt komment\u00e1rj\u00e1ban felid\u00e9zte, korrekci\u00f3 indult a hazai r\u00e9szv\u00e9nypiacon, a t\u00f6bbnapos emelked\u00e9s ut\u00e1n a h\u00e9tf\u0151i keresked\u00e9sben n\u00e9mi profitrealiz\u00e1l\u00e1s l\u00e1tszott, \u00e9s v\u00e1rhat\u00f3an kedden sem lesz hat\u00e1rozott ir\u00e1ny.<br \/>\n    A vezet\u0151 r\u00e9szv\u00e9nyek k\u00f6z\u00fcl az OTP pontosan el\u00e9rte a kor\u00e1bban be\u00e1ll\u00edtott t\u00f6rt\u00e9nelmi maximumot 18 800 forintn\u00e1l, de nem tudta \u00e1tt\u00f6rni, onnan korrekci\u00f3 indult, t\u00e1maszok 18 500 forintn\u00e1l, majd 18 ezer forintn\u00e1l h\u00faz\u00f3dnak. A Mol az emelked\u0151 olaj\u00e1rakkal t\u00e1mogatva tov\u00e1bb kapaszkodott felfel\u00e9, a k\u00f6vetkez\u0151 ellen\u00e1ll\u00e1s 2620 forint k\u00f6zel\u00e9ben h\u00faz\u00f3dik.<br \/>\n    A Richter nem tudott a 8550 forintos szint felett maradni, \u00edgy az tov\u00e1bbra is ellen\u00e1ll\u00e1si szintet k\u00e9pez, t\u00e1masz pedig 8300 forint k\u00f6zel\u00e9ben tal\u00e1lhat\u00f3. A Magyar Telekom \u00e1rfolyama tov\u00e1bbra is a 420-430 forintos szintek k\u00f6z\u00f6tt mozoghat &#8211; jelezte a szak\u00e9rt\u0151.<br \/>\n<div class=\"ads-in-post2\"><script async src=\"https:\/\/pagead2.googlesyndication.com\/pagead\/js\/adsbygoogle.js\"><\/script>\r\n<ins class=\"adsbygoogle\"\r\n     style=\"display:block\"\r\n     data-ad-format=\"fluid\"\r\n     data-ad-layout-key=\"-6t+ed+2i-1n-4w\"\r\n     data-ad-client=\"ca-pub-1959107119989764\"\r\n     data-ad-slot=\"4008251320\"><\/ins>\r\n<script>\r\n     (adsbygoogle = window.adsbygoogle || []).push({});\r\n<\/script><\/div>\n    A Budapesti \u00c9rt\u00e9kt\u0151zsde r\u00e9szv\u00e9nyindexe, a BUX 354,86 pontos, 0,66 sz\u00e1zal\u00e9kos cs\u00f6kken\u00e9ssel, 53 234,94 ponton z\u00e1rt h\u00e9tf\u0151n, a r\u00e9szv\u00e9nypiac forgalma 11,6 milli\u00e1rd forint volt. A Mol 12 forinttal, 0,46 sz\u00e1zal\u00e9kkal 2606 forintra er\u0151s\u00f6d\u00f6tt, 2,7 milli\u00e1rd forintos forgalomban. Az OTP-r\u00e9szv\u00e9nyek \u00e1ra 190 forinttal, 1,02 sz\u00e1zal\u00e9kkal 18 490 forintra cs\u00f6kkent, forgalmuk 6,2 milli\u00e1rd forintot tett ki. A Magyar Telekom \u00e1rfolyama 3,5 forinttal, 0,83 sz\u00e1zal\u00e9kkal 425 forintra n\u0151tt, forgalma 239,6 milli\u00f3 forint volt. A Richter-pap\u00edrok \u00e1rfolyama 145 forinttal, 1,69 sz\u00e1zal\u00e9kkal 8425 forintra esett, a r\u00e9szv\u00e9nyek forgalma 2,1 milli\u00e1rd forintot \u00e9rt el.(MTI)<\/p>\n","protected":false},"excerpt":{"rendered":"<p>Ir\u00e1nykeres\u00e9ssel indulhat a keresked\u00e9s a Budapesti \u00c9rt\u00e9kt\u0151zsd\u00e9n (B\u00c9T) kedden, a nemzetk\u00f6zi befektet\u0151i hangulat bizonytalan az Equilor Befektet\u00e9si Zrt. senior elemz\u0151je szerint.<\/p>\n","protected":false},"author":1001005,"featured_media":0,"comment_status":"open","ping_status":"open","sticky":false,"template":"","format":"standard","meta":[],"categories":[7],"tags":[],"_links":{"self":[{"href":"https:\/\/gazdasagportal.hu\/index.php\/wp-json\/wp\/v2\/posts\/138094"}],"collection":[{"href":"https:\/\/gazdasagportal.hu\/index.php\/wp-json\/wp\/v2\/posts"}],"about":[{"href":"https:\/\/gazdasagportal.hu\/index.php\/wp-json\/wp\/v2\/types\/post"}],"author":[{"embeddable":true,"href":"https:\/\/gazdasagportal.hu\/index.php\/wp-json\/wp\/v2\/users\/1001005"}],"replies":[{"embeddable":true,"href":"https:\/\/gazdasagportal.hu\/index.php\/wp-json\/wp\/v2\/comments?post=138094"}],"version-history":[{"count":1,"href":"https:\/\/gazdasagportal.hu\/index.php\/wp-json\/wp\/v2\/posts\/138094\/revisions"}],"predecessor-version":[{"id":138095,"href":"https:\/\/gazdasagportal.hu\/index.php\/wp-json\/wp\/v2\/posts\/138094\/revisions\/138095"}],"wp:attachment":[{"href":"https:\/\/gazdasagportal.hu\/index.php\/wp-json\/wp\/v2\/media?parent=138094"}],"wp:term":[{"taxonomy":"category","embeddable":true,"href":"https:\/\/gazdasagportal.hu\/index.php\/wp-json\/wp\/v2\/categories?post=138094"},{"taxonomy":"post_tag","embeddable":true,"href":"https:\/\/gazdasagportal.hu\/index.php\/wp-json\/wp\/v2\/tags?post=138094"}],"curies":[{"name":"wp","href":"https:\/\/api.w.org\/{rel}","templated":true}]}}