{"id":138025,"date":"2021-09-29T09:43:11","date_gmt":"2021-09-29T07:43:11","guid":{"rendered":"https:\/\/gazdasagportal.hu\/?p=138025"},"modified":"2021-09-29T09:43:11","modified_gmt":"2021-09-29T07:43:11","slug":"uj-ugyvezeto-a-praktikernel","status":"publish","type":"post","link":"https:\/\/gazdasagportal.hu\/index.php\/uj-ugyvezeto-a-praktikernel\/","title":{"rendered":"\u00daj \u00fcgyvezet\u0151 a Praktikern\u00e9l"},"content":{"rendered":"<p><strong>P\u00e1rtos Zsoltot nevezt\u00e9k ki a Praktiker \u00faj \u00fcgyvezet\u0151 igazgat\u00f3j\u00e1nak, a k\u00f6zgazd\u00e1sz szakember az \u00faj poz\u00edci\u00f3j\u00e1ban felel\u0151s a Praktiker \u00c1ruh\u00e1zl\u00e1nc teljes magyarorsz\u00e1gi m\u0171k\u00f6d\u00e9s\u00e9rt, illetve feladata a j\u00f6v\u0151beni n\u00f6veked\u00e9s felt\u00e9teleinek megteremt\u00e9se.<\/strong><!--more--><\/p>\n<div class=\"ads-in-post2\"><script async src=\"https:\/\/pagead2.googlesyndication.com\/pagead\/js\/adsbygoogle.js\"><\/script>\r\n<ins class=\"adsbygoogle\"\r\n     style=\"display:block\"\r\n     data-ad-format=\"fluid\"\r\n     data-ad-layout-key=\"-6t+ed+2i-1n-4w\"\r\n     data-ad-client=\"ca-pub-1959107119989764\"\r\n     data-ad-slot=\"4008251320\"><\/ins>\r\n<script>\r\n     (adsbygoogle = window.adsbygoogle || []).push({});\r\n<\/script><\/div>\n2021 szeptember 27-t\u0151l P\u00e1rtos Zsolt szem\u00e9ly\u00e9ben \u00faj \u00fcgyvezet\u0151je lett a Praktiker \u00c9p\u00edt\u00e9si \u00e9s Bark\u00e1cspiacok Kft.-nek, amely a Wallis Csoport r\u00e9szek\u00e9nt, magyar tulajdonban m\u0171k\u00f6dik 2016 \u00f3ta. P\u00e1rtos Zsolt egy\u00fcttesen vezeti majd a t\u00e1rsas\u00e1got 2022. janu\u00e1r 31-ig Karl-Heinz Keth \u00fcgyvezet\u0151vel, akinek karizmatikus szem\u00e9lye \u00e9s sok \u00e9vtizedes oper\u00e1ci\u00f3s tapasztalata meghat\u00e1roz\u00f3 t\u00e9nyez\u0151je volt a Praktiker \u00e9vek \u00f3ta tart\u00f3 dinamikus fejl\u0151d\u00e9s\u00e9nek, s saj\u00e1t d\u00f6nt\u00e9se \u00e9rtelm\u00e9ben lez\u00e1rja akt\u00edv p\u00e1lyafut\u00e1s\u00e1t \u00e9s nyugd\u00edjba vonul.<\/p>\n<p>Az \u00faj vezet\u0151 jelent\u0151s nemzetk\u00f6zi \u00e9s hazai tapasztalattal rendelkezik a kiskereskedelmi szektorban a strat\u00e9gia \u00e9s a digitaliz\u00e1ci\u00f3 ter\u00fclet\u00e9n, kinevez\u00e9se nem csak \u00faj t\u00e1vlatokat nyit, de seg\u00edti a meg\u00fajul\u00e1st \u00e9s a piaci poz\u00edci\u00f3k tov\u00e1bbi er\u0151s\u00edt\u00e9s\u00e9t is a 20 magyarorsz\u00e1gi bark\u00e1cs\u00e1ruh\u00e1zzal rendelkez\u0151 Praktiker sz\u00e1m\u00e1ra. A Praktiker el\u0151tt mintegy h\u00fasz \u00e9ven \u00e1t dolgozott a Tesco Glob\u00e1l \u00c1ruh\u00e1zak Zrt.-n\u00e9l k\u00fcl\u00f6nb\u00f6z\u0151 vezet\u0151i poz\u00edci\u00f3kban, 2017-2021 k\u00f6z\u00f6tt \u00fcgyvezet\u0151k\u00e9nt. K\u00f6zgazd\u00e1szk\u00e9nt diplom\u00e1zott 1995-ben, majd 2002-ben MBA diplom\u00e1t szerzett. Mintegy 25 \u00e9ves p\u00e1lyafut\u00e1sa sor\u00e1n Franciaorsz\u00e1gban, Angli\u00e1ban, T\u00f6r\u00f6korsz\u00e1gban \u00e9s a k\u00f6z\u00e9p-kelet eur\u00f3pai r\u00e9gi\u00f3 sz\u00e1mos orsz\u00e1g\u00e1ban dolgozott vezet\u0151 kiskereskedelmi v\u00e1llalatokn\u00e1l az \u00e9rt\u00e9kes\u00edt\u00e9s \u00e9s a beszerz\u00e9s ter\u00fcletein.<\/p>\n<div class=\"ads-in-post2\"><script async src=\"https:\/\/pagead2.googlesyndication.com\/pagead\/js\/adsbygoogle.js\"><\/script>\r\n<ins class=\"adsbygoogle\"\r\n     style=\"display:block\"\r\n     data-ad-format=\"fluid\"\r\n     data-ad-layout-key=\"-6t+ed+2i-1n-4w\"\r\n     data-ad-client=\"ca-pub-1959107119989764\"\r\n     data-ad-slot=\"4008251320\"><\/ins>\r\n<script>\r\n     (adsbygoogle = window.adsbygoogle || []).push({});\r\n<\/script><\/div>\n\u201eA Praktiker egy j\u00f3l ismert m\u00e1rka, amely egyet jelent a szak\u00e9rtelemmel \u00e9s a min\u0151s\u00e9gi term\u00e9kk\u00edn\u00e1lattal. Nagy v\u00e1rakoz\u00e1ssal tekintek a k\u00f6z\u00f6s munk\u00e1ra a Praktikerrel, ahol a koll\u00e9g\u00e1k m\u00e1r sokszor megmutatt\u00e1k, hogy egy elk\u00f6telezett, szak\u00e9rt\u0151 csapat mindig a v\u00e1s\u00e1rl\u00f3kat helyezi a k\u00f6zpontba. Rem\u00e9lem, hogy sokat tanulok t\u0151l\u00fck!\u201d \u2013 hangs\u00falyozta P\u00e1rtos Zsolt.<\/p>\n<p>Szabadidej\u00e9ben k\u00e9t fi\u00e1val sokat \u00faszik, ker\u00e9kp\u00e1rozik \u00e9s s\u00edel; hobbija a vitorl\u00e1z\u00e1s.<\/p><div id=\"gazda-1004087713\" class=\"gazda-tartalomban gazda-entity-placement\"><script async src=\"https:\/\/pagead2.googlesyndication.com\/pagead\/js\/adsbygoogle.js\"><\/script>\r\n<ins class=\"adsbygoogle\"\r\n     style=\"display:block\"\r\n     data-ad-format=\"fluid\"\r\n     data-ad-layout-key=\"-6t+ed+2i-1n-4w\"\r\n     data-ad-client=\"ca-pub-1959107119989764\"\r\n     data-ad-slot=\"4008251320\"><\/ins>\r\n<script>\r\n     (adsbygoogle = window.adsbygoogle || []).push({});\r\n<\/script><\/div>\n<p>&nbsp;<\/p>\n<p><em>A Praktiker 20 \u00e1ruh\u00e1zzal rendelkezik Magyarorsz\u00e1gon, mintegy 130.000 n\u00e9gyzetm\u00e9ternyi \u00e9rt\u00e9kes\u00edt\u00e9si ter\u00fcletet m\u0171k\u00f6dtet, s csaknem 1700 embernek ad munk\u00e1t. Nett\u00f3 76,23 milli\u00e1rd forintos \u00e1rbev\u00e9telt \u00e9rt el 2020-ban. A bark\u00e1cspiacon a Praktiker 32-33 sz\u00e1zal\u00e9kos r\u00e9szesed\u00e9ssel a m\u00e1sodik legnagyobb szerepl\u0151. A Praktiker mintegy 340 besz\u00e1ll\u00edt\u00f3val dolgozik, a magyar besz\u00e1ll\u00edt\u00f3k ar\u00e1nya meghaladja a 85 sz\u00e1zal\u00e9kot.<\/em><\/p>\n","protected":false},"excerpt":{"rendered":"<p>P\u00e1rtos Zsoltot nevezt\u00e9k ki a Praktiker \u00faj \u00fcgyvezet\u0151 igazgat\u00f3j\u00e1nak, a k\u00f6zgazd\u00e1sz szakember az \u00faj poz\u00edci\u00f3j\u00e1ban felel\u0151s a Praktiker \u00c1ruh\u00e1zl\u00e1nc teljes magyarorsz\u00e1gi m\u0171k\u00f6d\u00e9s\u00e9rt, illetve feladata a j\u00f6v\u0151beni n\u00f6veked\u00e9s felt\u00e9teleinek megteremt\u00e9se.<\/p>\n","protected":false},"author":1001006,"featured_media":0,"comment_status":"open","ping_status":"open","sticky":false,"template":"","format":"standard","meta":[],"categories":[19],"tags":[],"_links":{"self":[{"href":"https:\/\/gazdasagportal.hu\/index.php\/wp-json\/wp\/v2\/posts\/138025"}],"collection":[{"href":"https:\/\/gazdasagportal.hu\/index.php\/wp-json\/wp\/v2\/posts"}],"about":[{"href":"https:\/\/gazdasagportal.hu\/index.php\/wp-json\/wp\/v2\/types\/post"}],"author":[{"embeddable":true,"href":"https:\/\/gazdasagportal.hu\/index.php\/wp-json\/wp\/v2\/users\/1001006"}],"replies":[{"embeddable":true,"href":"https:\/\/gazdasagportal.hu\/index.php\/wp-json\/wp\/v2\/comments?post=138025"}],"version-history":[{"count":1,"href":"https:\/\/gazdasagportal.hu\/index.php\/wp-json\/wp\/v2\/posts\/138025\/revisions"}],"predecessor-version":[{"id":138026,"href":"https:\/\/gazdasagportal.hu\/index.php\/wp-json\/wp\/v2\/posts\/138025\/revisions\/138026"}],"wp:attachment":[{"href":"https:\/\/gazdasagportal.hu\/index.php\/wp-json\/wp\/v2\/media?parent=138025"}],"wp:term":[{"taxonomy":"category","embeddable":true,"href":"https:\/\/gazdasagportal.hu\/index.php\/wp-json\/wp\/v2\/categories?post=138025"},{"taxonomy":"post_tag","embeddable":true,"href":"https:\/\/gazdasagportal.hu\/index.php\/wp-json\/wp\/v2\/tags?post=138025"}],"curies":[{"name":"wp","href":"https:\/\/api.w.org\/{rel}","templated":true}]}}