{"id":137963,"date":"2021-09-23T10:59:40","date_gmt":"2021-09-23T08:59:40","guid":{"rendered":"https:\/\/gazdasagportal.hu\/?p=137963"},"modified":"2021-09-23T10:59:40","modified_gmt":"2021-09-23T08:59:40","slug":"koronavirus-elhunyt-ket-beteg-526-uj-fertozottet-talaltak-magyarorszagon","status":"publish","type":"post","link":"https:\/\/gazdasagportal.hu\/index.php\/koronavirus-elhunyt-ket-beteg-526-uj-fertozottet-talaltak-magyarorszagon\/","title":{"rendered":"Koronav\u00edrus &#8211; Elhunyt k\u00e9t beteg, 526 \u00faj fert\u0151z\u00f6ttet tal\u00e1ltak Magyarorsz\u00e1gon"},"content":{"rendered":"<p><strong>K\u00e9t beteg meghalt \u00e9s \u00fajabb 526 magyar \u00e1llampolg\u00e1rn\u00e1l mutatt\u00e1k ki a koronav\u00edrus-fert\u0151z\u00e9st &#8211; k\u00f6z\u00f6lte a koronavirus.gov.hu cs\u00fct\u00f6rt\u00f6k\u00f6n, kiemelve: eddig 5 869 259 embert oltottak be Magyarorsz\u00e1gon, k\u00f6z\u00fcl\u00fck 5 600 425-en a m\u00e1sodik, 667 ezren pedig m\u00e1r a harmadik adag vakcin\u00e1t is megkapt\u00e1k.<\/strong><!--more--><\/p>\n<div class=\"ads-in-post2\"><script async src=\"https:\/\/pagead2.googlesyndication.com\/pagead\/js\/adsbygoogle.js\"><\/script>\r\n<ins class=\"adsbygoogle\"\r\n     style=\"display:block\"\r\n     data-ad-format=\"fluid\"\r\n     data-ad-layout-key=\"-6t+ed+2i-1n-4w\"\r\n     data-ad-client=\"ca-pub-1959107119989764\"\r\n     data-ad-slot=\"4008251320\"><\/ins>\r\n<script>\r\n     (adsbygoogle = window.adsbygoogle || []).push({});\r\n<\/script><\/div>\n<p>    A korm\u00e1nyzati port\u00e1lon azt \u00edrt\u00e1k: 819 547-re n\u0151tt a Magyarorsz\u00e1gon azonos\u00edtott fert\u0151z\u00f6ttek sz\u00e1ma. Az elhunytak sz\u00e1ma 30 145-re, a gy\u00f3gyultak\u00e9 781 442-re emelkedett.<br \/>\n    Az akt\u00edv fert\u0151z\u00f6ttek sz\u00e1ma 7960. K\u00f3rh\u00e1zban 411 koronav\u00edrusos beteget \u00e1polnak, k\u00f6z\u00fcl\u00fck 48-an vannak l\u00e9legeztet\u0151g\u00e9pen.<br \/>\n    Hat\u00f3s\u00e1gi h\u00e1zi karant\u00e9nban 5495-en vannak, a mintav\u00e9telek sz\u00e1ma 6 844 088.<br \/>\n    Kiemelt\u00e9k, hogy az \u00faj megbeteged\u00e9seket a delta v\u00edrusmut\u00e1ns okozza, a legnagyobb vesz\u00e9lyben pedig a beoltatlanok vannak, ez\u00e9rt k\u00e9rik \u0151ket, hogy regisztr\u00e1ljanak \u00e9s oltass\u00e1k be magukat miel\u0151bb.<br \/>\n    A beoltottak kevesebb mint egy sz\u00e1zal\u00e9ka betegszik meg, \u00e9s a betegs\u00e9g lefoly\u00e1sa az oltottakn\u00e1l \u00e1ltal\u00e1ban j\u00f3val enyh\u00e9bb.<br \/>\n    A magyar lakoss\u00e1g t\u00f6bbs\u00e9ge regisztr\u00e1lt v\u00e9d\u0151olt\u00e1sra &#8211; \u00e9s m\u00e1r be is oltott\u00e1k -, aki m\u00e9g nem, az tov\u00e1bbra is megteheti a www.vakcinainfo.gov.hu honlapon. A regisztr\u00e1ci\u00f3 ut\u00e1n a h\u00e1ziorvosn\u00e1l \u00e9s az interneten is lehet\u0151s\u00e9g van id\u0151pontot foglalni az olt\u00e1sra &#8211; t\u00e1j\u00e9koztattak.<br \/>\n<div class=\"ads-in-post2\"><script async src=\"https:\/\/pagead2.googlesyndication.com\/pagead\/js\/adsbygoogle.js\"><\/script>\r\n<ins class=\"adsbygoogle\"\r\n     style=\"display:block\"\r\n     data-ad-format=\"fluid\"\r\n     data-ad-layout-key=\"-6t+ed+2i-1n-4w\"\r\n     data-ad-client=\"ca-pub-1959107119989764\"\r\n     data-ad-slot=\"4008251320\"><\/ins>\r\n<script>\r\n     (adsbygoogle = window.adsbygoogle || []).push({});\r\n<\/script><\/div>\n    Kiemelt\u00e9k, hogy ezen a h\u00e9ten visszat\u00e9rnek az olt\u00f3orvosok az iskol\u00e1ba, hogy beadj\u00e1k a m\u00e1sodik vakcin\u00e1kat a tan\u00e9v elej\u00e9n beoltott di\u00e1koknak. Emellett ez a m\u00e9g beoltatlan 12 \u00e9v feletti di\u00e1kok sz\u00e1m\u00e1ra is \u00fajabb lehet\u0151s\u00e9g az olt\u00e1s felv\u00e9tel\u00e9re.<br \/>\n    K\u00f6z\u00f6lt\u00e9k azt is, hogy az \u00e1toltotts\u00e1g tov\u00e1bbi n\u00f6vel\u00e9se \u00e9s a koronav\u00edrus-fert\u0151z\u00e9s s\u00falyos lefoly\u00e1s\u00e1nak megel\u0151z\u00e9se \u00e9rdek\u00e9ben az internetes id\u0151pontfoglal\u00f3ban a hat\u00e1rid\u0151n t\u00fali, valamilyen okn\u00e1l fogva elmaradt m\u00e1sodik olt\u00e1sokra is lehet m\u00e1r id\u0151pontot foglalni.<br \/>\n    &#8222;Teh\u00e1t \u00edgy az is k\u00f6nnyen be tudja p\u00f3tolni a m\u00e1sodik olt\u00e1s\u00e1t, akinek m\u00e1r kor\u00e1bban fel kellett volna vennie azt, de elmulasztotta&#8221; &#8211; \u00edrt\u00e1k, hozz\u00e1t\u00e9ve: nekik az id\u0151pontfoglal\u00f3 ugyanazt a vakcin\u00e1t fogja felaj\u00e1nlani, amelyiket el\u0151sz\u00f6r kapt\u00e1k.<br \/>\n<div class=\"ads-in-post2\"><script async src=\"https:\/\/pagead2.googlesyndication.com\/pagead\/js\/adsbygoogle.js\"><\/script>\r\n<ins class=\"adsbygoogle\"\r\n     style=\"display:block\"\r\n     data-ad-format=\"fluid\"\r\n     data-ad-layout-key=\"-6t+ed+2i-1n-4w\"\r\n     data-ad-client=\"ca-pub-1959107119989764\"\r\n     data-ad-slot=\"4008251320\"><\/ins>\r\n<script>\r\n     (adsbygoogle = window.adsbygoogle || []).push({});\r\n<\/script><\/div>\n    Mint \u00edrt\u00e1k, a parlament kedden t\u00e1rgyalt a koronav\u00edrus-j\u00e1rv\u00e1ny miatt elrendelt vesz\u00e9lyhelyzet 2022. janu\u00e1r 1-j\u00e9ig t\u00f6rt\u00e9n\u0151 meghosszabb\u00edt\u00e1s\u00e1r\u00f3l, amire az\u00e9rt van sz\u00fcks\u00e9g, mert a j\u00e1rv\u00e1ny tov\u00e1bbra is jelen van, a delta v\u00edrusmut\u00e1ns haz\u00e1nkban is terjed, a sikeres v\u00e9dekez\u00e9s \u00e9rdek\u00e9ben a gyors cselekv\u0151k\u00e9pess\u00e9get tov\u00e1bbra is fenn kell tartani.<br \/>\n    A korm\u00e1ny megkezdte a nemzeti konzult\u00e1ci\u00f3b\u00f3l fakad\u00f3 d\u00f6nt\u00e9sek meghozatal\u00e1t is. A korm\u00e1ny alkotm\u00e1nyos v\u00e9delmet k\u00edv\u00e1n adni a csal\u00e1dt\u00e1mogat\u00e1soknak, a munk\u00e1t terhel\u0151 alacsonyabb ad\u00f3knak \u00e9s a nyugd\u00edjaknak. Emellett m\u00e1r dolgozik a gyermekes sz\u00fcl\u0151k ad\u00f3visszat\u00e9r\u00edt\u00e9s\u00e9nek r\u00e9szletszab\u00e1lyain is, \u00f6sszesen 1,9 milli\u00f3 sz\u00fcl\u0151 sz\u00e1m\u00e1ra mintegy 600 milli\u00e1rd forintos t\u00e1mogat\u00e1st jelent a bejelent\u00e9s &#8211; \u00e1ll a k\u00f6zlem\u00e9nyben.<br \/>\n<div class=\"ads-in-post2\"><script async src=\"https:\/\/pagead2.googlesyndication.com\/pagead\/js\/adsbygoogle.js\"><\/script>\r\n<ins class=\"adsbygoogle\"\r\n     style=\"display:block\"\r\n     data-ad-format=\"fluid\"\r\n     data-ad-layout-key=\"-6t+ed+2i-1n-4w\"\r\n     data-ad-client=\"ca-pub-1959107119989764\"\r\n     data-ad-slot=\"4008251320\"><\/ins>\r\n<script>\r\n     (adsbygoogle = window.adsbygoogle || []).push({});\r\n<\/script><\/div>\n    Az oldal t\u00e9rk\u00e9pe szerint eddig Budapesten (147 670) \u00e9s Pest megy\u00e9ben (113 854) regisztr\u00e1lt\u00e1k a legt\u00f6bb fert\u0151z\u00f6ttet. Ezt k\u00f6veti Borsod-Aba\u00faj-Zempl\u00e9n (47 341), Gy\u0151r-Moson-Sopron (44 934) \u00e9s Hajd\u00fa-Bihar megye (43 051). A fert\u0151z\u00e9sben legkev\u00e9sb\u00e9 \u00e9rintett megye tov\u00e1bbra is Tolna, 17 904 fert\u0151z\u00f6ttel.(MTI)<\/p>\n","protected":false},"excerpt":{"rendered":"<p>K\u00e9t beteg meghalt \u00e9s \u00fajabb 526 magyar \u00e1llampolg\u00e1rn\u00e1l mutatt\u00e1k ki a koronav\u00edrus-fert\u0151z\u00e9st &#8211; k\u00f6z\u00f6lte a koronavirus.gov.hu cs\u00fct\u00f6rt\u00f6k\u00f6n, kiemelve: eddig 5 869 259 embert oltottak be Magyarorsz\u00e1gon, k\u00f6z\u00fcl\u00fck 5 600 425-en a m\u00e1sodik, 667 ezren pedig m\u00e1r a harmadik adag vakcin\u00e1t is megkapt\u00e1k.<\/p>\n","protected":false},"author":1001005,"featured_media":0,"comment_status":"open","ping_status":"open","sticky":false,"template":"","format":"standard","meta":[],"categories":[427],"tags":[],"_links":{"self":[{"href":"https:\/\/gazdasagportal.hu\/index.php\/wp-json\/wp\/v2\/posts\/137963"}],"collection":[{"href":"https:\/\/gazdasagportal.hu\/index.php\/wp-json\/wp\/v2\/posts"}],"about":[{"href":"https:\/\/gazdasagportal.hu\/index.php\/wp-json\/wp\/v2\/types\/post"}],"author":[{"embeddable":true,"href":"https:\/\/gazdasagportal.hu\/index.php\/wp-json\/wp\/v2\/users\/1001005"}],"replies":[{"embeddable":true,"href":"https:\/\/gazdasagportal.hu\/index.php\/wp-json\/wp\/v2\/comments?post=137963"}],"version-history":[{"count":1,"href":"https:\/\/gazdasagportal.hu\/index.php\/wp-json\/wp\/v2\/posts\/137963\/revisions"}],"predecessor-version":[{"id":137964,"href":"https:\/\/gazdasagportal.hu\/index.php\/wp-json\/wp\/v2\/posts\/137963\/revisions\/137964"}],"wp:attachment":[{"href":"https:\/\/gazdasagportal.hu\/index.php\/wp-json\/wp\/v2\/media?parent=137963"}],"wp:term":[{"taxonomy":"category","embeddable":true,"href":"https:\/\/gazdasagportal.hu\/index.php\/wp-json\/wp\/v2\/categories?post=137963"},{"taxonomy":"post_tag","embeddable":true,"href":"https:\/\/gazdasagportal.hu\/index.php\/wp-json\/wp\/v2\/tags?post=137963"}],"curies":[{"name":"wp","href":"https:\/\/api.w.org\/{rel}","templated":true}]}}